{"id":25242,"date":"2023-12-01T12:37:02","date_gmt":"2023-12-01T12:37:02","guid":{"rendered":"https:\/\/5lo.lublin.pl\/?p=25242"},"modified":"2023-12-01T12:37:05","modified_gmt":"2023-12-01T12:37:05","slug":"dzien-tematyczny-2","status":"publish","type":"post","link":"https:\/\/5lo.lublin.pl\/?p=25242","title":{"rendered":"Dzie\u0144 tematyczny"},"content":{"rendered":"\n<p>W naszej szkole 16 listopada odby\u0142 si\u0119 dzie\u0144 postaci fantastycznych. Uczniowie przebierali si\u0119 za ulubionych bohater\u00f3w ksi\u0105\u017cek, film\u00f3w, bajek czy komiks\u00f3w, w ten spos\u00f3b urozmaicaj\u0105c szkoln\u0105 rzeczywisto\u015b\u0107. Akcja zosta\u0142a zorganizowana przez Samorz\u0105d Szkolny i by\u0142a to pierwsza tego rodzaju inicjatywa w tym roku szkolnym.\u00a0<\/p>\n\n\n\n<figure class=\"wp-block-gallery has-nested-images columns-default is-cropped wp-block-gallery-1 is-layout-flex wp-block-gallery-is-layout-flex\">\n<figure class=\"wp-block-image size-large\"><img loading=\"lazy\" decoding=\"async\" width=\"1024\" height=\"732\" data-id=\"25243\" src=\"https:\/\/5lo.lublin.pl\/wp-content\/uploads\/2023\/12\/IMG_0401-1024x732.jpeg\" alt=\"\" class=\"wp-image-25243\" srcset=\"https:\/\/5lo.lublin.pl\/wp-content\/uploads\/2023\/12\/IMG_0401-1024x732.jpeg 1024w, https:\/\/5lo.lublin.pl\/wp-content\/uploads\/2023\/12\/IMG_0401-300x214.jpeg 300w, https:\/\/5lo.lublin.pl\/wp-content\/uploads\/2023\/12\/IMG_0401-768x549.jpeg 768w, https:\/\/5lo.lublin.pl\/wp-content\/uploads\/2023\/12\/IMG_0401-1536x1098.jpeg 1536w, https:\/\/5lo.lublin.pl\/wp-content\/uploads\/2023\/12\/IMG_0401-2048x1464.jpeg 2048w\" sizes=\"(max-width: 1024px) 100vw, 1024px\" \/><\/figure>\n\n\n\n<figure class=\"wp-block-image size-large\"><img loading=\"lazy\" decoding=\"async\" width=\"1024\" height=\"683\" data-id=\"25246\" src=\"https:\/\/5lo.lublin.pl\/wp-content\/uploads\/2023\/12\/IMG_0402-1024x683.jpeg\" alt=\"\" class=\"wp-image-25246\" srcset=\"https:\/\/5lo.lublin.pl\/wp-content\/uploads\/2023\/12\/IMG_0402-1024x683.jpeg 1024w, https:\/\/5lo.lublin.pl\/wp-content\/uploads\/2023\/12\/IMG_0402-300x200.jpeg 300w, https:\/\/5lo.lublin.pl\/wp-content\/uploads\/2023\/12\/IMG_0402-768x512.jpeg 768w, https:\/\/5lo.lublin.pl\/wp-content\/uploads\/2023\/12\/IMG_0402-1536x1024.jpeg 1536w, https:\/\/5lo.lublin.pl\/wp-content\/uploads\/2023\/12\/IMG_0402-2048x1365.jpeg 2048w\" sizes=\"(max-width: 1024px) 100vw, 1024px\" \/><\/figure>\n\n\n\n<figure class=\"wp-block-image size-large\"><img loading=\"lazy\" decoding=\"async\" width=\"1024\" height=\"668\" data-id=\"25247\" src=\"https:\/\/5lo.lublin.pl\/wp-content\/uploads\/2023\/12\/IMG_0403-1024x668.jpeg\" alt=\"\" class=\"wp-image-25247\" srcset=\"https:\/\/5lo.lublin.pl\/wp-content\/uploads\/2023\/12\/IMG_0403-1024x668.jpeg 1024w, https:\/\/5lo.lublin.pl\/wp-content\/uploads\/2023\/12\/IMG_0403-300x196.jpeg 300w, https:\/\/5lo.lublin.pl\/wp-content\/uploads\/2023\/12\/IMG_0403-768x501.jpeg 768w, https:\/\/5lo.lublin.pl\/wp-content\/uploads\/2023\/12\/IMG_0403-1536x1002.jpeg 1536w, https:\/\/5lo.lublin.pl\/wp-content\/uploads\/2023\/12\/IMG_0403-2048x1336.jpeg 2048w\" sizes=\"(max-width: 1024px) 100vw, 1024px\" \/><\/figure>\n\n\n\n<figure class=\"wp-block-image size-large\"><img loading=\"lazy\" decoding=\"async\" width=\"1024\" height=\"683\" data-id=\"25244\" src=\"https:\/\/5lo.lublin.pl\/wp-content\/uploads\/2023\/12\/IMG_0404-1024x683.jpeg\" alt=\"\" class=\"wp-image-25244\" srcset=\"https:\/\/5lo.lublin.pl\/wp-content\/uploads\/2023\/12\/IMG_0404-1024x683.jpeg 1024w, https:\/\/5lo.lublin.pl\/wp-content\/uploads\/2023\/12\/IMG_0404-300x200.jpeg 300w, https:\/\/5lo.lublin.pl\/wp-content\/uploads\/2023\/12\/IMG_0404-768x512.jpeg 768w, https:\/\/5lo.lublin.pl\/wp-content\/uploads\/2023\/12\/IMG_0404-1536x1024.jpeg 1536w, https:\/\/5lo.lublin.pl\/wp-content\/uploads\/2023\/12\/IMG_0404-2048x1365.jpeg 2048w\" sizes=\"(max-width: 1024px) 100vw, 1024px\" \/><\/figure>\n\n\n\n<figure class=\"wp-block-image size-large\"><img loading=\"lazy\" decoding=\"async\" width=\"1024\" height=\"677\" data-id=\"25245\" src=\"https:\/\/5lo.lublin.pl\/wp-content\/uploads\/2023\/12\/IMG_0405-1024x677.jpeg\" alt=\"\" class=\"wp-image-25245\" srcset=\"https:\/\/5lo.lublin.pl\/wp-content\/uploads\/2023\/12\/IMG_0405-1024x677.jpeg 1024w, https:\/\/5lo.lublin.pl\/wp-content\/uploads\/2023\/12\/IMG_0405-300x198.jpeg 300w, https:\/\/5lo.lublin.pl\/wp-content\/uploads\/2023\/12\/IMG_0405-768x508.jpeg 768w, https:\/\/5lo.lublin.pl\/wp-content\/uploads\/2023\/12\/IMG_0405-1536x1016.jpeg 1536w, https:\/\/5lo.lublin.pl\/wp-content\/uploads\/2023\/12\/IMG_0405-2048x1355.jpeg 2048w\" sizes=\"(max-width: 1024px) 100vw, 1024px\" \/><\/figure>\n\n\n\n<figure class=\"wp-block-image size-large\"><img loading=\"lazy\" decoding=\"async\" width=\"1024\" height=\"693\" data-id=\"25248\" src=\"https:\/\/5lo.lublin.pl\/wp-content\/uploads\/2023\/12\/IMG_0406-1024x693.jpeg\" alt=\"\" class=\"wp-image-25248\" srcset=\"https:\/\/5lo.lublin.pl\/wp-content\/uploads\/2023\/12\/IMG_0406-1024x693.jpeg 1024w, https:\/\/5lo.lublin.pl\/wp-content\/uploads\/2023\/12\/IMG_0406-300x203.jpeg 300w, https:\/\/5lo.lublin.pl\/wp-content\/uploads\/2023\/12\/IMG_0406-768x520.jpeg 768w, https:\/\/5lo.lublin.pl\/wp-content\/uploads\/2023\/12\/IMG_0406-1536x1039.jpeg 1536w, https:\/\/5lo.lublin.pl\/wp-content\/uploads\/2023\/12\/IMG_0406-2048x1386.jpeg 2048w\" sizes=\"(max-width: 1024px) 100vw, 1024px\" \/><\/figure>\n<\/figure>\n","protected":false},"excerpt":{"rendered":"<p>W naszej szkole 16 listopada odby\u0142 si\u0119 dzie\u0144 postaci fantastycznych. Uczniowie przebierali si\u0119 za ulubionych bohater\u00f3w ksi\u0105\u017cek, film\u00f3w, bajek czy komiks\u00f3w, w ten spos\u00f3b urozmaicaj\u0105c szkoln\u0105 rzeczywisto\u015b\u0107. Akcja zosta\u0142a zorganizowana przez Samorz\u0105d Szkolny i by\u0142a to pierwsza tego rodzaju inicjatywa w tym roku szkolnym.\u00a0<\/p>\n","protected":false},"author":29,"featured_media":25243,"comment_status":"closed","ping_status":"open","sticky":false,"template":"","format":"standard","meta":{"footnotes":""},"categories":[1,133],"tags":[],"_links":{"self":[{"href":"https:\/\/5lo.lublin.pl\/index.php?rest_route=\/wp\/v2\/posts\/25242"}],"collection":[{"href":"https:\/\/5lo.lublin.pl\/index.php?rest_route=\/wp\/v2\/posts"}],"about":[{"href":"https:\/\/5lo.lublin.pl\/index.php?rest_route=\/wp\/v2\/types\/post"}],"author":[{"embeddable":true,"href":"https:\/\/5lo.lublin.pl\/index.php?rest_route=\/wp\/v2\/users\/29"}],"replies":[{"embeddable":true,"href":"https:\/\/5lo.lublin.pl\/index.php?rest_route=%2Fwp%2Fv2%2Fcomments&post=25242"}],"version-history":[{"count":1,"href":"https:\/\/5lo.lublin.pl\/index.php?rest_route=\/wp\/v2\/posts\/25242\/revisions"}],"predecessor-version":[{"id":25250,"href":"https:\/\/5lo.lublin.pl\/index.php?rest_route=\/wp\/v2\/posts\/25242\/revisions\/25250"}],"wp:featuredmedia":[{"embeddable":true,"href":"https:\/\/5lo.lublin.pl\/index.php?rest_route=\/wp\/v2\/media\/25243"}],"wp:attachment":[{"href":"https:\/\/5lo.lublin.pl\/index.php?rest_route=%2Fwp%2Fv2%2Fmedia&parent=25242"}],"wp:term":[{"taxonomy":"category","embeddable":true,"href":"https:\/\/5lo.lublin.pl\/index.php?rest_route=%2Fwp%2Fv2%2Fcategories&post=25242"},{"taxonomy":"post_tag","embeddable":true,"href":"https:\/\/5lo.lublin.pl\/index.php?rest_route=%2Fwp%2Fv2%2Ftags&post=25242"}],"curies":[{"name":"wp","href":"https:\/\/api.w.org\/{rel}","templated":true}]}}