{"id":25234,"date":"2023-12-01T12:31:08","date_gmt":"2023-12-01T12:31:08","guid":{"rendered":"https:\/\/5lo.lublin.pl\/?p=25234"},"modified":"2023-12-01T12:31:12","modified_gmt":"2023-12-01T12:31:12","slug":"turniej-szachowy","status":"publish","type":"post","link":"https:\/\/5lo.lublin.pl\/?p=25234","title":{"rendered":"Turniej szachowy\u00a0"},"content":{"rendered":"\n<p>W dniu 14 listopada, w kt\u00f3rym rozegrano eliminacje do licealiady szachowej, g\u00f3rna sala gimnastyczna zamieni\u0142a si\u0119 w aren\u0119, gdzie dusze szachist\u00f3w ta\u0144czy\u0142y na szachownicach. Krok za krokiem, ruch za ruchem \u2013 uczniowie walczyli nie tylko o punkty, ale o swoje miejsce w historii szkolnego szachowego triumfu. Atmosfera napi\u0119cia, skoncentrowanych spojrze\u0144 i triumf\u00f3w emocji sprawi\u0142a, \u017ce ten dzie\u0144 pozostanie w naszych sercach jako niezapomniana symfonia szachowej pasji!<\/p>\n\n\n\n<figure class=\"wp-block-gallery has-nested-images columns-default is-cropped wp-block-gallery-1 is-layout-flex wp-block-gallery-is-layout-flex\">\n<figure class=\"wp-block-image size-large\"><img loading=\"lazy\" decoding=\"async\" width=\"1024\" height=\"683\" data-id=\"25240\" src=\"https:\/\/5lo.lublin.pl\/wp-content\/uploads\/2023\/12\/IMG_0409-1024x683.jpeg\" alt=\"\" class=\"wp-image-25240\" srcset=\"https:\/\/5lo.lublin.pl\/wp-content\/uploads\/2023\/12\/IMG_0409-1024x683.jpeg 1024w, https:\/\/5lo.lublin.pl\/wp-content\/uploads\/2023\/12\/IMG_0409-300x200.jpeg 300w, https:\/\/5lo.lublin.pl\/wp-content\/uploads\/2023\/12\/IMG_0409-768x512.jpeg 768w, https:\/\/5lo.lublin.pl\/wp-content\/uploads\/2023\/12\/IMG_0409-1536x1024.jpeg 1536w, https:\/\/5lo.lublin.pl\/wp-content\/uploads\/2023\/12\/IMG_0409.jpeg 2048w\" sizes=\"(max-width: 1024px) 100vw, 1024px\" \/><\/figure>\n\n\n\n<figure class=\"wp-block-image size-large\"><img loading=\"lazy\" decoding=\"async\" width=\"1024\" height=\"683\" data-id=\"25235\" src=\"https:\/\/5lo.lublin.pl\/wp-content\/uploads\/2023\/12\/IMG_0410-1024x683.jpeg\" alt=\"\" class=\"wp-image-25235\" srcset=\"https:\/\/5lo.lublin.pl\/wp-content\/uploads\/2023\/12\/IMG_0410-1024x683.jpeg 1024w, https:\/\/5lo.lublin.pl\/wp-content\/uploads\/2023\/12\/IMG_0410-300x200.jpeg 300w, https:\/\/5lo.lublin.pl\/wp-content\/uploads\/2023\/12\/IMG_0410-768x512.jpeg 768w, https:\/\/5lo.lublin.pl\/wp-content\/uploads\/2023\/12\/IMG_0410-1536x1024.jpeg 1536w, https:\/\/5lo.lublin.pl\/wp-content\/uploads\/2023\/12\/IMG_0410.jpeg 2048w\" sizes=\"(max-width: 1024px) 100vw, 1024px\" \/><\/figure>\n\n\n\n<figure class=\"wp-block-image size-large\"><img loading=\"lazy\" decoding=\"async\" width=\"1024\" height=\"683\" data-id=\"25239\" src=\"https:\/\/5lo.lublin.pl\/wp-content\/uploads\/2023\/12\/IMG_0411-1024x683.jpeg\" alt=\"\" class=\"wp-image-25239\" srcset=\"https:\/\/5lo.lublin.pl\/wp-content\/uploads\/2023\/12\/IMG_0411-1024x683.jpeg 1024w, https:\/\/5lo.lublin.pl\/wp-content\/uploads\/2023\/12\/IMG_0411-300x200.jpeg 300w, https:\/\/5lo.lublin.pl\/wp-content\/uploads\/2023\/12\/IMG_0411-768x512.jpeg 768w, https:\/\/5lo.lublin.pl\/wp-content\/uploads\/2023\/12\/IMG_0411-1536x1024.jpeg 1536w, https:\/\/5lo.lublin.pl\/wp-content\/uploads\/2023\/12\/IMG_0411.jpeg 2048w\" sizes=\"(max-width: 1024px) 100vw, 1024px\" \/><\/figure>\n\n\n\n<figure class=\"wp-block-image size-large\"><img loading=\"lazy\" decoding=\"async\" width=\"1024\" height=\"683\" data-id=\"25236\" src=\"https:\/\/5lo.lublin.pl\/wp-content\/uploads\/2023\/12\/IMG_0413-1024x683.jpeg\" alt=\"\" class=\"wp-image-25236\" srcset=\"https:\/\/5lo.lublin.pl\/wp-content\/uploads\/2023\/12\/IMG_0413-1024x683.jpeg 1024w, https:\/\/5lo.lublin.pl\/wp-content\/uploads\/2023\/12\/IMG_0413-300x200.jpeg 300w, https:\/\/5lo.lublin.pl\/wp-content\/uploads\/2023\/12\/IMG_0413-768x512.jpeg 768w, https:\/\/5lo.lublin.pl\/wp-content\/uploads\/2023\/12\/IMG_0413-1536x1024.jpeg 1536w, https:\/\/5lo.lublin.pl\/wp-content\/uploads\/2023\/12\/IMG_0413.jpeg 2048w\" sizes=\"(max-width: 1024px) 100vw, 1024px\" \/><\/figure>\n\n\n\n<figure class=\"wp-block-image size-large\"><img loading=\"lazy\" decoding=\"async\" width=\"1024\" height=\"683\" data-id=\"25237\" src=\"https:\/\/5lo.lublin.pl\/wp-content\/uploads\/2023\/12\/IMG_0414-1024x683.jpeg\" alt=\"\" class=\"wp-image-25237\" srcset=\"https:\/\/5lo.lublin.pl\/wp-content\/uploads\/2023\/12\/IMG_0414-1024x683.jpeg 1024w, https:\/\/5lo.lublin.pl\/wp-content\/uploads\/2023\/12\/IMG_0414-300x200.jpeg 300w, https:\/\/5lo.lublin.pl\/wp-content\/uploads\/2023\/12\/IMG_0414-768x512.jpeg 768w, https:\/\/5lo.lublin.pl\/wp-content\/uploads\/2023\/12\/IMG_0414-1536x1024.jpeg 1536w, https:\/\/5lo.lublin.pl\/wp-content\/uploads\/2023\/12\/IMG_0414.jpeg 2048w\" sizes=\"(max-width: 1024px) 100vw, 1024px\" \/><\/figure>\n<\/figure>\n","protected":false},"excerpt":{"rendered":"<p>W dniu 14 listopada, w kt\u00f3rym rozegrano eliminacje do licealiady szachowej, g\u00f3rna sala gimnastyczna zamieni\u0142a si\u0119 w aren\u0119, gdzie dusze szachist\u00f3w ta\u0144czy\u0142y na szachownicach. Krok za krokiem, ruch za ruchem \u2013 uczniowie walczyli nie tylko o punkty, ale o swoje miejsce w historii szkolnego szachowego triumfu. Atmosfera napi\u0119cia, skoncentrowanych spojrze\u0144 i triumf\u00f3w emocji sprawi\u0142a, \u017ce [&hellip;]<\/p>\n","protected":false},"author":29,"featured_media":25238,"comment_status":"closed","ping_status":"open","sticky":false,"template":"","format":"standard","meta":{"footnotes":""},"categories":[1,134,138,133],"tags":[],"_links":{"self":[{"href":"https:\/\/5lo.lublin.pl\/index.php?rest_route=\/wp\/v2\/posts\/25234"}],"collection":[{"href":"https:\/\/5lo.lublin.pl\/index.php?rest_route=\/wp\/v2\/posts"}],"about":[{"href":"https:\/\/5lo.lublin.pl\/index.php?rest_route=\/wp\/v2\/types\/post"}],"author":[{"embeddable":true,"href":"https:\/\/5lo.lublin.pl\/index.php?rest_route=\/wp\/v2\/users\/29"}],"replies":[{"embeddable":true,"href":"https:\/\/5lo.lublin.pl\/index.php?rest_route=%2Fwp%2Fv2%2Fcomments&post=25234"}],"version-history":[{"count":1,"href":"https:\/\/5lo.lublin.pl\/index.php?rest_route=\/wp\/v2\/posts\/25234\/revisions"}],"predecessor-version":[{"id":25241,"href":"https:\/\/5lo.lublin.pl\/index.php?rest_route=\/wp\/v2\/posts\/25234\/revisions\/25241"}],"wp:featuredmedia":[{"embeddable":true,"href":"https:\/\/5lo.lublin.pl\/index.php?rest_route=\/wp\/v2\/media\/25238"}],"wp:attachment":[{"href":"https:\/\/5lo.lublin.pl\/index.php?rest_route=%2Fwp%2Fv2%2Fmedia&parent=25234"}],"wp:term":[{"taxonomy":"category","embeddable":true,"href":"https:\/\/5lo.lublin.pl\/index.php?rest_route=%2Fwp%2Fv2%2Fcategories&post=25234"},{"taxonomy":"post_tag","embeddable":true,"href":"https:\/\/5lo.lublin.pl\/index.php?rest_route=%2Fwp%2Fv2%2Ftags&post=25234"}],"curies":[{"name":"wp","href":"https:\/\/api.w.org\/{rel}","templated":true}]}}