{"id":25164,"date":"2023-11-21T21:12:27","date_gmt":"2023-11-21T21:12:27","guid":{"rendered":"https:\/\/5lo.lublin.pl\/?p=25164"},"modified":"2023-11-21T21:12:32","modified_gmt":"2023-11-21T21:12:32","slug":"xxv-ogolnopolska-olimpiada-wiedzy-o-zywnosci","status":"publish","type":"post","link":"https:\/\/5lo.lublin.pl\/?p=25164","title":{"rendered":"XXV OG\u00d3LNOPOLSKA OLIMPIADA WIEDZY O \u017bYWNO\u015aCI"},"content":{"rendered":"\n<p>Og\u00f3lnopolska Olimpiada Wiedzy o \u017bywno\u015bci organizowana jest dla m\u0142odzie\u017cy zainteresowanej poszerzaniem i sprawdzeniem swojej wiedzy dotycz\u0105cej przebiegu i kontroli jako\u015bci proces\u00f3w technologicznych wytwarzania r\u00f3\u017cnorodnych produkt\u00f3w spo\u017cywczych. Organizatorem Og\u00f3lnopolskiej Olimpiady Wiedzy o \u017bywno\u015bci jest Uniwersytet Ekonomiczny w Poznaniu, Katedra Jako\u015bci i Bezpiecze\u0144stwa \u017bywno\u015bci. Wszystkim uczniom bior\u0105cym udzia\u0142 dzi\u0119kujemy.<\/p>\n\n\n\n<p><strong>Do II etapu Olimpiady Wiedzy o \u017bywno\u015bci<\/strong> zakwalifikowa\u0142y si\u0119 uczennice klasy 2d, <strong>Ma\u0142gorzata \u0141ukasik, Iga Mitkowska, Anna Mitru\u015b.<\/strong><\/p>\n\n\n\n<p>Gratulujemy i \u017cyczymy powodzenia w kolejnych etapach.<\/p>\n\n\n\n<p>Opiekun Agnieszka Przybycie\u0144-Sioma<\/p>\n\n\n\n<p><\/p>\n","protected":false},"excerpt":{"rendered":"<p>Og\u00f3lnopolska Olimpiada Wiedzy o \u017bywno\u015bci organizowana jest dla m\u0142odzie\u017cy zainteresowanej poszerzaniem i sprawdzeniem swojej wiedzy dotycz\u0105cej przebiegu i kontroli jako\u015bci proces\u00f3w technologicznych wytwarzania r\u00f3\u017cnorodnych produkt\u00f3w spo\u017cywczych. Organizatorem Og\u00f3lnopolskiej Olimpiady Wiedzy o \u017bywno\u015bci jest Uniwersytet Ekonomiczny w Poznaniu, Katedra Jako\u015bci i Bezpiecze\u0144stwa \u017bywno\u015bci. Wszystkim uczniom bior\u0105cym udzia\u0142 dzi\u0119kujemy. Do II etapu Olimpiady Wiedzy o \u017bywno\u015bci zakwalifikowa\u0142y [&hellip;]<\/p>\n","protected":false},"author":29,"featured_media":25165,"comment_status":"closed","ping_status":"open","sticky":false,"template":"","format":"standard","meta":{"footnotes":""},"categories":[362,1,360,134],"tags":[],"_links":{"self":[{"href":"https:\/\/5lo.lublin.pl\/index.php?rest_route=\/wp\/v2\/posts\/25164"}],"collection":[{"href":"https:\/\/5lo.lublin.pl\/index.php?rest_route=\/wp\/v2\/posts"}],"about":[{"href":"https:\/\/5lo.lublin.pl\/index.php?rest_route=\/wp\/v2\/types\/post"}],"author":[{"embeddable":true,"href":"https:\/\/5lo.lublin.pl\/index.php?rest_route=\/wp\/v2\/users\/29"}],"replies":[{"embeddable":true,"href":"https:\/\/5lo.lublin.pl\/index.php?rest_route=%2Fwp%2Fv2%2Fcomments&post=25164"}],"version-history":[{"count":1,"href":"https:\/\/5lo.lublin.pl\/index.php?rest_route=\/wp\/v2\/posts\/25164\/revisions"}],"predecessor-version":[{"id":25166,"href":"https:\/\/5lo.lublin.pl\/index.php?rest_route=\/wp\/v2\/posts\/25164\/revisions\/25166"}],"wp:featuredmedia":[{"embeddable":true,"href":"https:\/\/5lo.lublin.pl\/index.php?rest_route=\/wp\/v2\/media\/25165"}],"wp:attachment":[{"href":"https:\/\/5lo.lublin.pl\/index.php?rest_route=%2Fwp%2Fv2%2Fmedia&parent=25164"}],"wp:term":[{"taxonomy":"category","embeddable":true,"href":"https:\/\/5lo.lublin.pl\/index.php?rest_route=%2Fwp%2Fv2%2Fcategories&post=25164"},{"taxonomy":"post_tag","embeddable":true,"href":"https:\/\/5lo.lublin.pl\/index.php?rest_route=%2Fwp%2Fv2%2Ftags&post=25164"}],"curies":[{"name":"wp","href":"https:\/\/api.w.org\/{rel}","templated":true}]}}