{"id":25122,"date":"2023-11-19T14:14:51","date_gmt":"2023-11-19T14:14:51","guid":{"rendered":"https:\/\/5lo.lublin.pl\/?p=25122"},"modified":"2023-11-19T14:14:55","modified_gmt":"2023-11-19T14:14:55","slug":"konkurs-recytatorski","status":"publish","type":"post","link":"https:\/\/5lo.lublin.pl\/?p=25122","title":{"rendered":"Konkurs Recytatorski"},"content":{"rendered":"\n<p>Na pewno kojarzycie Karolin\u0119 Jatczak z 4 g &#8211; laureatk\u0119 wielu konkurs\u00f3w i autork\u0119 oryginalnych i poruszaj\u0105cych wierszy. Tym razem wykaza\u0142a si\u0119 talentem recytatorskim i zdystansowa\u0142a konkurencj\u0119, zajmuj\u0105c 1 miejsce w XVI Miejskim Konkursie Recytatorskim. Karolina otrzyma\u0142a tak\u017ce Nagrod\u0119 publiczno\u015bci, kt\u00f3rej serca i uznanie zdoby\u0142a, recytuj\u0105c wiersze Wis\u0142awy Szymborskiej (&#8221; Pierwsza fotografia Hitlera&#8221;) oraz Henryka Grynberga (&#8222;Retoryczne pytanie&#8221;). Serdeczne gratulacje, Karolino!<\/p>\n\n\n\n<figure class=\"wp-block-image size-large\"><img loading=\"lazy\" decoding=\"async\" width=\"1024\" height=\"406\" src=\"https:\/\/5lo.lublin.pl\/wp-content\/uploads\/2023\/11\/image-20-1024x406.png\" alt=\"\" class=\"wp-image-25123\" srcset=\"https:\/\/5lo.lublin.pl\/wp-content\/uploads\/2023\/11\/image-20-1024x406.png 1024w, https:\/\/5lo.lublin.pl\/wp-content\/uploads\/2023\/11\/image-20-300x119.png 300w, https:\/\/5lo.lublin.pl\/wp-content\/uploads\/2023\/11\/image-20-768x304.png 768w, https:\/\/5lo.lublin.pl\/wp-content\/uploads\/2023\/11\/image-20.png 1181w\" sizes=\"(max-width: 1024px) 100vw, 1024px\" \/><\/figure>\n\n\n\n<figure class=\"wp-block-image size-full\"><img loading=\"lazy\" decoding=\"async\" width=\"662\" height=\"925\" src=\"https:\/\/5lo.lublin.pl\/wp-content\/uploads\/2023\/11\/image-21.png\" alt=\"\" class=\"wp-image-25124\" srcset=\"https:\/\/5lo.lublin.pl\/wp-content\/uploads\/2023\/11\/image-21.png 662w, https:\/\/5lo.lublin.pl\/wp-content\/uploads\/2023\/11\/image-21-215x300.png 215w\" sizes=\"(max-width: 662px) 100vw, 662px\" \/><\/figure>\n\n\n\n<figure class=\"wp-block-image size-full\"><img loading=\"lazy\" decoding=\"async\" width=\"667\" height=\"955\" src=\"https:\/\/5lo.lublin.pl\/wp-content\/uploads\/2023\/11\/image-22.png\" alt=\"\" class=\"wp-image-25125\" srcset=\"https:\/\/5lo.lublin.pl\/wp-content\/uploads\/2023\/11\/image-22.png 667w, https:\/\/5lo.lublin.pl\/wp-content\/uploads\/2023\/11\/image-22-210x300.png 210w\" sizes=\"(max-width: 667px) 100vw, 667px\" \/><\/figure>\n","protected":false},"excerpt":{"rendered":"<p>Na pewno kojarzycie Karolin\u0119 Jatczak z 4 g &#8211; laureatk\u0119 wielu konkurs\u00f3w i autork\u0119 oryginalnych i poruszaj\u0105cych wierszy. Tym razem wykaza\u0142a si\u0119 talentem recytatorskim i zdystansowa\u0142a konkurencj\u0119, zajmuj\u0105c 1 miejsce w XVI Miejskim Konkursie Recytatorskim. Karolina otrzyma\u0142a tak\u017ce Nagrod\u0119 publiczno\u015bci, kt\u00f3rej serca i uznanie zdoby\u0142a, recytuj\u0105c wiersze Wis\u0142awy Szymborskiej (&#8221; Pierwsza fotografia Hitlera&#8221;) oraz Henryka [&hellip;]<\/p>\n","protected":false},"author":29,"featured_media":25123,"comment_status":"closed","ping_status":"open","sticky":false,"template":"","format":"standard","meta":{"footnotes":""},"categories":[348,364,1,134,133],"tags":[],"_links":{"self":[{"href":"https:\/\/5lo.lublin.pl\/index.php?rest_route=\/wp\/v2\/posts\/25122"}],"collection":[{"href":"https:\/\/5lo.lublin.pl\/index.php?rest_route=\/wp\/v2\/posts"}],"about":[{"href":"https:\/\/5lo.lublin.pl\/index.php?rest_route=\/wp\/v2\/types\/post"}],"author":[{"embeddable":true,"href":"https:\/\/5lo.lublin.pl\/index.php?rest_route=\/wp\/v2\/users\/29"}],"replies":[{"embeddable":true,"href":"https:\/\/5lo.lublin.pl\/index.php?rest_route=%2Fwp%2Fv2%2Fcomments&post=25122"}],"version-history":[{"count":1,"href":"https:\/\/5lo.lublin.pl\/index.php?rest_route=\/wp\/v2\/posts\/25122\/revisions"}],"predecessor-version":[{"id":25126,"href":"https:\/\/5lo.lublin.pl\/index.php?rest_route=\/wp\/v2\/posts\/25122\/revisions\/25126"}],"wp:featuredmedia":[{"embeddable":true,"href":"https:\/\/5lo.lublin.pl\/index.php?rest_route=\/wp\/v2\/media\/25123"}],"wp:attachment":[{"href":"https:\/\/5lo.lublin.pl\/index.php?rest_route=%2Fwp%2Fv2%2Fmedia&parent=25122"}],"wp:term":[{"taxonomy":"category","embeddable":true,"href":"https:\/\/5lo.lublin.pl\/index.php?rest_route=%2Fwp%2Fv2%2Fcategories&post=25122"},{"taxonomy":"post_tag","embeddable":true,"href":"https:\/\/5lo.lublin.pl\/index.php?rest_route=%2Fwp%2Fv2%2Ftags&post=25122"}],"curies":[{"name":"wp","href":"https:\/\/api.w.org\/{rel}","templated":true}]}}