{"id":24989,"date":"2023-11-06T19:00:40","date_gmt":"2023-11-06T19:00:40","guid":{"rendered":"https:\/\/5lo.lublin.pl\/?p=24989"},"modified":"2023-11-06T19:00:40","modified_gmt":"2023-11-06T19:00:40","slug":"i-miejsce-uczniow-v-lo-w-grze-miejskiej-kompas-jana-pawla-ii","status":"publish","type":"post","link":"https:\/\/5lo.lublin.pl\/?p=24989","title":{"rendered":"I miejsce uczni\u00f3w V LO w grze miejskiej \u201eKompas Jana Paw\u0142a II\u201d"},"content":{"rendered":"\n<p>Uczniowie V LO z klas 1c i 1a zaj\u0119li I miejsce w grze terenowej \u201eKompas Jana Paw\u0142a II\u201d. W trakcie gry w\u0119druj\u0105c pod nazw\u0105 &#8222;Anio\u0142ki z pi\u0105tki&#8221; &#8211; od Zamku m.in. przez Bram\u0119 Grodzk\u0105 czy Ratusz do Katolickiego Uniwersytetu Lubelskiego &#8211; trafiali do miejsc, kt\u00f3re symbolizuj\u0105 wa\u017cne w\u0105tki nauczania Jana Paw\u0142a II. Pytania konkursowe dotyczy\u0142y takich zagadnie\u0144 jak: ojczyzna, cierpienie, pok\u00f3j, wiara, polityka, samowychowanie, charakter, mi\u0142o\u015b\u0107 i odpowiedzialno\u015b\u0107. Zadania dotyczy\u0142y te\u017c zwi\u0105zk\u00f3w Karola Wojty\u0142y z Lublinem, jak i jego pobytu w naszym mie\u015bcie w 1987 roku. Konkurs adresowany by\u0142 do&nbsp;uczni\u00f3w szk\u00f3\u0142 ponadpodstawowych wojew\u00f3dztwa lubelskiego i by\u0142 jednym z wydarze\u0144, kt\u00f3re towarzyszy\u0142y Mi\u0119dzynarodowej Konferencji Naukowej Faith, Reason, and Truth. On the 25th Anniversary of John Paul II\u2019s \u201cFides et ratio\u201d organizowanej m.in. przez Wydzia\u0142 Filozofii KUL.&nbsp;&nbsp;<\/p>\n\n\n\n<p>Sk\u0142ad dru\u017cyny: Oliwia Kniaziuk (1c), Martyna Pi\u0142at (1c), Zuzanna Lis (1c), Barbara Bi\u017cek (1c), Karol Mitura (1a).<\/p>\n\n\n\n<figure class=\"wp-block-gallery has-nested-images columns-default is-cropped wp-block-gallery-1 is-layout-flex wp-block-gallery-is-layout-flex\">\n<figure class=\"wp-block-image size-large\"><img loading=\"lazy\" decoding=\"async\" width=\"1024\" height=\"683\" data-id=\"24993\" src=\"https:\/\/5lo.lublin.pl\/wp-content\/uploads\/2023\/11\/8601_130718-1_04.jpg\" alt=\"\" class=\"wp-image-24993\" srcset=\"https:\/\/5lo.lublin.pl\/wp-content\/uploads\/2023\/11\/8601_130718-1_04.jpg 1024w, https:\/\/5lo.lublin.pl\/wp-content\/uploads\/2023\/11\/8601_130718-1_04-300x200.jpg 300w, https:\/\/5lo.lublin.pl\/wp-content\/uploads\/2023\/11\/8601_130718-1_04-768x512.jpg 768w\" sizes=\"(max-width: 1024px) 100vw, 1024px\" \/><\/figure>\n\n\n\n<figure class=\"wp-block-image size-large\"><img loading=\"lazy\" decoding=\"async\" width=\"1024\" height=\"683\" data-id=\"24994\" src=\"https:\/\/5lo.lublin.pl\/wp-content\/uploads\/2023\/11\/8601_130719-1_05.jpg\" alt=\"\" class=\"wp-image-24994\" srcset=\"https:\/\/5lo.lublin.pl\/wp-content\/uploads\/2023\/11\/8601_130719-1_05.jpg 1024w, https:\/\/5lo.lublin.pl\/wp-content\/uploads\/2023\/11\/8601_130719-1_05-300x200.jpg 300w, https:\/\/5lo.lublin.pl\/wp-content\/uploads\/2023\/11\/8601_130719-1_05-768x512.jpg 768w\" sizes=\"(max-width: 1024px) 100vw, 1024px\" \/><\/figure>\n\n\n\n<figure class=\"wp-block-image size-large\"><img loading=\"lazy\" decoding=\"async\" width=\"1024\" height=\"683\" data-id=\"24992\" src=\"https:\/\/5lo.lublin.pl\/wp-content\/uploads\/2023\/11\/8601_130723-1_06.jpg\" alt=\"\" class=\"wp-image-24992\" srcset=\"https:\/\/5lo.lublin.pl\/wp-content\/uploads\/2023\/11\/8601_130723-1_06.jpg 1024w, https:\/\/5lo.lublin.pl\/wp-content\/uploads\/2023\/11\/8601_130723-1_06-300x200.jpg 300w, https:\/\/5lo.lublin.pl\/wp-content\/uploads\/2023\/11\/8601_130723-1_06-768x512.jpg 768w\" sizes=\"(max-width: 1024px) 100vw, 1024px\" \/><\/figure>\n\n\n\n<figure class=\"wp-block-image size-large\"><img loading=\"lazy\" decoding=\"async\" width=\"1024\" height=\"462\" data-id=\"24991\" src=\"https:\/\/5lo.lublin.pl\/wp-content\/uploads\/2023\/11\/20231025_102014-1_01.jpg\" alt=\"\" class=\"wp-image-24991\" srcset=\"https:\/\/5lo.lublin.pl\/wp-content\/uploads\/2023\/11\/20231025_102014-1_01.jpg 1024w, https:\/\/5lo.lublin.pl\/wp-content\/uploads\/2023\/11\/20231025_102014-1_01-300x135.jpg 300w, https:\/\/5lo.lublin.pl\/wp-content\/uploads\/2023\/11\/20231025_102014-1_01-768x347.jpg 768w\" sizes=\"(max-width: 1024px) 100vw, 1024px\" \/><\/figure>\n\n\n\n<figure class=\"wp-block-image size-large\"><img loading=\"lazy\" decoding=\"async\" width=\"1024\" height=\"462\" data-id=\"24995\" src=\"https:\/\/5lo.lublin.pl\/wp-content\/uploads\/2023\/11\/20231025_102254-1_02.jpg\" alt=\"\" class=\"wp-image-24995\" srcset=\"https:\/\/5lo.lublin.pl\/wp-content\/uploads\/2023\/11\/20231025_102254-1_02.jpg 1024w, https:\/\/5lo.lublin.pl\/wp-content\/uploads\/2023\/11\/20231025_102254-1_02-300x135.jpg 300w, https:\/\/5lo.lublin.pl\/wp-content\/uploads\/2023\/11\/20231025_102254-1_02-768x347.jpg 768w\" sizes=\"(max-width: 1024px) 100vw, 1024px\" \/><\/figure>\n\n\n\n<figure class=\"wp-block-image size-large\"><img loading=\"lazy\" decoding=\"async\" width=\"1024\" height=\"462\" data-id=\"24996\" src=\"https:\/\/5lo.lublin.pl\/wp-content\/uploads\/2023\/11\/20231025_125409-1_03.jpg\" alt=\"\" class=\"wp-image-24996\" srcset=\"https:\/\/5lo.lublin.pl\/wp-content\/uploads\/2023\/11\/20231025_125409-1_03.jpg 1024w, https:\/\/5lo.lublin.pl\/wp-content\/uploads\/2023\/11\/20231025_125409-1_03-300x135.jpg 300w, https:\/\/5lo.lublin.pl\/wp-content\/uploads\/2023\/11\/20231025_125409-1_03-768x347.jpg 768w\" sizes=\"(max-width: 1024px) 100vw, 1024px\" \/><\/figure>\n<\/figure>\n","protected":false},"excerpt":{"rendered":"<p>Uczniowie V LO z klas 1c i 1a zaj\u0119li I miejsce w grze terenowej \u201eKompas Jana Paw\u0142a II\u201d. W trakcie gry w\u0119druj\u0105c pod nazw\u0105 &#8222;Anio\u0142ki z pi\u0105tki&#8221; &#8211; od Zamku m.in. przez Bram\u0119 Grodzk\u0105 czy Ratusz do Katolickiego Uniwersytetu Lubelskiego &#8211; trafiali do miejsc, kt\u00f3re symbolizuj\u0105 wa\u017cne w\u0105tki nauczania Jana Paw\u0142a II. Pytania konkursowe dotyczy\u0142y [&hellip;]<\/p>\n","protected":false},"author":29,"featured_media":24990,"comment_status":"closed","ping_status":"open","sticky":false,"template":"","format":"standard","meta":{"footnotes":""},"categories":[364,1,134,133],"tags":[],"_links":{"self":[{"href":"https:\/\/5lo.lublin.pl\/index.php?rest_route=\/wp\/v2\/posts\/24989"}],"collection":[{"href":"https:\/\/5lo.lublin.pl\/index.php?rest_route=\/wp\/v2\/posts"}],"about":[{"href":"https:\/\/5lo.lublin.pl\/index.php?rest_route=\/wp\/v2\/types\/post"}],"author":[{"embeddable":true,"href":"https:\/\/5lo.lublin.pl\/index.php?rest_route=\/wp\/v2\/users\/29"}],"replies":[{"embeddable":true,"href":"https:\/\/5lo.lublin.pl\/index.php?rest_route=%2Fwp%2Fv2%2Fcomments&post=24989"}],"version-history":[{"count":1,"href":"https:\/\/5lo.lublin.pl\/index.php?rest_route=\/wp\/v2\/posts\/24989\/revisions"}],"predecessor-version":[{"id":24997,"href":"https:\/\/5lo.lublin.pl\/index.php?rest_route=\/wp\/v2\/posts\/24989\/revisions\/24997"}],"wp:featuredmedia":[{"embeddable":true,"href":"https:\/\/5lo.lublin.pl\/index.php?rest_route=\/wp\/v2\/media\/24990"}],"wp:attachment":[{"href":"https:\/\/5lo.lublin.pl\/index.php?rest_route=%2Fwp%2Fv2%2Fmedia&parent=24989"}],"wp:term":[{"taxonomy":"category","embeddable":true,"href":"https:\/\/5lo.lublin.pl\/index.php?rest_route=%2Fwp%2Fv2%2Fcategories&post=24989"},{"taxonomy":"post_tag","embeddable":true,"href":"https:\/\/5lo.lublin.pl\/index.php?rest_route=%2Fwp%2Fv2%2Ftags&post=24989"}],"curies":[{"name":"wp","href":"https:\/\/api.w.org\/{rel}","templated":true}]}}