{"id":24964,"date":"2023-10-31T19:10:23","date_gmt":"2023-10-31T19:10:23","guid":{"rendered":"https:\/\/5lo.lublin.pl\/?p=24964"},"modified":"2023-10-31T19:10:27","modified_gmt":"2023-10-31T19:10:27","slug":"lekcje-biblioteczne-z-pania-metodyk","status":"publish","type":"post","link":"https:\/\/5lo.lublin.pl\/?p=24964","title":{"rendered":"Lekcje biblioteczne z pani\u0105 metodyk"},"content":{"rendered":"\n<p style=\"font-size:17px\">W poniedzia\u0142ek 30 pa\u017adziernika V LO odwiedzi\u0142a metodyk nauczycieli bibliotekarzy pani Joanna Tarasiewicz, \u017ceby w wybranych klasach przeprowadzi\u0107 lekcje biblioteczne. Klasy 1g i 3g uczestniczy\u0142y w\u00a0 zaj\u0119ciach \u201eO komiksie prawie wszystko&#8230;\u201d &#8211;\u00a0 o niezwyk\u0142ym tek\u015bcie kultury jakim jest komiks. Uczniowie poznali\u00a0 pocz\u0105tki komiksu i uzyskali odpowied\u017a na pytanie dlaczego tak ch\u0119tnie go czytamy.<\/p>\n\n\n\n<p style=\"font-size:17px\">Z kolei m\u0142odzie\u017c z klasy 4g wzi\u0119\u0142a udzia\u0142 w lekcji \u201ePrawo autorskie w Internecie\u201d, w czasie kt\u00f3rej zapozna\u0142a si\u0119 jak bezpiecznie i legalnie korzysta\u0107 z materia\u0142\u00f3w umieszczonych w sieci bez naruszania praw autorskich. Dzi\u0119kujemy bardzo Pani metodyk za ciekawe zaj\u0119cia.<\/p>\n\n\n\n<figure class=\"wp-block-gallery has-nested-images columns-default is-cropped wp-block-gallery-1 is-layout-flex wp-block-gallery-is-layout-flex\">\n<figure class=\"wp-block-image size-large\"><img loading=\"lazy\" decoding=\"async\" width=\"768\" height=\"1024\" data-id=\"24968\" src=\"https:\/\/5lo.lublin.pl\/wp-content\/uploads\/2023\/10\/IMG_20231030_121505-768x1024.jpg\" alt=\"\" class=\"wp-image-24968\" srcset=\"https:\/\/5lo.lublin.pl\/wp-content\/uploads\/2023\/10\/IMG_20231030_121505-768x1024.jpg 768w, https:\/\/5lo.lublin.pl\/wp-content\/uploads\/2023\/10\/IMG_20231030_121505-225x300.jpg 225w, https:\/\/5lo.lublin.pl\/wp-content\/uploads\/2023\/10\/IMG_20231030_121505-1152x1536.jpg 1152w, https:\/\/5lo.lublin.pl\/wp-content\/uploads\/2023\/10\/IMG_20231030_121505-1536x2048.jpg 1536w, https:\/\/5lo.lublin.pl\/wp-content\/uploads\/2023\/10\/IMG_20231030_121505-scaled.jpg 1920w\" sizes=\"(max-width: 768px) 100vw, 768px\" \/><figcaption class=\"wp-element-caption\">smart<\/figcaption><\/figure>\n\n\n\n<figure class=\"wp-block-image size-large\"><img loading=\"lazy\" decoding=\"async\" width=\"720\" height=\"960\" data-id=\"24967\" src=\"https:\/\/5lo.lublin.pl\/wp-content\/uploads\/2023\/10\/Resized_20231030_102441_01.jpeg\" alt=\"\" class=\"wp-image-24967\" srcset=\"https:\/\/5lo.lublin.pl\/wp-content\/uploads\/2023\/10\/Resized_20231030_102441_01.jpeg 720w, https:\/\/5lo.lublin.pl\/wp-content\/uploads\/2023\/10\/Resized_20231030_102441_01-225x300.jpeg 225w\" sizes=\"(max-width: 720px) 100vw, 720px\" \/><\/figure>\n\n\n\n<figure class=\"wp-block-image size-large\"><img loading=\"lazy\" decoding=\"async\" width=\"1024\" height=\"768\" data-id=\"24965\" src=\"https:\/\/5lo.lublin.pl\/wp-content\/uploads\/2023\/10\/image000001_02-1024x768.jpg\" alt=\"\" class=\"wp-image-24965\" srcset=\"https:\/\/5lo.lublin.pl\/wp-content\/uploads\/2023\/10\/image000001_02-1024x768.jpg 1024w, https:\/\/5lo.lublin.pl\/wp-content\/uploads\/2023\/10\/image000001_02-300x225.jpg 300w, https:\/\/5lo.lublin.pl\/wp-content\/uploads\/2023\/10\/image000001_02-768x576.jpg 768w, https:\/\/5lo.lublin.pl\/wp-content\/uploads\/2023\/10\/image000001_02.jpg 1131w\" sizes=\"(max-width: 1024px) 100vw, 1024px\" \/><\/figure>\n\n\n\n<figure class=\"wp-block-image size-large\"><img loading=\"lazy\" decoding=\"async\" width=\"799\" height=\"599\" data-id=\"24966\" src=\"https:\/\/5lo.lublin.pl\/wp-content\/uploads\/2023\/10\/image000003.jpg\" alt=\"\" class=\"wp-image-24966\" srcset=\"https:\/\/5lo.lublin.pl\/wp-content\/uploads\/2023\/10\/image000003.jpg 799w, https:\/\/5lo.lublin.pl\/wp-content\/uploads\/2023\/10\/image000003-300x225.jpg 300w, https:\/\/5lo.lublin.pl\/wp-content\/uploads\/2023\/10\/image000003-768x576.jpg 768w\" sizes=\"(max-width: 799px) 100vw, 799px\" \/><\/figure>\n<\/figure>\n","protected":false},"excerpt":{"rendered":"<p>W poniedzia\u0142ek 30 pa\u017adziernika V LO odwiedzi\u0142a metodyk nauczycieli bibliotekarzy pani Joanna Tarasiewicz, \u017ceby w wybranych klasach przeprowadzi\u0107 lekcje biblioteczne. Klasy 1g i 3g uczestniczy\u0142y w\u00a0 zaj\u0119ciach \u201eO komiksie prawie wszystko&#8230;\u201d &#8211;\u00a0 o niezwyk\u0142ym tek\u015bcie kultury jakim jest komiks. Uczniowie poznali\u00a0 pocz\u0105tki komiksu i uzyskali odpowied\u017a na pytanie dlaczego tak ch\u0119tnie go czytamy. Z kolei [&hellip;]<\/p>\n","protected":false},"author":23,"featured_media":24969,"comment_status":"closed","ping_status":"open","sticky":false,"template":"","format":"standard","meta":{"footnotes":""},"categories":[222,133],"tags":[],"_links":{"self":[{"href":"https:\/\/5lo.lublin.pl\/index.php?rest_route=\/wp\/v2\/posts\/24964"}],"collection":[{"href":"https:\/\/5lo.lublin.pl\/index.php?rest_route=\/wp\/v2\/posts"}],"about":[{"href":"https:\/\/5lo.lublin.pl\/index.php?rest_route=\/wp\/v2\/types\/post"}],"author":[{"embeddable":true,"href":"https:\/\/5lo.lublin.pl\/index.php?rest_route=\/wp\/v2\/users\/23"}],"replies":[{"embeddable":true,"href":"https:\/\/5lo.lublin.pl\/index.php?rest_route=%2Fwp%2Fv2%2Fcomments&post=24964"}],"version-history":[{"count":1,"href":"https:\/\/5lo.lublin.pl\/index.php?rest_route=\/wp\/v2\/posts\/24964\/revisions"}],"predecessor-version":[{"id":24970,"href":"https:\/\/5lo.lublin.pl\/index.php?rest_route=\/wp\/v2\/posts\/24964\/revisions\/24970"}],"wp:featuredmedia":[{"embeddable":true,"href":"https:\/\/5lo.lublin.pl\/index.php?rest_route=\/wp\/v2\/media\/24969"}],"wp:attachment":[{"href":"https:\/\/5lo.lublin.pl\/index.php?rest_route=%2Fwp%2Fv2%2Fmedia&parent=24964"}],"wp:term":[{"taxonomy":"category","embeddable":true,"href":"https:\/\/5lo.lublin.pl\/index.php?rest_route=%2Fwp%2Fv2%2Fcategories&post=24964"},{"taxonomy":"post_tag","embeddable":true,"href":"https:\/\/5lo.lublin.pl\/index.php?rest_route=%2Fwp%2Fv2%2Ftags&post=24964"}],"curies":[{"name":"wp","href":"https:\/\/api.w.org\/{rel}","templated":true}]}}