{"id":24943,"date":"2023-10-27T11:48:13","date_gmt":"2023-10-27T11:48:13","guid":{"rendered":"https:\/\/5lo.lublin.pl\/?p=24943"},"modified":"2023-10-27T11:48:16","modified_gmt":"2023-10-27T11:48:16","slug":"przerwa-na-czytanie-bicie-rekordu-w-czytaniu-na-przerwie","status":"publish","type":"post","link":"https:\/\/5lo.lublin.pl\/?p=24943","title":{"rendered":"Przerwa na czytanie \u2013 bicie rekordu w czytaniu na przerwie"},"content":{"rendered":"\n<p style=\"font-size:17px\">Biblioteka szkolna serdecznie zaprasza do wzi\u0119cia udzia\u0142u w IV Mi\u0119dzynarodowej edycji VIII Og\u00f3lnopolskiej Akcji bicia rekordu w liczbie os\u00f3b czytaj\u0105cych na przerwie&nbsp;pt. <em>Przerwa na czytanie.<\/em><\/p>\n\n\n\n<p style=\"font-size:17px\">We wtorek 31 pa\u017adziernika zapraszamy wszystkich od godz. 9.00 do godz. 15.00 do wsp\u00f3lnego czytania ksi\u0105\u017cek.<\/p>\n\n\n\n<p style=\"font-size:17px\">Czytanie jest fajne!!!<\/p>\n\n\n\n<p style=\"font-size:17px\">Nauczyciele bibliotekarze<\/p>\n\n\n\n<p style=\"font-size:17px\">Beata Leszczy\u0144ska<\/p>\n\n\n\n<p style=\"font-size:17px\">Emilia Kasprzak<\/p>\n\n\n\n<p style=\"font-size:17px\">Marta Wysocka<\/p>\n\n\n\n<figure class=\"wp-block-image size-full\"><img loading=\"lazy\" decoding=\"async\" width=\"800\" height=\"496\" src=\"https:\/\/5lo.lublin.pl\/wp-content\/uploads\/2023\/10\/Przerwa-na-czytanie.png\" alt=\"\" class=\"wp-image-24944\" srcset=\"https:\/\/5lo.lublin.pl\/wp-content\/uploads\/2023\/10\/Przerwa-na-czytanie.png 800w, https:\/\/5lo.lublin.pl\/wp-content\/uploads\/2023\/10\/Przerwa-na-czytanie-300x186.png 300w, https:\/\/5lo.lublin.pl\/wp-content\/uploads\/2023\/10\/Przerwa-na-czytanie-768x476.png 768w\" sizes=\"(max-width: 800px) 100vw, 800px\" \/><\/figure>\n","protected":false},"excerpt":{"rendered":"<p>Biblioteka szkolna serdecznie zaprasza do wzi\u0119cia udzia\u0142u w IV Mi\u0119dzynarodowej edycji VIII Og\u00f3lnopolskiej Akcji bicia rekordu w liczbie os\u00f3b czytaj\u0105cych na przerwie&nbsp;pt. Przerwa na czytanie. We wtorek 31 pa\u017adziernika zapraszamy wszystkich od godz. 9.00 do godz. 15.00 do wsp\u00f3lnego czytania ksi\u0105\u017cek. Czytanie jest fajne!!! Nauczyciele bibliotekarze Beata Leszczy\u0144ska Emilia Kasprzak Marta Wysocka<\/p>\n","protected":false},"author":23,"featured_media":24945,"comment_status":"closed","ping_status":"open","sticky":false,"template":"","format":"standard","meta":{"footnotes":""},"categories":[222,1,135,133],"tags":[],"_links":{"self":[{"href":"https:\/\/5lo.lublin.pl\/index.php?rest_route=\/wp\/v2\/posts\/24943"}],"collection":[{"href":"https:\/\/5lo.lublin.pl\/index.php?rest_route=\/wp\/v2\/posts"}],"about":[{"href":"https:\/\/5lo.lublin.pl\/index.php?rest_route=\/wp\/v2\/types\/post"}],"author":[{"embeddable":true,"href":"https:\/\/5lo.lublin.pl\/index.php?rest_route=\/wp\/v2\/users\/23"}],"replies":[{"embeddable":true,"href":"https:\/\/5lo.lublin.pl\/index.php?rest_route=%2Fwp%2Fv2%2Fcomments&post=24943"}],"version-history":[{"count":1,"href":"https:\/\/5lo.lublin.pl\/index.php?rest_route=\/wp\/v2\/posts\/24943\/revisions"}],"predecessor-version":[{"id":24946,"href":"https:\/\/5lo.lublin.pl\/index.php?rest_route=\/wp\/v2\/posts\/24943\/revisions\/24946"}],"wp:featuredmedia":[{"embeddable":true,"href":"https:\/\/5lo.lublin.pl\/index.php?rest_route=\/wp\/v2\/media\/24945"}],"wp:attachment":[{"href":"https:\/\/5lo.lublin.pl\/index.php?rest_route=%2Fwp%2Fv2%2Fmedia&parent=24943"}],"wp:term":[{"taxonomy":"category","embeddable":true,"href":"https:\/\/5lo.lublin.pl\/index.php?rest_route=%2Fwp%2Fv2%2Fcategories&post=24943"},{"taxonomy":"post_tag","embeddable":true,"href":"https:\/\/5lo.lublin.pl\/index.php?rest_route=%2Fwp%2Fv2%2Ftags&post=24943"}],"curies":[{"name":"wp","href":"https:\/\/api.w.org\/{rel}","templated":true}]}}