{"id":24876,"date":"2023-10-23T15:51:27","date_gmt":"2023-10-23T15:51:27","guid":{"rendered":"https:\/\/5lo.lublin.pl\/?p=24876"},"modified":"2023-10-25T07:37:51","modified_gmt":"2023-10-25T07:37:51","slug":"piatka-wziela-udzial-w-rekordowa-basketszkola","status":"publish","type":"post","link":"https:\/\/5lo.lublin.pl\/?p=24876","title":{"rendered":"Pi\u0105tka wzi\u0119\u0142a udzia\u0142 w &#8222;Rekordowa BasketSzko\u0142a&#8221;!"},"content":{"rendered":"\n<p><strong>A\u017c 48 reprezentacji szkolnych wzi\u0119\u0142o udzia\u0142 w jesiennej edycji Otwartych Mistrzostw Szk\u00f3\u0142 w koszyk\u00f3wce 3\u00d73. W dniach 16-18 pa\u017adziernika na obiektach AZS COSA Oddzia\u0142 w Gda\u0144sku rozegrano 117 spotka\u0144 w ramach projektu BasketSzko\u0142a 3.1.<\/strong><\/p>\n\n\n\n<p>Turniej skierowany by\u0142 do dzieci i m\u0142odzie\u017cy z 7 i 8 klas szk\u00f3\u0142 podstawowych oraz do reprezentacji szk\u00f3\u0142 ponadpodstawowych. Najliczniejsz\u0105 kategori\u0119 stanowi\u0142y zespo\u0142y starszych ch\u0142opc\u00f3w, kt\u00f3ra liczy\u0142a 18 ekip. W pozosta\u0142ych grupach znalaz\u0142o si\u0119 10 reprezentacji.<\/p>\n\n\n\n<p>Nasza szko\u0142a po raz pierwszy wzi\u0119\u0142a udzia\u0142 w tym wydarzeniu, i od razu z pi\u0119knym sukcesem, jakim by\u0142o zdobycie 1 miejsca przez nasze utalentowane koszykarki. Serdecznie gratulujemy!<\/p>\n\n\n\n<p>Medalistki \u2013 Dziewcz\u0119ta \u2013 Szko\u0142y Ponadpodstawowe:<\/p>\n\n\n\n<p>1. V LO Lublin<br \/>2. LO Bia\u0142ogard<br \/>3. PZS 3 Wejherowo<\/p>\n\n\n\n<p>Ch\u0142opcy zaj\u0119li 11 miejsce walcz\u0105c i zostawiaj\u0105c serce i pot w ka\u017cdym meczu.<\/p>\n\n\n\n<p>Sk\u0142ad dru\u017cyny dziewcz\u0105t: Weronika Dy\u015b 3D, Gabriela Maliszewska 2E, Laura Poleszak 2H, Nikola Pogorzelska 3A.<\/p>\n\n\n\n<p>Sk\u0142ad dru\u017cyny ch\u0142opc\u00f3w: Szymon Boczek 4b, Kacper Ga\u0142at 3B, Pawe\u0142 Tudrujek 3B, Mateusz \u017bmudzki 3B.<\/p>\n\n\n\n<p>Opiekun: Adrian Szczotka.<\/p>\n\n\n\n<p>Organizatorem wydarzenia by\u0142 Akademicki Zwi\u0105zek Sportowy. Projekt wsp\u00f3\u0142finansowany by\u0142 ze \u015brodk\u00f3w Ministerstwa Sportu i Turystyki. Partnerem wydarzenia by\u0142 Polski Zwi\u0105zek Koszyk\u00f3wki oraz AZS COSA Oddzia\u0142 w Gda\u0144sku.<\/p>\n\n\n\n<p>Wyniki i szczeg\u00f3\u0142y: <a rel=\"noreferrer noopener\" href=\"https:\/\/l.facebook.com\/l.php?u=https%3A%2F%2Fpasja.azs.pl%2Frekordowa-basketszkola%2F%3Ffbclid%3DIwAR2HCUEInFq1A3VDjhbGcQep4YX7RxqEiHSKceVQpLqSnulojhsD-q8UbZc&amp;h=AT2VMyb34DOMiQXFK-APxoTG9YYjwmckV7xk2ZZencd3YZWoQZBsltAJz6pw4AxnVU46bHR9htPDXxL0mzYik0t4Ji2iM8E_0Csctad9Zrr-y2WwgiHfFfg7xWH3OxEroziv&amp;__tn__=-UK-R&amp;c[0]=AT1nMG_uiEVTxk30XhEB0bysSo2yNMDNsCT69FfqGLYaCD2LRPAt9X_v1irfHNFAoxdM5TD2F809iEOLUKL7aVDFL-wqeQ-dEnKOVVmiJ9_UhxMq2yFCGI84VTNMyeER9a9Jedq77iuyTVZeiBJ7mzSQaFcu2ci59XfHHQKrnE1tljaqzFH8g-ZqgiS0jgLM4VOlLZyFZIi4\" target=\"_blank\">https:\/\/pasja.azs.pl\/rekordowa-basketszkola\/<\/a><\/p>\n\n\n\n<div id=\"metaslider-id-24879\" style=\"max-width: 2000px; margin: 0 auto;\" class=\"ml-slider-3-62-0 metaslider metaslider-flex metaslider-24879 ml-slider ms-theme-default\" role=\"region\" aria-roledescription=\"Slideshow\" aria-label=\"3x3 23\">\n    <div id=\"metaslider_container_24879\">\n        <div id=\"metaslider_24879\" class=\"flexslider\">\n            <ul aria-live=\"polite\" class=\"slides\">\n                <li style=\"display: block; width: 100%;\" class=\"slide-24892 ms-image \" aria-roledescription=\"slide\" aria-label=\"slide-24892\"><img loading=\"lazy\" decoding=\"async\" src=\"https:\/\/5lo.lublin.pl\/wp-content\/uploads\/2023\/10\/01-852x1066.jpg\" height=\"2500\" width=\"2000\" alt=\"\" class=\"slider-24879 slide-24892\" title=\"01\" \/><\/li>\n                <li style=\"display: none; width: 100%;\" class=\"slide-24893 ms-image \" aria-roledescription=\"slide\" aria-label=\"slide-24893\"><img loading=\"lazy\" decoding=\"async\" src=\"https:\/\/5lo.lublin.pl\/wp-content\/uploads\/2023\/10\/02-852x1066.jpg\" height=\"2500\" width=\"2000\" alt=\"\" class=\"slider-24879 slide-24893\" title=\"02\" \/><\/li>\n                <li style=\"display: none; width: 100%;\" class=\"slide-24894 ms-image \" aria-roledescription=\"slide\" aria-label=\"slide-24894\"><img loading=\"lazy\" decoding=\"async\" src=\"https:\/\/5lo.lublin.pl\/wp-content\/uploads\/2023\/10\/03-414x518.jpg\" height=\"2500\" width=\"2000\" alt=\"\" class=\"slider-24879 slide-24894\" title=\"03\" \/><\/li>\n                <li style=\"display: none; width: 100%;\" class=\"slide-24895 ms-image \" aria-roledescription=\"slide\" aria-label=\"slide-24895\"><img loading=\"lazy\" decoding=\"async\" src=\"https:\/\/5lo.lublin.pl\/wp-content\/uploads\/2023\/10\/04-1092x1365.jpg\" height=\"2500\" width=\"2000\" alt=\"\" class=\"slider-24879 slide-24895\" title=\"04\" \/><\/li>\n                <li style=\"display: none; width: 100%;\" class=\"slide-24896 ms-image \" aria-roledescription=\"slide\" aria-label=\"slide-24896\"><img loading=\"lazy\" decoding=\"async\" src=\"https:\/\/5lo.lublin.pl\/wp-content\/uploads\/2023\/10\/05-852x1066.jpg\" height=\"2500\" width=\"2000\" alt=\"\" class=\"slider-24879 slide-24896\" title=\"05\" \/><\/li>\n                <li style=\"display: none; width: 100%;\" class=\"slide-24897 ms-image \" aria-roledescription=\"slide\" aria-label=\"slide-24897\"><img loading=\"lazy\" decoding=\"async\" src=\"https:\/\/5lo.lublin.pl\/wp-content\/uploads\/2023\/10\/06-852x1066.jpg\" height=\"2500\" width=\"2000\" alt=\"\" class=\"slider-24879 slide-24897\" title=\"06\" \/><\/li>\n                <li style=\"display: none; width: 100%;\" class=\"slide-24898 ms-image \" aria-roledescription=\"slide\" aria-label=\"slide-24898\"><img loading=\"lazy\" decoding=\"async\" src=\"https:\/\/5lo.lublin.pl\/wp-content\/uploads\/2023\/10\/07-1092x1365.jpg\" height=\"2500\" width=\"2000\" alt=\"\" class=\"slider-24879 slide-24898\" title=\"07\" \/><\/li>\n                <li style=\"display: none; width: 100%;\" class=\"slide-24899 ms-image \" aria-roledescription=\"slide\" aria-label=\"slide-24899\"><img loading=\"lazy\" decoding=\"async\" src=\"https:\/\/5lo.lublin.pl\/wp-content\/uploads\/2023\/10\/08-852x1066.jpg\" height=\"2500\" width=\"2000\" alt=\"\" class=\"slider-24879 slide-24899\" title=\"08\" \/><\/li>\n                <li style=\"display: none; width: 100%;\" class=\"slide-24900 ms-image \" aria-roledescription=\"slide\" aria-label=\"slide-24900\"><img loading=\"lazy\" decoding=\"async\" src=\"https:\/\/5lo.lublin.pl\/wp-content\/uploads\/2023\/10\/09-852x1066.jpg\" height=\"2500\" width=\"2000\" alt=\"\" class=\"slider-24879 slide-24900\" title=\"09\" \/><\/li>\n                <li style=\"display: none; width: 100%;\" class=\"slide-24901 ms-image \" aria-roledescription=\"slide\" aria-label=\"slide-24901\"><img loading=\"lazy\" decoding=\"async\" src=\"https:\/\/5lo.lublin.pl\/wp-content\/uploads\/2023\/10\/10-1092x1365.jpg\" height=\"2500\" width=\"2000\" alt=\"\" class=\"slider-24879 slide-24901\" title=\"10\" \/><\/li>\n                <li style=\"display: none; width: 100%;\" class=\"slide-24902 ms-image \" aria-roledescription=\"slide\" aria-label=\"slide-24902\"><img loading=\"lazy\" decoding=\"async\" src=\"https:\/\/5lo.lublin.pl\/wp-content\/uploads\/2023\/10\/11-852x1066.jpg\" height=\"2500\" width=\"2000\" alt=\"\" class=\"slider-24879 slide-24902\" title=\"11\" \/><\/li>\n                <li style=\"display: none; width: 100%;\" class=\"slide-24903 ms-image \" aria-roledescription=\"slide\" aria-label=\"slide-24903\"><img loading=\"lazy\" decoding=\"async\" src=\"https:\/\/5lo.lublin.pl\/wp-content\/uploads\/2023\/10\/12-852x1066.jpg\" height=\"2500\" width=\"2000\" alt=\"\" class=\"slider-24879 slide-24903\" title=\"12\" \/><\/li>\n            <\/ul>\n        <\/div>\n        \n    <\/div>\n<\/div>\n","protected":false},"excerpt":{"rendered":"<p>A\u017c 48 reprezentacji szkolnych wzi\u0119\u0142o udzia\u0142 w jesiennej edycji Otwartych Mistrzostw Szk\u00f3\u0142 w koszyk\u00f3wce 3\u00d73. W dniach 16-18 pa\u017adziernika na obiektach AZS COSA Oddzia\u0142 w Gda\u0144sku rozegrano 117 spotka\u0144 w ramach projektu BasketSzko\u0142a 3.1. Turniej skierowany by\u0142 do dzieci i m\u0142odzie\u017cy z 7 i 8 klas szk\u00f3\u0142 podstawowych oraz do reprezentacji szk\u00f3\u0142 ponadpodstawowych. Najliczniejsz\u0105 kategori\u0119 [&hellip;]<\/p>\n","protected":false},"author":12,"featured_media":24890,"comment_status":"closed","ping_status":"open","sticky":false,"template":"","format":"standard","meta":{"footnotes":""},"categories":[362,134,138,133],"tags":[],"_links":{"self":[{"href":"https:\/\/5lo.lublin.pl\/index.php?rest_route=\/wp\/v2\/posts\/24876"}],"collection":[{"href":"https:\/\/5lo.lublin.pl\/index.php?rest_route=\/wp\/v2\/posts"}],"about":[{"href":"https:\/\/5lo.lublin.pl\/index.php?rest_route=\/wp\/v2\/types\/post"}],"author":[{"embeddable":true,"href":"https:\/\/5lo.lublin.pl\/index.php?rest_route=\/wp\/v2\/users\/12"}],"replies":[{"embeddable":true,"href":"https:\/\/5lo.lublin.pl\/index.php?rest_route=%2Fwp%2Fv2%2Fcomments&post=24876"}],"version-history":[{"count":1,"href":"https:\/\/5lo.lublin.pl\/index.php?rest_route=\/wp\/v2\/posts\/24876\/revisions"}],"predecessor-version":[{"id":24907,"href":"https:\/\/5lo.lublin.pl\/index.php?rest_route=\/wp\/v2\/posts\/24876\/revisions\/24907"}],"wp:featuredmedia":[{"embeddable":true,"href":"https:\/\/5lo.lublin.pl\/index.php?rest_route=\/wp\/v2\/media\/24890"}],"wp:attachment":[{"href":"https:\/\/5lo.lublin.pl\/index.php?rest_route=%2Fwp%2Fv2%2Fmedia&parent=24876"}],"wp:term":[{"taxonomy":"category","embeddable":true,"href":"https:\/\/5lo.lublin.pl\/index.php?rest_route=%2Fwp%2Fv2%2Fcategories&post=24876"},{"taxonomy":"post_tag","embeddable":true,"href":"https:\/\/5lo.lublin.pl\/index.php?rest_route=%2Fwp%2Fv2%2Ftags&post=24876"}],"curies":[{"name":"wp","href":"https:\/\/api.w.org\/{rel}","templated":true}]}}