{"id":24782,"date":"2023-10-19T14:56:01","date_gmt":"2023-10-19T14:56:01","guid":{"rendered":"https:\/\/5lo.lublin.pl\/?p=24782"},"modified":"2023-10-24T12:47:14","modified_gmt":"2023-10-24T12:47:14","slug":"lekkoatleci-piatki-znow-na-podium-licealiady-miasta-lublin","status":"publish","type":"post","link":"https:\/\/5lo.lublin.pl\/?p=24782","title":{"rendered":"Lekkoatleci Pi\u0105tki zn\u00f3w na podium Licealiady Miasta Lublin!"},"content":{"rendered":"\n<p>Mamy \u015bwietne wie\u015bci do pochwalenia si\u0119 z nasz\u0105 szkoln\u0105 spo\u0142eczno\u015bci\u0105. W ostatnim czasie odby\u0142a si\u0119 Licealiada Miasta Lublin w lidze lekkoatletycznej dziewcz\u0105t i ch\u0142opc\u00f3w, gdzie nasi utalentowani uczniowie brali udzia\u0142 w r\u00f3\u017cnych konkurencjach lekkoatletycznych. Cieszymy si\u0119, i\u017c mo\u017cemy og\u0142osi\u0107 wyniki, kt\u00f3re naprawd\u0119 rozweselaj\u0105 nasze serca i dodaj\u0105 nam jeszcze wi\u0119kszej dawki dumy. Z rado\u015bci\u0105 informujemy, \u017ce nasza szko\u0142a osi\u0105gn\u0119\u0142a \u015bwietny sukces nie tylko w biegach, ale tak\u017ce w konkurencjach technicznych. Nasze utalentowane dziewcz\u0119ta zdoby\u0142y 1 miejsce, podczas gdy niezwykle wytrwali ch\u0142opcy zaj\u0119li 2 miejsce. Jest to niesamowite osi\u0105gni\u0119cie, kt\u00f3re \u015bwiadczy o determinacji i zaanga\u017cowaniu uczni\u00f3w i nauczycieli szko\u0142y. Nie mo\u017cemy si\u0119 doczeka\u0107 kolejnych osi\u0105gni\u0119\u0107 naszych sportowc\u00f3w.<\/p>\n\n\n\n<p>(tydzie\u0144 p\u00f3\u017aniej!)<\/p>\n\n\n\n<p>I si\u0119 doczekali\u015bmy&#8230;<\/p>\n\n\n\n<p>Mamy ogromn\u0105 rado\u015b\u0107 pochwali\u0107 si\u0119 z Wami kolejnymi sukcesami naszej szkolnej dru\u017cyny lekkoatletycznej. W ubieg\u0142ym tygodniu odby\u0142a si\u0119 Wojew\u00f3dzka Licealiada w lidze lekkoatletycznej. Nasze dziewcz\u0119ta z niezwyk\u0142\u0105 determinacj\u0105 walczy\u0142y i zaj\u0119\u0142y 2 miejsce. Ich wytrwa\u0142o\u015b\u0107 i wiara w siebie by\u0142y naprawd\u0119 imponuj\u0105ce. Nie mo\u017cemy zapomnie\u0107 r\u00f3wnie\u017c o naszych ch\u0142opcach, kt\u00f3rzy zaj\u0119li znacz\u0105cy sukces. Zdobyli 5 miejsce. By\u0142o to naprawd\u0119 trudne rywalizowanie, ale nasi ch\u0142opcy pokazali swoje umiej\u0119tno\u015bci i odwag\u0119. Jeste\u015bmy z nich niezmiernie dumni.<\/p>\n\n\n\n<p>Serdecznie gratulujemy wszystkim uczestnikom bieg\u00f3w i konkurencji technicznych za wk\u0142ad w to\u017csamo\u015b\u0107 naszej szko\u0142y i reprezentowanie jej na tak wysokim poziomie!<\/p>\n\n\n\n<p>Sk\u0142ad dru\u017cyny dziewcz\u0105t:<\/p>\n\n\n\n<p>Baranowska Aleksandra 4F &#8211; skok w wzwy\u017c, Deru\u015b Ma\u0142gorzata 1B &#8211; 800m, Dudziak Amelia 1B &#8211; 800m, Dy\u015b Wiktoria 3D &#8211; skok w dal, Fiuk Gabriela 1B &#8211; 800m, Gro\u0144ska Kornelia 2E &#8211; 400m, sztafeta 4x100m, Maci\u0105g Helena 2C &#8211; 400m, sztafeta 4x100m, Maliszewska Gabriela 2E &#8211; 100m, Ostasz Izabela 2E &#8211; pchni\u0119cie kul\u0105, Ostrowska Monika 2E &#8211; 400m, sztafeta 4x100m, Pie\u0144ko Wiktoria 3F &#8211; skok wzwy\u017c, Pogorzelska Nikola 3A &#8211; pchni\u0119cie kul\u0105, Poleszak Laura 2H &#8211; 100m, St\u0119pie\u0144 Anna 1B &#8211; 100m, sztafeta 4x100m, \u017belazo Zuzanna 3B &#8211; pchni\u0119cie kul\u0105.<\/p>\n\n\n\n<p>Sk\u0142ad dru\u017cyny ch\u0142opc\u00f3w:<\/p>\n\n\n\n<p>Adamczyk Hubert 2A &#8211; 800m, Figiel-Lipi\u0144ski Krzysztof 3E &#8211; 400m, Fryt Oliwier 2G &#8211; 400m, sztafeta 4x100m, Guzewicz Jakub 3F &#8211; 400m, Henzell Hubert 2A &#8211; skok w dal, Karwicki Mateusz 3G &#8211; skok w dal, Kaszkiel Jan 3B &#8211; 800m, Kowalik Jakub 4D &#8211; pchni\u0119cie kul\u0105, Mendel Stefan 2B &#8211; 200m, sztefeta 4x100m, Skoczylas Mateusz 4A &#8211; 100m, sztafeta 4x100m, Str\u00f3\u017cek Mi\u0142osz 4D &#8211; skok w dal, Szarlip Jakub 3B &#8211; 100m, sztafeta 4x100m, Szczepa\u0144ski Grzegorz 2H &#8211; pchni\u0119cie kul\u0105, Woli\u0144ski Kacper 4A &#8211; pchni\u0119cie kul\u0105, Zonik Krzysztof 3F &#8211; 800m, \u017bo\u0142dak Jakub 4E &#8211; rzut oszczepem. <\/p>\n\n\n\n<p>Opiekunowie: Andrzej Dubielis i Adrian Szczotka.<\/p>\n\n\n\n<figure class=\"wp-block-table\"><table><tbody><tr><td><\/td><td><div id=\"metaslider-id-24784\" style=\"max-width: 1700px; margin: 0 auto;\" class=\"ml-slider-3-62-0 metaslider metaslider-flex metaslider-24784 ml-slider ms-theme-default\" role=\"region\" aria-roledescription=\"Slideshow\" aria-label=\"LA23\">\n    <div id=\"metaslider_container_24784\">\n        <div id=\"metaslider_24784\" class=\"flexslider\">\n            <ul aria-live=\"polite\" class=\"slides\">\n                <li style=\"display: block; width: 100%;\" class=\"slide-24820 ms-image \" aria-roledescription=\"slide\" aria-label=\"slide-24820\"><img loading=\"lazy\" decoding=\"async\" src=\"https:\/\/5lo.lublin.pl\/wp-content\/uploads\/2023\/10\/368462037_700937488238775_8095331254196098125_n-906x1066.jpg\" height=\"2000\" width=\"1700\" alt=\"\" class=\"slider-24784 slide-24820\" title=\"368462037_700937488238775_8095331254196098125_n\" \/><\/li>\n                <li style=\"display: none; width: 100%;\" class=\"slide-24821 ms-image \" aria-roledescription=\"slide\" aria-label=\"slide-24821\"><img loading=\"lazy\" decoding=\"async\" src=\"https:\/\/5lo.lublin.pl\/wp-content\/uploads\/2023\/10\/369916094_1344893956183709_3393682679082757152_n-906x1066.jpg\" height=\"2000\" width=\"1700\" alt=\"\" class=\"slider-24784 slide-24821\" title=\"369916094_1344893956183709_3393682679082757152_n\" \/><\/li>\n                <li style=\"display: none; width: 100%;\" class=\"slide-24822 ms-image \" aria-roledescription=\"slide\" aria-label=\"slide-24822\"><img loading=\"lazy\" decoding=\"async\" src=\"https:\/\/5lo.lublin.pl\/wp-content\/uploads\/2023\/10\/370244771_1098400547996359_1457866662247937233_n-906x1066.jpg\" height=\"2000\" width=\"1700\" alt=\"\" class=\"slider-24784 slide-24822\" title=\"370244771_1098400547996359_1457866662247937233_n\" \/><\/li>\n                <li style=\"display: none; width: 100%;\" class=\"slide-24823 ms-image \" aria-roledescription=\"slide\" aria-label=\"slide-24823\"><img loading=\"lazy\" decoding=\"async\" src=\"https:\/\/5lo.lublin.pl\/wp-content\/uploads\/2023\/10\/370314355_246086324762154_8713870916302879388_n-906x1066.jpg\" height=\"2000\" width=\"1700\" alt=\"\" class=\"slider-24784 slide-24823\" title=\"370314355_246086324762154_8713870916302879388_n\" \/><\/li>\n                <li style=\"display: none; width: 100%;\" class=\"slide-24824 ms-image \" aria-roledescription=\"slide\" aria-label=\"slide-24824\"><img loading=\"lazy\" decoding=\"async\" src=\"https:\/\/5lo.lublin.pl\/wp-content\/uploads\/2023\/10\/379992352_300614919449659_6957833780801475251_n-1066x1254.jpg\" height=\"2000\" width=\"1700\" alt=\"\" class=\"slider-24784 slide-24824\" title=\"379992352_300614919449659_6957833780801475251_n\" \/><\/li>\n                <li style=\"display: none; width: 100%;\" class=\"slide-24825 ms-image \" aria-roledescription=\"slide\" aria-label=\"slide-24825\"><img loading=\"lazy\" decoding=\"async\" src=\"https:\/\/5lo.lublin.pl\/wp-content\/uploads\/2023\/10\/379996727_2969760893154362_7610765998875866147_n-906x1066.jpg\" height=\"2000\" width=\"1700\" alt=\"\" class=\"slider-24784 slide-24825\" title=\"379996727_2969760893154362_7610765998875866147_n\" \/><\/li>\n                <li style=\"display: none; width: 100%;\" class=\"slide-24826 ms-image \" aria-roledescription=\"slide\" aria-label=\"slide-24826\"><img loading=\"lazy\" decoding=\"async\" src=\"https:\/\/5lo.lublin.pl\/wp-content\/uploads\/2023\/10\/380001164_258019043870192_4263401599339915624_n-906x1066.jpg\" height=\"2000\" width=\"1700\" alt=\"\" class=\"slider-24784 slide-24826\" title=\"380001164_258019043870192_4263401599339915624_n\" \/><\/li>\n                <li style=\"display: none; width: 100%;\" class=\"slide-24827 ms-image \" aria-roledescription=\"slide\" aria-label=\"slide-24827\"><img loading=\"lazy\" decoding=\"async\" src=\"https:\/\/5lo.lublin.pl\/wp-content\/uploads\/2023\/10\/380005602_310363338399652_2478162508052853444_n-1365x1605.jpg\" height=\"2000\" width=\"1700\" alt=\"\" class=\"slider-24784 slide-24827\" title=\"380005602_310363338399652_2478162508052853444_n\" \/><\/li>\n                <li style=\"display: none; width: 100%;\" class=\"slide-24828 ms-image \" aria-roledescription=\"slide\" aria-label=\"slide-24828\"><img loading=\"lazy\" decoding=\"async\" src=\"https:\/\/5lo.lublin.pl\/wp-content\/uploads\/2023\/10\/380016510_1272373203380234_4354740619073714341_n-1066x1254.jpg\" height=\"2000\" width=\"1700\" alt=\"\" class=\"slider-24784 slide-24828\" title=\"380016510_1272373203380234_4354740619073714341_n\" \/><\/li>\n                <li style=\"display: none; width: 100%;\" class=\"slide-24829 ms-image \" aria-roledescription=\"slide\" aria-label=\"slide-24829\"><img loading=\"lazy\" decoding=\"async\" src=\"https:\/\/5lo.lublin.pl\/wp-content\/uploads\/2023\/10\/380042448_323649786934198_4767895944488665820_n-1066x1254.jpg\" height=\"2000\" width=\"1700\" alt=\"\" class=\"slider-24784 slide-24829\" title=\"380042448_323649786934198_4767895944488665820_n\" \/><\/li>\n                <li style=\"display: none; width: 100%;\" class=\"slide-24830 ms-image \" aria-roledescription=\"slide\" aria-label=\"slide-24830\"><img loading=\"lazy\" decoding=\"async\" src=\"https:\/\/5lo.lublin.pl\/wp-content\/uploads\/2023\/10\/380044300_1991428077897006_5853461109299339820_n-1066x1254.jpg\" height=\"2000\" width=\"1700\" alt=\"\" class=\"slider-24784 slide-24830\" title=\"380044300_1991428077897006_5853461109299339820_n\" \/><\/li>\n                <li style=\"display: none; width: 100%;\" class=\"slide-24831 ms-image \" aria-roledescription=\"slide\" aria-label=\"slide-24831\"><img loading=\"lazy\" decoding=\"async\" src=\"https:\/\/5lo.lublin.pl\/wp-content\/uploads\/2023\/10\/380058066_1004713137484754_7538045995810191334_n-1160x1365.jpg\" height=\"2000\" width=\"1700\" alt=\"\" class=\"slider-24784 slide-24831\" title=\"380058066_1004713137484754_7538045995810191334_n\" \/><\/li>\n                <li style=\"display: none; width: 100%;\" class=\"slide-24832 ms-image \" aria-roledescription=\"slide\" aria-label=\"slide-24832\"><img loading=\"lazy\" decoding=\"async\" src=\"https:\/\/5lo.lublin.pl\/wp-content\/uploads\/2023\/10\/380077231_1527329251434884_5444354428756736240_n-906x1066.jpg\" height=\"2000\" width=\"1700\" alt=\"\" class=\"slider-24784 slide-24832\" title=\"380077231_1527329251434884_5444354428756736240_n\" \/><\/li>\n                <li style=\"display: none; width: 100%;\" class=\"slide-24833 ms-image \" aria-roledescription=\"slide\" aria-label=\"slide-24833\"><img loading=\"lazy\" decoding=\"async\" src=\"https:\/\/5lo.lublin.pl\/wp-content\/uploads\/2023\/10\/380088817_782891600262050_3209528811136596507_n-906x1066.jpg\" height=\"2000\" width=\"1700\" alt=\"\" class=\"slider-24784 slide-24833\" title=\"380088817_782891600262050_3209528811136596507_n\" \/><\/li>\n                <li style=\"display: none; width: 100%;\" class=\"slide-24834 ms-image \" aria-roledescription=\"slide\" aria-label=\"slide-24834\"><img loading=\"lazy\" decoding=\"async\" src=\"https:\/\/5lo.lublin.pl\/wp-content\/uploads\/2023\/10\/380103019_1802061546879641_1421782442763263765_n-906x1066.jpg\" height=\"2000\" width=\"1700\" alt=\"\" class=\"slider-24784 slide-24834\" title=\"380103019_1802061546879641_1421782442763263765_n\" \/><\/li>\n                <li style=\"display: none; width: 100%;\" class=\"slide-24835 ms-image \" aria-roledescription=\"slide\" aria-label=\"slide-24835\"><img loading=\"lazy\" decoding=\"async\" src=\"https:\/\/5lo.lublin.pl\/wp-content\/uploads\/2023\/10\/380106570_292708220228405_972476588729277077_n-1160x1365.jpg\" height=\"2000\" width=\"1700\" alt=\"\" class=\"slider-24784 slide-24835\" title=\"380106570_292708220228405_972476588729277077_n\" \/><\/li>\n                <li style=\"display: none; width: 100%;\" class=\"slide-24836 ms-image \" aria-roledescription=\"slide\" aria-label=\"slide-24836\"><img loading=\"lazy\" decoding=\"async\" src=\"https:\/\/5lo.lublin.pl\/wp-content\/uploads\/2023\/10\/380129995_282866027987089_3719403279541075016_n-1160x1365.jpg\" height=\"2000\" width=\"1700\" alt=\"\" class=\"slider-24784 slide-24836\" title=\"380129995_282866027987089_3719403279541075016_n\" \/><\/li>\n                <li style=\"display: none; width: 100%;\" class=\"slide-24837 ms-image \" aria-roledescription=\"slide\" aria-label=\"slide-24837\"><img loading=\"lazy\" decoding=\"async\" src=\"https:\/\/5lo.lublin.pl\/wp-content\/uploads\/2023\/10\/380139946_190765767391177_5623208048866886625_n-1160x1365.jpg\" height=\"2000\" width=\"1700\" alt=\"\" class=\"slider-24784 slide-24837\" title=\"380139946_190765767391177_5623208048866886625_n\" \/><\/li>\n                <li style=\"display: none; width: 100%;\" class=\"slide-24838 ms-image \" aria-roledescription=\"slide\" aria-label=\"slide-24838\"><img loading=\"lazy\" decoding=\"async\" src=\"https:\/\/5lo.lublin.pl\/wp-content\/uploads\/2023\/10\/380145512_1450732975481359_7106125904258830784_n-1160x1365.jpg\" height=\"2000\" width=\"1700\" alt=\"\" class=\"slider-24784 slide-24838\" title=\"380145512_1450732975481359_7106125904258830784_n\" \/><\/li>\n                <li style=\"display: none; width: 100%;\" class=\"slide-24839 ms-image \" aria-roledescription=\"slide\" aria-label=\"slide-24839\"><img loading=\"lazy\" decoding=\"async\" src=\"https:\/\/5lo.lublin.pl\/wp-content\/uploads\/2023\/10\/380162806_878652830428060_1575030046731316893_n-1066x1254.jpg\" height=\"2000\" width=\"1700\" alt=\"\" class=\"slider-24784 slide-24839\" title=\"380162806_878652830428060_1575030046731316893_n\" \/><\/li>\n                <li style=\"display: none; width: 100%;\" class=\"slide-24840 ms-image \" aria-roledescription=\"slide\" aria-label=\"slide-24840\"><img loading=\"lazy\" decoding=\"async\" src=\"https:\/\/5lo.lublin.pl\/wp-content\/uploads\/2023\/10\/380193281_342131605042718_7741328320850152659_n-906x1066.jpg\" height=\"2000\" width=\"1700\" alt=\"\" class=\"slider-24784 slide-24840\" title=\"380193281_342131605042718_7741328320850152659_n\" \/><\/li>\n                <li style=\"display: none; width: 100%;\" class=\"slide-24841 ms-image \" aria-roledescription=\"slide\" aria-label=\"slide-24841\"><img loading=\"lazy\" decoding=\"async\" src=\"https:\/\/5lo.lublin.pl\/wp-content\/uploads\/2023\/10\/380343294_1005153850763384_1501028686424873768_n-1160x1365.jpg\" height=\"2000\" width=\"1700\" alt=\"\" class=\"slider-24784 slide-24841\" title=\"380343294_1005153850763384_1501028686424873768_n\" \/><\/li>\n                <li style=\"display: none; width: 100%;\" class=\"slide-24842 ms-image \" aria-roledescription=\"slide\" aria-label=\"slide-24842\"><img loading=\"lazy\" decoding=\"async\" src=\"https:\/\/5lo.lublin.pl\/wp-content\/uploads\/2023\/10\/380367874_1563752251096441_631833794602521900_n-906x1066.jpg\" height=\"2000\" width=\"1700\" alt=\"\" class=\"slider-24784 slide-24842\" title=\"380367874_1563752251096441_631833794602521900_n\" \/><\/li>\n                <li style=\"display: none; width: 100%;\" class=\"slide-24843 ms-image \" aria-roledescription=\"slide\" aria-label=\"slide-24843\"><img loading=\"lazy\" decoding=\"async\" src=\"https:\/\/5lo.lublin.pl\/wp-content\/uploads\/2023\/10\/380377574_1077397609880071_2981867342302348161_n-906x1066.jpg\" height=\"2000\" width=\"1700\" alt=\"\" class=\"slider-24784 slide-24843\" title=\"380377574_1077397609880071_2981867342302348161_n\" \/><\/li>\n                <li style=\"display: none; width: 100%;\" class=\"slide-24844 ms-image \" aria-roledescription=\"slide\" aria-label=\"slide-24844\"><img loading=\"lazy\" decoding=\"async\" src=\"https:\/\/5lo.lublin.pl\/wp-content\/uploads\/2023\/10\/380406880_232617029561752_3032256175857070139_n-906x1066.jpg\" height=\"2000\" width=\"1700\" alt=\"\" class=\"slider-24784 slide-24844\" title=\"380406880_232617029561752_3032256175857070139_n\" \/><\/li>\n                <li style=\"display: none; width: 100%;\" class=\"slide-24845 ms-image \" aria-roledescription=\"slide\" aria-label=\"slide-24845\"><img loading=\"lazy\" decoding=\"async\" src=\"https:\/\/5lo.lublin.pl\/wp-content\/uploads\/2023\/10\/380417703_1027904595090488_3601398599451330450_n-906x1066.jpg\" height=\"2000\" width=\"1700\" alt=\"\" class=\"slider-24784 slide-24845\" title=\"380417703_1027904595090488_3601398599451330450_n\" \/><\/li>\n                <li style=\"display: none; width: 100%;\" class=\"slide-24846 ms-image \" aria-roledescription=\"slide\" aria-label=\"slide-24846\"><img loading=\"lazy\" decoding=\"async\" src=\"https:\/\/5lo.lublin.pl\/wp-content\/uploads\/2023\/10\/380456108_173056745857477_3178875086747860419_n-906x1066.jpg\" height=\"2000\" width=\"1700\" alt=\"\" class=\"slider-24784 slide-24846\" title=\"380456108_173056745857477_3178875086747860419_n\" \/><\/li>\n                <li style=\"display: none; width: 100%;\" class=\"slide-24847 ms-image \" aria-roledescription=\"slide\" aria-label=\"slide-24847\"><img loading=\"lazy\" decoding=\"async\" src=\"https:\/\/5lo.lublin.pl\/wp-content\/uploads\/2023\/10\/380594703_927089708857561_153839388066140596_n-1160x1365.jpg\" height=\"2000\" width=\"1700\" alt=\"\" class=\"slider-24784 slide-24847\" title=\"380594703_927089708857561_153839388066140596_n\" \/><\/li>\n                <li style=\"display: none; width: 100%;\" class=\"slide-24848 ms-image \" aria-roledescription=\"slide\" aria-label=\"slide-24848\"><img loading=\"lazy\" decoding=\"async\" src=\"https:\/\/5lo.lublin.pl\/wp-content\/uploads\/2023\/10\/380614991_848300816887986_1263680831689844766_n-1160x1365.jpg\" height=\"2000\" width=\"1700\" alt=\"\" class=\"slider-24784 slide-24848\" title=\"380614991_848300816887986_1263680831689844766_n\" \/><\/li>\n                <li style=\"display: none; width: 100%;\" class=\"slide-24849 ms-image \" aria-roledescription=\"slide\" aria-label=\"slide-24849\"><img loading=\"lazy\" decoding=\"async\" src=\"https:\/\/5lo.lublin.pl\/wp-content\/uploads\/2023\/10\/386449109_1419690088614968_5438330386789220565_n-906x1066.jpg\" height=\"2000\" width=\"1700\" alt=\"\" class=\"slider-24784 slide-24849\" title=\"386449109_1419690088614968_5438330386789220565_n\" \/><\/li>\n                <li style=\"display: none; width: 100%;\" class=\"slide-24850 ms-image \" aria-roledescription=\"slide\" aria-label=\"slide-24850\"><img loading=\"lazy\" decoding=\"async\" src=\"https:\/\/5lo.lublin.pl\/wp-content\/uploads\/2023\/10\/387458338_874166814434201_3131845521447960584_n-906x1066.jpg\" height=\"2000\" width=\"1700\" alt=\"\" class=\"slider-24784 slide-24850\" title=\"387458338_874166814434201_3131845521447960584_n\" \/><\/li>\n                <li style=\"display: none; width: 100%;\" class=\"slide-24851 ms-image \" aria-roledescription=\"slide\" aria-label=\"slide-24851\"><img loading=\"lazy\" decoding=\"async\" src=\"https:\/\/5lo.lublin.pl\/wp-content\/uploads\/2023\/10\/387463001_886156165723793_1200796794040041479_n-906x1066.jpg\" height=\"2000\" width=\"1700\" alt=\"\" class=\"slider-24784 slide-24851\" title=\"387463001_886156165723793_1200796794040041479_n\" \/><\/li>\n                <li style=\"display: none; width: 100%;\" class=\"slide-24852 ms-image \" aria-roledescription=\"slide\" aria-label=\"slide-24852\"><img loading=\"lazy\" decoding=\"async\" src=\"https:\/\/5lo.lublin.pl\/wp-content\/uploads\/2023\/10\/387468264_219000121060531_233376181701209359_n-1160x1365.jpg\" height=\"2000\" width=\"1700\" alt=\"\" class=\"slider-24784 slide-24852\" title=\"387468264_219000121060531_233376181701209359_n\" \/><\/li>\n                <li style=\"display: none; width: 100%;\" class=\"slide-24853 ms-image \" aria-roledescription=\"slide\" aria-label=\"slide-24853\"><img loading=\"lazy\" decoding=\"async\" src=\"https:\/\/5lo.lublin.pl\/wp-content\/uploads\/2023\/10\/387481928_340840411689024_4789554920628253485_n-906x1066.jpg\" height=\"2000\" width=\"1700\" alt=\"\" class=\"slider-24784 slide-24853\" title=\"387481928_340840411689024_4789554920628253485_n\" \/><\/li>\n                <li style=\"display: none; width: 100%;\" class=\"slide-24854 ms-image \" aria-roledescription=\"slide\" aria-label=\"slide-24854\"><img loading=\"lazy\" decoding=\"async\" src=\"https:\/\/5lo.lublin.pl\/wp-content\/uploads\/2023\/10\/387490063_1716911552162970_2585207218602202859_n-906x1066.jpg\" height=\"2000\" width=\"1700\" alt=\"\" class=\"slider-24784 slide-24854\" title=\"387490063_1716911552162970_2585207218602202859_n\" \/><\/li>\n            <\/ul>\n        <\/div>\n        \n    <\/div>\n<\/div><\/td><\/tr><\/tbody><\/table><\/figure>\n","protected":false},"excerpt":{"rendered":"<p>Mamy \u015bwietne wie\u015bci do pochwalenia si\u0119 z nasz\u0105 szkoln\u0105 spo\u0142eczno\u015bci\u0105. W ostatnim czasie odby\u0142a si\u0119 Licealiada Miasta Lublin w lidze lekkoatletycznej dziewcz\u0105t i ch\u0142opc\u00f3w, gdzie nasi utalentowani uczniowie brali udzia\u0142 w r\u00f3\u017cnych konkurencjach lekkoatletycznych. Cieszymy si\u0119, i\u017c mo\u017cemy og\u0142osi\u0107 wyniki, kt\u00f3re naprawd\u0119 rozweselaj\u0105 nasze serca i dodaj\u0105 nam jeszcze wi\u0119kszej dawki dumy. Z rado\u015bci\u0105 informujemy, [&hellip;]<\/p>\n","protected":false},"author":12,"featured_media":24785,"comment_status":"closed","ping_status":"open","sticky":false,"template":"","format":"standard","meta":{"footnotes":""},"categories":[363,134,138,133],"tags":[],"_links":{"self":[{"href":"https:\/\/5lo.lublin.pl\/index.php?rest_route=\/wp\/v2\/posts\/24782"}],"collection":[{"href":"https:\/\/5lo.lublin.pl\/index.php?rest_route=\/wp\/v2\/posts"}],"about":[{"href":"https:\/\/5lo.lublin.pl\/index.php?rest_route=\/wp\/v2\/types\/post"}],"author":[{"embeddable":true,"href":"https:\/\/5lo.lublin.pl\/index.php?rest_route=\/wp\/v2\/users\/12"}],"replies":[{"embeddable":true,"href":"https:\/\/5lo.lublin.pl\/index.php?rest_route=%2Fwp%2Fv2%2Fcomments&post=24782"}],"version-history":[{"count":1,"href":"https:\/\/5lo.lublin.pl\/index.php?rest_route=\/wp\/v2\/posts\/24782\/revisions"}],"predecessor-version":[{"id":24856,"href":"https:\/\/5lo.lublin.pl\/index.php?rest_route=\/wp\/v2\/posts\/24782\/revisions\/24856"}],"wp:featuredmedia":[{"embeddable":true,"href":"https:\/\/5lo.lublin.pl\/index.php?rest_route=\/wp\/v2\/media\/24785"}],"wp:attachment":[{"href":"https:\/\/5lo.lublin.pl\/index.php?rest_route=%2Fwp%2Fv2%2Fmedia&parent=24782"}],"wp:term":[{"taxonomy":"category","embeddable":true,"href":"https:\/\/5lo.lublin.pl\/index.php?rest_route=%2Fwp%2Fv2%2Fcategories&post=24782"},{"taxonomy":"post_tag","embeddable":true,"href":"https:\/\/5lo.lublin.pl\/index.php?rest_route=%2Fwp%2Fv2%2Ftags&post=24782"}],"curies":[{"name":"wp","href":"https:\/\/api.w.org\/{rel}","templated":true}]}}