{"id":24709,"date":"2023-10-15T19:26:13","date_gmt":"2023-10-15T19:26:13","guid":{"rendered":"https:\/\/5lo.lublin.pl\/?p=24709"},"modified":"2023-10-15T19:26:16","modified_gmt":"2023-10-15T19:26:16","slug":"konkurs-ksiazka-moim-przyjacielem","status":"publish","type":"post","link":"https:\/\/5lo.lublin.pl\/?p=24709","title":{"rendered":"Konkurs \u201eKsi\u0105\u017cka moim przyjacielem\u201d."},"content":{"rendered":"\n<p>Szkolna Biblioteka naszego Liceum zaprasza do udzia\u0142u w konkursie na plakat promuj\u0105cy czytanie pt. \u201eKsi\u0105\u017cka moim przyjacielem\u201d.<\/p>\n\n\n\n<p>Konkurs ma&nbsp;<a href=\"http:\/\/m.in\/\" target=\"_blank\" rel=\"noreferrer noopener\">m.in<\/a>. na celu popularyzacj\u0119 i promocj\u0119 czytelnictwa w\u015br\u00f3d m\u0142odzie\u017cy oraz poszerzanie wiedzy na temat kultury i literatury.<\/p>\n\n\n\n<p>Na zwyci\u0119zc\u00f3w oraz osoby wyr\u00f3\u017cnione czekaj\u0105 nagrody. Zapraszamy serdecznie: Beata Leszczy\u0144ska, Emilia Kasprzak i Marta Wysocka.<\/p>\n\n\n<div class=\"wp-block-image\">\n<figure class=\"aligncenter size-large\"><img loading=\"lazy\" decoding=\"async\" width=\"724\" height=\"1024\" src=\"https:\/\/5lo.lublin.pl\/wp-content\/uploads\/2023\/10\/KSIAZKA-MOIM-PRZYJACIELEM-plakat-724x1024.jpg\" alt=\"\" class=\"wp-image-24711\" srcset=\"https:\/\/5lo.lublin.pl\/wp-content\/uploads\/2023\/10\/KSIAZKA-MOIM-PRZYJACIELEM-plakat-724x1024.jpg 724w, https:\/\/5lo.lublin.pl\/wp-content\/uploads\/2023\/10\/KSIAZKA-MOIM-PRZYJACIELEM-plakat-212x300.jpg 212w, https:\/\/5lo.lublin.pl\/wp-content\/uploads\/2023\/10\/KSIAZKA-MOIM-PRZYJACIELEM-plakat-768x1086.jpg 768w, https:\/\/5lo.lublin.pl\/wp-content\/uploads\/2023\/10\/KSIAZKA-MOIM-PRZYJACIELEM-plakat-1086x1536.jpg 1086w, https:\/\/5lo.lublin.pl\/wp-content\/uploads\/2023\/10\/KSIAZKA-MOIM-PRZYJACIELEM-plakat-1448x2048.jpg 1448w, https:\/\/5lo.lublin.pl\/wp-content\/uploads\/2023\/10\/KSIAZKA-MOIM-PRZYJACIELEM-plakat-scaled.jpg 1810w\" sizes=\"(max-width: 724px) 100vw, 724px\" \/><\/figure><\/div>","protected":false},"excerpt":{"rendered":"<p>Szkolna Biblioteka naszego Liceum zaprasza do udzia\u0142u w konkursie na plakat promuj\u0105cy czytanie pt. \u201eKsi\u0105\u017cka moim przyjacielem\u201d. Konkurs ma&nbsp;m.in. na celu popularyzacj\u0119 i promocj\u0119 czytelnictwa w\u015br\u00f3d m\u0142odzie\u017cy oraz poszerzanie wiedzy na temat kultury i literatury. Na zwyci\u0119zc\u00f3w oraz osoby wyr\u00f3\u017cnione czekaj\u0105 nagrody. Zapraszamy serdecznie: Beata Leszczy\u0144ska, Emilia Kasprzak i Marta Wysocka.<\/p>\n","protected":false},"author":29,"featured_media":24710,"comment_status":"closed","ping_status":"open","sticky":false,"template":"","format":"standard","meta":{"footnotes":""},"categories":[365,1,133],"tags":[],"_links":{"self":[{"href":"https:\/\/5lo.lublin.pl\/index.php?rest_route=\/wp\/v2\/posts\/24709"}],"collection":[{"href":"https:\/\/5lo.lublin.pl\/index.php?rest_route=\/wp\/v2\/posts"}],"about":[{"href":"https:\/\/5lo.lublin.pl\/index.php?rest_route=\/wp\/v2\/types\/post"}],"author":[{"embeddable":true,"href":"https:\/\/5lo.lublin.pl\/index.php?rest_route=\/wp\/v2\/users\/29"}],"replies":[{"embeddable":true,"href":"https:\/\/5lo.lublin.pl\/index.php?rest_route=%2Fwp%2Fv2%2Fcomments&post=24709"}],"version-history":[{"count":1,"href":"https:\/\/5lo.lublin.pl\/index.php?rest_route=\/wp\/v2\/posts\/24709\/revisions"}],"predecessor-version":[{"id":24712,"href":"https:\/\/5lo.lublin.pl\/index.php?rest_route=\/wp\/v2\/posts\/24709\/revisions\/24712"}],"wp:featuredmedia":[{"embeddable":true,"href":"https:\/\/5lo.lublin.pl\/index.php?rest_route=\/wp\/v2\/media\/24710"}],"wp:attachment":[{"href":"https:\/\/5lo.lublin.pl\/index.php?rest_route=%2Fwp%2Fv2%2Fmedia&parent=24709"}],"wp:term":[{"taxonomy":"category","embeddable":true,"href":"https:\/\/5lo.lublin.pl\/index.php?rest_route=%2Fwp%2Fv2%2Fcategories&post=24709"},{"taxonomy":"post_tag","embeddable":true,"href":"https:\/\/5lo.lublin.pl\/index.php?rest_route=%2Fwp%2Fv2%2Ftags&post=24709"}],"curies":[{"name":"wp","href":"https:\/\/api.w.org\/{rel}","templated":true}]}}