{"id":24658,"date":"2023-10-05T20:38:59","date_gmt":"2023-10-05T20:38:59","guid":{"rendered":"https:\/\/5lo.lublin.pl\/?p=24658"},"modified":"2023-10-05T21:04:12","modified_gmt":"2023-10-05T21:04:12","slug":"wyniki-konkursu-filmowego-maria-movie-2","status":"publish","type":"post","link":"https:\/\/5lo.lublin.pl\/?p=24658","title":{"rendered":"Wyniki Konkursu Filmowego Maria Movie"},"content":{"rendered":"\n<p class=\"has-text-align-center\" style=\"font-size:17px\"><strong>Nagrod\u0119 g\u0142\u00f3wn\u0105 \u2013 otrzymuje Zesp\u00f3\u0142 Filmowy w sk\u0142adzie:<\/strong><\/p>\n\n\n\n<p class=\"has-text-align-center\" style=\"font-size:17px\"><strong>Aleksandra \u0106wik z klasy III B<\/strong><\/p>\n\n\n\n<p class=\"has-text-align-center\" style=\"font-size:17px\"><strong>Aleksandra Jelonek z klasy III B<\/strong><\/p>\n\n\n\n<p class=\"has-text-align-center\" style=\"font-size:17px\"><strong>za film pod tytu\u0142em \u201eKilka ciekawostek o Marii Sk\u0142odowskiej-Curie\u201d<\/strong><\/p>\n\n\n<div class=\"wp-block-image\">\n<figure class=\"aligncenter size-full is-resized\"><img loading=\"lazy\" decoding=\"async\" src=\"https:\/\/5lo.lublin.pl\/wp-content\/uploads\/2023\/10\/obraz-1.png\" alt=\"\" class=\"wp-image-24660\" style=\"width:538px;height:369px\" width=\"538\" height=\"369\" srcset=\"https:\/\/5lo.lublin.pl\/wp-content\/uploads\/2023\/10\/obraz-1.png 504w, https:\/\/5lo.lublin.pl\/wp-content\/uploads\/2023\/10\/obraz-1-300x206.png 300w\" sizes=\"(max-width: 538px) 100vw, 538px\" \/><\/figure><\/div>\n\n\n<figure class=\"wp-block-gallery aligncenter has-nested-images columns-default is-cropped wp-block-gallery-1 is-layout-flex wp-block-gallery-is-layout-flex\">\n<figure class=\"wp-block-image size-full\"><img loading=\"lazy\" decoding=\"async\" width=\"486\" height=\"698\" data-id=\"24667\" src=\"https:\/\/5lo.lublin.pl\/wp-content\/uploads\/2023\/10\/obraz-3.png\" alt=\"\" class=\"wp-image-24667\" srcset=\"https:\/\/5lo.lublin.pl\/wp-content\/uploads\/2023\/10\/obraz-3.png 486w, https:\/\/5lo.lublin.pl\/wp-content\/uploads\/2023\/10\/obraz-3-209x300.png 209w\" sizes=\"(max-width: 486px) 100vw, 486px\" \/><\/figure>\n\n\n\n<figure class=\"wp-block-image size-full\"><img loading=\"lazy\" decoding=\"async\" width=\"485\" height=\"696\" data-id=\"24668\" src=\"https:\/\/5lo.lublin.pl\/wp-content\/uploads\/2023\/10\/obraz-4.png\" alt=\"\" class=\"wp-image-24668\" srcset=\"https:\/\/5lo.lublin.pl\/wp-content\/uploads\/2023\/10\/obraz-4.png 485w, https:\/\/5lo.lublin.pl\/wp-content\/uploads\/2023\/10\/obraz-4-209x300.png 209w\" sizes=\"(max-width: 485px) 100vw, 485px\" \/><\/figure>\n<\/figure>\n\n\n\n<p class=\"has-text-align-center\" style=\"font-size:17px\"><strong>Wyr\u00f3\u017cnienie otrzymuje Julia Syroka z klasy IV B<\/strong><\/p>\n\n\n\n<p class=\"has-text-align-center\" style=\"font-size:17px\"><strong>za film pod tytu\u0142em: \u201eMaria Sk\u0142odowska-Curie\u201d<\/strong><\/p>\n\n\n<div class=\"wp-block-image\">\n<figure class=\"aligncenter size-full is-resized\"><img loading=\"lazy\" decoding=\"async\" src=\"https:\/\/5lo.lublin.pl\/wp-content\/uploads\/2023\/10\/obraz-2.png\" alt=\"\" class=\"wp-image-24661\" style=\"width:511px;height:365px\" width=\"511\" height=\"365\" srcset=\"https:\/\/5lo.lublin.pl\/wp-content\/uploads\/2023\/10\/obraz-2.png 483w, https:\/\/5lo.lublin.pl\/wp-content\/uploads\/2023\/10\/obraz-2-300x214.png 300w\" sizes=\"(max-width: 511px) 100vw, 511px\" \/><\/figure><\/div>\n\n<div class=\"wp-block-image\">\n<figure class=\"aligncenter size-full\"><img loading=\"lazy\" decoding=\"async\" width=\"483\" height=\"686\" src=\"https:\/\/5lo.lublin.pl\/wp-content\/uploads\/2023\/10\/obraz-5.png\" alt=\"\" class=\"wp-image-24670\" srcset=\"https:\/\/5lo.lublin.pl\/wp-content\/uploads\/2023\/10\/obraz-5.png 483w, https:\/\/5lo.lublin.pl\/wp-content\/uploads\/2023\/10\/obraz-5-211x300.png 211w\" sizes=\"(max-width: 483px) 100vw, 483px\" \/><\/figure><\/div>\n\n\n<p class=\"has-text-align-center\" style=\"font-size:17px\"><strong>Serdecznie dzi\u0119kujemy wszystkim uczestnikom wszystkich konkurs\u00f3w!<\/strong><\/p>\n","protected":false},"excerpt":{"rendered":"<p>Nagrod\u0119 g\u0142\u00f3wn\u0105 \u2013 otrzymuje Zesp\u00f3\u0142 Filmowy w sk\u0142adzie: Aleksandra \u0106wik z klasy III B Aleksandra Jelonek z klasy III B za film pod tytu\u0142em \u201eKilka ciekawostek o Marii Sk\u0142odowskiej-Curie\u201d Wyr\u00f3\u017cnienie otrzymuje Julia Syroka z klasy IV B za film pod tytu\u0142em: \u201eMaria Sk\u0142odowska-Curie\u201d Serdecznie dzi\u0119kujemy wszystkim uczestnikom wszystkich konkurs\u00f3w!<\/p>\n","protected":false},"author":23,"featured_media":24663,"comment_status":"closed","ping_status":"open","sticky":false,"template":"","format":"standard","meta":{"footnotes":""},"categories":[177,365,134],"tags":[],"_links":{"self":[{"href":"https:\/\/5lo.lublin.pl\/index.php?rest_route=\/wp\/v2\/posts\/24658"}],"collection":[{"href":"https:\/\/5lo.lublin.pl\/index.php?rest_route=\/wp\/v2\/posts"}],"about":[{"href":"https:\/\/5lo.lublin.pl\/index.php?rest_route=\/wp\/v2\/types\/post"}],"author":[{"embeddable":true,"href":"https:\/\/5lo.lublin.pl\/index.php?rest_route=\/wp\/v2\/users\/23"}],"replies":[{"embeddable":true,"href":"https:\/\/5lo.lublin.pl\/index.php?rest_route=%2Fwp%2Fv2%2Fcomments&post=24658"}],"version-history":[{"count":1,"href":"https:\/\/5lo.lublin.pl\/index.php?rest_route=\/wp\/v2\/posts\/24658\/revisions"}],"predecessor-version":[{"id":24671,"href":"https:\/\/5lo.lublin.pl\/index.php?rest_route=\/wp\/v2\/posts\/24658\/revisions\/24671"}],"wp:featuredmedia":[{"embeddable":true,"href":"https:\/\/5lo.lublin.pl\/index.php?rest_route=\/wp\/v2\/media\/24663"}],"wp:attachment":[{"href":"https:\/\/5lo.lublin.pl\/index.php?rest_route=%2Fwp%2Fv2%2Fmedia&parent=24658"}],"wp:term":[{"taxonomy":"category","embeddable":true,"href":"https:\/\/5lo.lublin.pl\/index.php?rest_route=%2Fwp%2Fv2%2Fcategories&post=24658"},{"taxonomy":"post_tag","embeddable":true,"href":"https:\/\/5lo.lublin.pl\/index.php?rest_route=%2Fwp%2Fv2%2Ftags&post=24658"}],"curies":[{"name":"wp","href":"https:\/\/api.w.org\/{rel}","templated":true}]}}