{"id":24585,"date":"2023-09-14T17:00:44","date_gmt":"2023-09-14T17:00:44","guid":{"rendered":"https:\/\/5lo.lublin.pl\/?p=24585"},"modified":"2023-09-14T17:00:59","modified_gmt":"2023-09-14T17:00:59","slug":"konkurs-wiedzy-o-marii-sklodowkiej-curie-na-75-lecie-szkoly","status":"publish","type":"post","link":"https:\/\/5lo.lublin.pl\/?p=24585","title":{"rendered":"KONKURS wiedzy o Marii Sk\u0142odowkiej \u2013 Curie na 75 lecie szko\u0142y"},"content":{"rendered":"\n<p><strong>KONKURS wiedzy o Marii Sk\u0142odowkiej \u2013Curie na 75 lecie szko\u0142y<\/strong><\/p>\n\n\n\n<p><strong>&nbsp;&nbsp;&nbsp; Konkurs jest organizowany w dw\u00f3ch kategoriach: plastycznej\/ literackiej i sprawdzaj\u0105cej wiedz\u0119.<\/strong><\/p>\n\n\n\n<p><strong>Cel g\u0142\u00f3wny: <\/strong>poznanie biografii Marii Sk\u0142odowskiej\u2013Curie, popularyzacja jej osi\u0105gni\u0119\u0107 naukowych \u2212 szerzenie wiedzy na temat polskiej noblistki \u2212 rozwijanie zainteresowa\u0144 m\u0142odzie\u017cy przedmiotami \u015bcis\u0142ymi (chemi\u0105, fizyk\u0105). Tworzenie wizerunku patrona szko\u0142y. Promocja patrona. Poszerzenie wiedzy historycznej o patronie szko\u0142y.<\/p>\n\n\n\n<p><strong>Cele szczeg\u00f3\u0142owe<\/strong>: kszta\u0142towanie postaw tw\u00f3rczych w\u015br\u00f3d m\u0142odzie\u017cy,&nbsp; odkrywanie m\u0142odych talent\u00f3w,&nbsp; kszta\u0142towanie wra\u017cliwo\u015bci na s\u0142owo poetyckie, rozwijanie wyobra\u017ani i zdolno\u015bci artystycznych uczni\u00f3w, &nbsp;nawi\u0105zanie wsp\u00f3\u0142pracy mi\u0119dzy klasami \u2013 \u201ezdrowa\u201d rywalizacja<\/p>\n\n\n\n<p>&nbsp;&nbsp;&nbsp;&nbsp;&nbsp;&nbsp;&nbsp;&nbsp;&nbsp;&nbsp;&nbsp;&nbsp;&nbsp;&nbsp;&nbsp;&nbsp;&nbsp;&nbsp;&nbsp;&nbsp;&nbsp;&nbsp;&nbsp;&nbsp;&nbsp;&nbsp;&nbsp;&nbsp;&nbsp;&nbsp;&nbsp;&nbsp;&nbsp;&nbsp;&nbsp;&nbsp;&nbsp; &nbsp;&nbsp;&nbsp;&nbsp;<strong>UCZESTNICY KONKURSU<\/strong><strong><\/strong><\/p>\n\n\n\n<p>Konkurs adresowany jest do uczni\u00f3w V Liceum Og\u00f3lnokszta\u0142c\u0105cego w Lublinie<\/p>\n\n\n\n<p>&nbsp;&nbsp;&nbsp;&nbsp;&nbsp;&nbsp;&nbsp;&nbsp;&nbsp;&nbsp;&nbsp;&nbsp;&nbsp;&nbsp;&nbsp;&nbsp;&nbsp;&nbsp;&nbsp;&nbsp;&nbsp;&nbsp;&nbsp;&nbsp;&nbsp;&nbsp;&nbsp;&nbsp;&nbsp;&nbsp;&nbsp;&nbsp;&nbsp;&nbsp;&nbsp;&nbsp;&nbsp;&nbsp;&nbsp;&nbsp;&nbsp;&nbsp;&nbsp;&nbsp;&nbsp;&nbsp; <strong>ZASADY KONKURSU<\/strong><strong><\/strong><\/p>\n\n\n\n<ol type=\"1\">\n<li><strong>Cz\u0119\u015b\u0107 plastyczna &nbsp;konkursu.<\/strong><\/li>\n<\/ol>\n\n\n\n<p>Forma prac:<\/p>\n\n\n\n<p>a) <strong>praca plastyczna<\/strong> ilustruj\u0105ca wybrany etap \u017cycia, tw\u00f3rczo\u015bci Marii Sk\u0142odowskiej- Curie mo\u017ce by\u0107 wykonana w dowolnej technice: malarstwo, rysunek, grafika, w formacie A3.<\/p>\n\n\n\n<p>Wymagania dotycz\u0105ce pracy:<\/p>\n\n\n\n<p>1 a. Ka\u017cda praca powinna by\u0107 opatrzona imieniem i nazwiskiem, klas\u0105 na odwrocie pracy.<\/p>\n\n\n\n<p>1 b. Prace nie podlegaj\u0105 zwrotowi, pozostaj\u0105 do dyspozycji organizator\u00f3w<\/p>\n\n\n\n<p>2.&nbsp;&nbsp; <strong>Cz\u0119\u015b\u0107 literacka konkursu \u2013 poezja, esej<\/strong><\/p>\n\n\n\n<p>Forma prac:<\/p>\n\n\n\n<p>a) forma wiersza dowolna, wiersz nie mo\u017ce by\u0107 wcze\u015bniej publikowany ani nagradzany<\/p>\n\n\n\n<p>Wymagania dotycz\u0105ce pracy:<\/p>\n\n\n\n<p>2a.&nbsp; Wiersz zg\u0142oszony do konkursu musi by\u0107 opatrzony metryczk\u0105: &#8211; imi\u0119, nazwisko ucznia, klasa,&nbsp; (opiekun prowadz\u0105cy).<\/p>\n\n\n\n<p>2c Esej \u201eJa i Maria Sk\u0142odowska- Curie\u201d, nie mniej ni\u017c 300 s\u0142\u00f3w<\/p>\n\n\n\n<p>2 b. Prace nie podlegaj\u0105 zwrotowi, pozostaj\u0105 do dyspozycji organizator\u00f3w<\/p>\n\n\n\n<p><strong>Prace uczni\u00f3w wzbogac\u0105 wystawy, kt\u00f3re b\u0119d\u0105 w naszej szkole orgaznizowane, podczas \u015awi\u0119ta Szko\u0142y.<\/strong><\/p>\n\n\n\n<p><strong>Termin nadsy\u0142ania prac do 25<u>.09.2023.<\/u><\/strong><\/p>\n\n\n\n<p><strong>Na najlepsze prace w ka\u017cdej kategorii czekaj\u0105 nagrody, . Konkurs b\u0119dzie rozstrzygni\u0119ty do 05.10. 2023.<\/strong><\/p>\n\n\n\n<p>&nbsp;<strong>3. Cz\u0119\u015b\u0107 sprawdzaj\u0105ca wiedz\u0119<\/strong><\/p>\n\n\n\n<p><strong>We wszystkich klasach zostanie przeprowadzona prezentacja dotycz\u0105ca biografii Marii Sk\u0142odowskiej \u2013 Curie na podstawie kt\u00f3rego b\u0119dzie przeprowadzony quiz wiedzy.<\/strong><\/p>\n\n\n\n<p><strong>POSTANOWIENIA KO\u0143COWE<\/strong><\/p>\n\n\n\n<ol type=\"1\">\n<li>Przekazuj\u0105c prac\u0119 na konkurs, uczestnik wyra\u017ca zgod\u0119 na ekspozycj\u0119 pracy podczas wystaw orgaznizowanych przez Organizatora konkursu, na opublikowanie pracy lub jej fragment\u00f3w na stronach i portalach internetowych. Przes\u0142ane prace stan\u0105 si\u0119 w\u0142asno\u015bci\u0105 Organizatora i nie b\u0119d\u0105 zwracane, a uczestnicy przekazuj\u0105 na rzecz Organizatora prawa autorskie do nich.<\/li>\n\n\n\n<li>Osoby bior\u0105ce udzia\u0142 w konkursie wyra\u017caj\u0105 zgod\u0119 na przetwarzanie przez V Liceum Og\u00f3lnokszta\u0142c\u0105ce w Lublinie danych osobowych zgodnie z ustaw\u0105 z dnia 29 sierpnia 1997 r. o ochronie danych osobowych (Dz. U. z 2002 r. Nr 101, poz. 926&nbsp;&nbsp; z p\u00f3\u017an. zm.). Ka\u017cdy z uczestnik\u00f3w ma prawo wgl\u0105du do swoich danych osobowych oraz ich poprawiania.<\/li>\n<\/ol>\n\n\n\n<p>Koordynator konkursu na 75 lecie VLO: Agnieszka Sioma,<\/p>\n\n\n\n<p>Koordynator cz\u0119\u015bci literackiej , Magdalena Kobyli\u0144ska,<\/p>\n\n\n\n<p>Koordynator cz\u0119\u015bci plastycznej, Krystyna Rybka<\/p>\n\n\n\n<p>Wsp\u00f3\u0142praca z UNESCO &#8211; Anna Bysiecka &#8211; Maciaszek<\/p>\n","protected":false},"excerpt":{"rendered":"<p>KONKURS wiedzy o Marii Sk\u0142odowkiej \u2013Curie na 75 lecie szko\u0142y &nbsp;&nbsp;&nbsp; Konkurs jest organizowany w dw\u00f3ch kategoriach: plastycznej\/ literackiej i sprawdzaj\u0105cej wiedz\u0119. Cel g\u0142\u00f3wny: poznanie biografii Marii Sk\u0142odowskiej\u2013Curie, popularyzacja jej osi\u0105gni\u0119\u0107 naukowych \u2212 szerzenie wiedzy na temat polskiej noblistki \u2212 rozwijanie zainteresowa\u0144 m\u0142odzie\u017cy przedmiotami \u015bcis\u0142ymi (chemi\u0105, fizyk\u0105). Tworzenie wizerunku patrona szko\u0142y. Promocja patrona. Poszerzenie wiedzy [&hellip;]<\/p>\n","protected":false},"author":29,"featured_media":24586,"comment_status":"closed","ping_status":"open","sticky":false,"template":"","format":"standard","meta":{"footnotes":""},"categories":[365,1,133],"tags":[],"_links":{"self":[{"href":"https:\/\/5lo.lublin.pl\/index.php?rest_route=\/wp\/v2\/posts\/24585"}],"collection":[{"href":"https:\/\/5lo.lublin.pl\/index.php?rest_route=\/wp\/v2\/posts"}],"about":[{"href":"https:\/\/5lo.lublin.pl\/index.php?rest_route=\/wp\/v2\/types\/post"}],"author":[{"embeddable":true,"href":"https:\/\/5lo.lublin.pl\/index.php?rest_route=\/wp\/v2\/users\/29"}],"replies":[{"embeddable":true,"href":"https:\/\/5lo.lublin.pl\/index.php?rest_route=%2Fwp%2Fv2%2Fcomments&post=24585"}],"version-history":[{"count":1,"href":"https:\/\/5lo.lublin.pl\/index.php?rest_route=\/wp\/v2\/posts\/24585\/revisions"}],"predecessor-version":[{"id":24589,"href":"https:\/\/5lo.lublin.pl\/index.php?rest_route=\/wp\/v2\/posts\/24585\/revisions\/24589"}],"wp:featuredmedia":[{"embeddable":true,"href":"https:\/\/5lo.lublin.pl\/index.php?rest_route=\/wp\/v2\/media\/24586"}],"wp:attachment":[{"href":"https:\/\/5lo.lublin.pl\/index.php?rest_route=%2Fwp%2Fv2%2Fmedia&parent=24585"}],"wp:term":[{"taxonomy":"category","embeddable":true,"href":"https:\/\/5lo.lublin.pl\/index.php?rest_route=%2Fwp%2Fv2%2Fcategories&post=24585"},{"taxonomy":"post_tag","embeddable":true,"href":"https:\/\/5lo.lublin.pl\/index.php?rest_route=%2Fwp%2Fv2%2Ftags&post=24585"}],"curies":[{"name":"wp","href":"https:\/\/api.w.org\/{rel}","templated":true}]}}