{"id":24458,"date":"2023-07-24T12:48:10","date_gmt":"2023-07-24T12:48:10","guid":{"rendered":"https:\/\/5lo.lublin.pl\/?p=24458"},"modified":"2023-07-24T12:48:14","modified_gmt":"2023-07-24T12:48:14","slug":"absolwent-v-lo-mistrzem-polski-podczas-77-pzla-mistrzostw-polski-u20","status":"publish","type":"post","link":"https:\/\/5lo.lublin.pl\/?p=24458","title":{"rendered":"Absolwent V LO Mistrzem Polski podczas 77 PZLA Mistrzostw Polski U20"},"content":{"rendered":"\n<p style=\"font-size:17px\">Z przyjemno\u015bci informujemy, \u017ce absolwent naszej szko\u0142y <strong>Bartosz Kitli\u0144ski<\/strong> si\u0119gn\u0105\u0142 po tytu\u0142y mistrza kraju na dystansach 800 i 1500 m podczas odbywaj\u0105cych si\u0119 w dniach 18 &#8211; 20 lipca 2023 r. w Lublinie 77 PZLA Mistrzostw Polski U20.<\/p>\n\n\n\n<p style=\"font-size:17px\">Serdecznie gratulujemy!!!<\/p>\n","protected":false},"excerpt":{"rendered":"<p>Z przyjemno\u015bci informujemy, \u017ce absolwent naszej szko\u0142y Bartosz Kitli\u0144ski si\u0119gn\u0105\u0142 po tytu\u0142y mistrza kraju na dystansach 800 i 1500 m podczas odbywaj\u0105cych si\u0119 w dniach 18 &#8211; 20 lipca 2023 r. w Lublinie 77 PZLA Mistrzostw Polski U20. Serdecznie gratulujemy!!!<\/p>\n","protected":false},"author":23,"featured_media":24459,"comment_status":"closed","ping_status":"open","sticky":false,"template":"","format":"standard","meta":{"footnotes":""},"categories":[134,138,133],"tags":[],"_links":{"self":[{"href":"https:\/\/5lo.lublin.pl\/index.php?rest_route=\/wp\/v2\/posts\/24458"}],"collection":[{"href":"https:\/\/5lo.lublin.pl\/index.php?rest_route=\/wp\/v2\/posts"}],"about":[{"href":"https:\/\/5lo.lublin.pl\/index.php?rest_route=\/wp\/v2\/types\/post"}],"author":[{"embeddable":true,"href":"https:\/\/5lo.lublin.pl\/index.php?rest_route=\/wp\/v2\/users\/23"}],"replies":[{"embeddable":true,"href":"https:\/\/5lo.lublin.pl\/index.php?rest_route=%2Fwp%2Fv2%2Fcomments&post=24458"}],"version-history":[{"count":1,"href":"https:\/\/5lo.lublin.pl\/index.php?rest_route=\/wp\/v2\/posts\/24458\/revisions"}],"predecessor-version":[{"id":24460,"href":"https:\/\/5lo.lublin.pl\/index.php?rest_route=\/wp\/v2\/posts\/24458\/revisions\/24460"}],"wp:featuredmedia":[{"embeddable":true,"href":"https:\/\/5lo.lublin.pl\/index.php?rest_route=\/wp\/v2\/media\/24459"}],"wp:attachment":[{"href":"https:\/\/5lo.lublin.pl\/index.php?rest_route=%2Fwp%2Fv2%2Fmedia&parent=24458"}],"wp:term":[{"taxonomy":"category","embeddable":true,"href":"https:\/\/5lo.lublin.pl\/index.php?rest_route=%2Fwp%2Fv2%2Fcategories&post=24458"},{"taxonomy":"post_tag","embeddable":true,"href":"https:\/\/5lo.lublin.pl\/index.php?rest_route=%2Fwp%2Fv2%2Ftags&post=24458"}],"curies":[{"name":"wp","href":"https:\/\/api.w.org\/{rel}","templated":true}]}}