{"id":24382,"date":"2023-06-22T20:17:07","date_gmt":"2023-06-22T20:17:07","guid":{"rendered":"https:\/\/5lo.lublin.pl\/?p=24382"},"modified":"2023-06-22T20:17:14","modified_gmt":"2023-06-22T20:17:14","slug":"wreczanie-swiadectw-maturalnych-3","status":"publish","type":"post","link":"https:\/\/5lo.lublin.pl\/?p=24382","title":{"rendered":"Wr\u0119czanie \u015bwiadectw maturalnych"},"content":{"rendered":"\n<p class=\"has-text-align-left\" style=\"font-size:17px\">Wydawanie \u015bwiadectw, aneks\u00f3w i informacji o wynikach egzaminu maturalnego dla absolwent\u00f3w V Liceum Og\u00f3lnokszta\u0142c\u0105cego im. Marii Sk\u0142odowskiej-Curie w Lublinie odb\u0119dzie si\u0119<strong> w dniu 7 lipca 2023\u00a0r. <\/strong>na dolnej sali gimnastycznej<strong> w godz. 10.00 &#8211; 12.00<\/strong>.<\/p>\n\n\n\n<p class=\"has-text-align-center\" style=\"font-size:17px\">\u015awiadectwa dojrza\u0142o\u015bci mog\u0105 by\u0107 odebrane osobi\u015bcie lub na podstawie pisemnego upowa\u017cnienia zawieraj\u0105cego seri\u0119 i nr dowodu to\u017csamo\u015bci osoby upowa\u017cnionej do odbioru oraz zawieraj\u0105cego czytelny podpis maturzysty (<a rel=\"noreferrer noopener\" href=\"https:\/\/5lo.lublin.pl\/wp-content\/uploads\/2021\/06\/Upowaznienie-do-odbioru-swiadectwa-maturalnego.doc\" target=\"_blank\">wz\u00f3r upowa\u017cnienia- link)<\/a>. <\/p>\n\n\n\n<p class=\"has-text-align-center\" style=\"font-size:17px\">Wszystkim Maturzystom przypominamy o konieczno\u015bci posiadania przy sobie dowodu to\u017csamo\u015bci.<\/p>\n\n\n\n<p class=\"has-text-align-center\" style=\"font-size:17px\">Prosimy o przyniesienie ze sob\u0105 d\u0142ugopisu do po\u015bwiadczenia odbioru.<\/p>\n\n\n\n<p class=\"has-text-align-center\" style=\"font-size:17px\">W p\u00f3\u017aniejszym terminie \u015bwiadectwa b\u0119d\u0105 do odbioru w sekretariacie szko\u0142y.<\/p>\n","protected":false},"excerpt":{"rendered":"<p>Wydawanie \u015bwiadectw, aneks\u00f3w i informacji o wynikach egzaminu maturalnego dla absolwent\u00f3w V Liceum Og\u00f3lnokszta\u0142c\u0105cego im. Marii Sk\u0142odowskiej-Curie w Lublinie odb\u0119dzie si\u0119 w dniu 7 lipca 2023\u00a0r. na dolnej sali gimnastycznej w godz. 10.00 &#8211; 12.00. \u015awiadectwa dojrza\u0142o\u015bci mog\u0105 by\u0107 odebrane osobi\u015bcie lub na podstawie pisemnego upowa\u017cnienia zawieraj\u0105cego seri\u0119 i nr dowodu to\u017csamo\u015bci osoby upowa\u017cnionej do [&hellip;]<\/p>\n","protected":false},"author":23,"featured_media":13305,"comment_status":"open","ping_status":"open","sticky":false,"template":"","format":"standard","meta":{"footnotes":""},"categories":[1,133],"tags":[],"_links":{"self":[{"href":"https:\/\/5lo.lublin.pl\/index.php?rest_route=\/wp\/v2\/posts\/24382"}],"collection":[{"href":"https:\/\/5lo.lublin.pl\/index.php?rest_route=\/wp\/v2\/posts"}],"about":[{"href":"https:\/\/5lo.lublin.pl\/index.php?rest_route=\/wp\/v2\/types\/post"}],"author":[{"embeddable":true,"href":"https:\/\/5lo.lublin.pl\/index.php?rest_route=\/wp\/v2\/users\/23"}],"replies":[{"embeddable":true,"href":"https:\/\/5lo.lublin.pl\/index.php?rest_route=%2Fwp%2Fv2%2Fcomments&post=24382"}],"version-history":[{"count":1,"href":"https:\/\/5lo.lublin.pl\/index.php?rest_route=\/wp\/v2\/posts\/24382\/revisions"}],"predecessor-version":[{"id":24384,"href":"https:\/\/5lo.lublin.pl\/index.php?rest_route=\/wp\/v2\/posts\/24382\/revisions\/24384"}],"wp:featuredmedia":[{"embeddable":true,"href":"https:\/\/5lo.lublin.pl\/index.php?rest_route=\/wp\/v2\/media\/13305"}],"wp:attachment":[{"href":"https:\/\/5lo.lublin.pl\/index.php?rest_route=%2Fwp%2Fv2%2Fmedia&parent=24382"}],"wp:term":[{"taxonomy":"category","embeddable":true,"href":"https:\/\/5lo.lublin.pl\/index.php?rest_route=%2Fwp%2Fv2%2Fcategories&post=24382"},{"taxonomy":"post_tag","embeddable":true,"href":"https:\/\/5lo.lublin.pl\/index.php?rest_route=%2Fwp%2Fv2%2Ftags&post=24382"}],"curies":[{"name":"wp","href":"https:\/\/api.w.org\/{rel}","templated":true}]}}