{"id":24379,"date":"2023-06-22T19:38:12","date_gmt":"2023-06-22T19:38:12","guid":{"rendered":"https:\/\/5lo.lublin.pl\/?p=24379"},"modified":"2023-06-22T19:38:15","modified_gmt":"2023-06-22T19:38:15","slug":"terminy-egzaminow-poprawkowych","status":"publish","type":"post","link":"https:\/\/5lo.lublin.pl\/?p=24379","title":{"rendered":"Terminy egzamin\u00f3w poprawkowych"},"content":{"rendered":"\n<p style=\"font-size:17px\">Informacja dla uczni\u00f3w, kt\u00f3rzy na koniec roku szkolnego otrzymali klasyfikacyjne roczne oceny niedostateczne i b\u0119d\u0105 przyst\u0119powali do egzamin\u00f3w poprawkowych:<\/p>\n\n\n\n<p style=\"font-size:17px\">Egzaminy b\u0119d\u0105 przeprowadzane w dniach 28-29 sierpnia w sali 108. <\/p>\n\n\n\n<p style=\"font-size:17px\">Egzaminy b\u0119d\u0105 si\u0119 rozpoczyna\u0142y o godz. 9:00.<\/p>\n\n\n\n<p style=\"font-size:17px\"><strong>J\u0119zyk polski <\/strong>&#8211; poniedzia\u0142ek 28 sierpnia 2023 <\/p>\n\n\n\n<p style=\"font-size:17px\"><strong>Chemia <\/strong>&#8211; poniedzia\u0142ek 28 sierpnia 2023 <\/p>\n\n\n\n<p style=\"font-size:17px\"><strong>Matematyka<\/strong> &#8211; wtorek 29 sierpnia 2023 <\/p>\n\n\n\n<p style=\"font-size:17px\"><\/p>\n\n\n\n<p style=\"font-size:17px\">Uczni\u00f3w, kt\u00f3rzy b\u0119d\u0105 przyst\u0119powali do egzamin\u00f3w prosimy o zapoznanie si\u0119 z informacjami dotycz\u0105cymi organizacji egzaminu poprawkowego (informacje ze Statutu Szko\u0142y \u00a7 116):<\/p>\n\n\n\n<p style=\"font-size:17px\">4. Egzamin poprawkowy sk\u0142ada si\u0119 z cz\u0119\u015bci pisemnej i ustnej (\u2026).<\/p>\n\n\n\n<p style=\"font-size:17px\">5. Egzamin poprawkowy przeprowadza komisja, w kt\u00f3rej sk\u0142ad wchodz\u0105:<br \/>1) dyrektor szko\u0142y albo nauczyciel wyznaczony przez dyrektora szko\u0142y \u2013 jako przewodnicz\u0105cy komisji;<br \/>2) nauczyciel prowadz\u0105cy dane zaj\u0119cia edukacyjne;<br \/>3) nauczyciel prowadz\u0105cy takie same lub pokrewne zaj\u0119cia edukacyjne.<br \/>(\u2026)<\/p>\n\n\n\n<p style=\"font-size:17px\">7. Zakres materia\u0142u egzaminacyjnego na egzaminie poprawkowym z danych zaj\u0119\u0107 edukacyjnych obejmuje ca\u0142o\u015b\u0107 materia\u0142u programowego zrealizowanego w ci\u0105gu roku szkolnego w danej klasie lub okresie, o ile ucze\u0144 uzyska\u0142 pozytywn\u0105 ocen\u0119 klasyfikacyjn\u0105 \u015br\u00f3droczn\u0105.<\/p>\n\n\n\n<p style=\"font-size:17px\">8. Z przeprowadzonego egzaminu poprawkowego sporz\u0105dza si\u0119 protok\u00f3\u0142 zawieraj\u0105cy:<br \/>1) nazw\u0119 zaj\u0119\u0107 edukacyjnych, z kt\u00f3rych by\u0142 przeprowadzony egzamin;<br \/>2) sk\u0142ad komisji;<br \/>3) termin egzaminu;<br \/>4) imi\u0119 i nazwisko ucznia;<br \/>5) zadania egzaminacyjne;<br \/>6) ustalon\u0105 ocen\u0119 klasyfikacyjn\u0105.<\/p>\n\n\n\n<p style=\"font-size:17px\">9. Do protoko\u0142u za\u0142\u0105cza si\u0119 pisemne prace ucznia, zwi\u0119z\u0142\u0105 informacj\u0119 o ustnych odpowiedziach ucznia i zwi\u0119z\u0142\u0105 informacj\u0119 o wykonaniu przez ucznia zadania praktycznego.<\/p>\n\n\n\n<p style=\"font-size:17px\">10. Ucze\u0144, kt\u00f3ry z przyczyn usprawiedliwionych nie przyst\u0105pi\u0142 do egzaminu poprawkowego w wyznaczonym terminie, mo\u017ce przyst\u0105pi\u0107 do niego w dodatkowym terminie, wyznaczonym przez dyrektora szko\u0142y.<\/p>\n\n\n\n<p><\/p>\n","protected":false},"excerpt":{"rendered":"<p>Informacja dla uczni\u00f3w, kt\u00f3rzy na koniec roku szkolnego otrzymali klasyfikacyjne roczne oceny niedostateczne i b\u0119d\u0105 przyst\u0119powali do egzamin\u00f3w poprawkowych: Egzaminy b\u0119d\u0105 przeprowadzane w dniach 28-29 sierpnia w sali 108. Egzaminy b\u0119d\u0105 si\u0119 rozpoczyna\u0142y o godz. 9:00. J\u0119zyk polski &#8211; poniedzia\u0142ek 28 sierpnia 2023 Chemia &#8211; poniedzia\u0142ek 28 sierpnia 2023 Matematyka &#8211; wtorek 29 sierpnia 2023 [&hellip;]<\/p>\n","protected":false},"author":23,"featured_media":24381,"comment_status":"closed","ping_status":"open","sticky":false,"template":"","format":"standard","meta":{"footnotes":""},"categories":[1],"tags":[],"_links":{"self":[{"href":"https:\/\/5lo.lublin.pl\/index.php?rest_route=\/wp\/v2\/posts\/24379"}],"collection":[{"href":"https:\/\/5lo.lublin.pl\/index.php?rest_route=\/wp\/v2\/posts"}],"about":[{"href":"https:\/\/5lo.lublin.pl\/index.php?rest_route=\/wp\/v2\/types\/post"}],"author":[{"embeddable":true,"href":"https:\/\/5lo.lublin.pl\/index.php?rest_route=\/wp\/v2\/users\/23"}],"replies":[{"embeddable":true,"href":"https:\/\/5lo.lublin.pl\/index.php?rest_route=%2Fwp%2Fv2%2Fcomments&post=24379"}],"version-history":[{"count":1,"href":"https:\/\/5lo.lublin.pl\/index.php?rest_route=\/wp\/v2\/posts\/24379\/revisions"}],"predecessor-version":[{"id":24380,"href":"https:\/\/5lo.lublin.pl\/index.php?rest_route=\/wp\/v2\/posts\/24379\/revisions\/24380"}],"wp:featuredmedia":[{"embeddable":true,"href":"https:\/\/5lo.lublin.pl\/index.php?rest_route=\/wp\/v2\/media\/24381"}],"wp:attachment":[{"href":"https:\/\/5lo.lublin.pl\/index.php?rest_route=%2Fwp%2Fv2%2Fmedia&parent=24379"}],"wp:term":[{"taxonomy":"category","embeddable":true,"href":"https:\/\/5lo.lublin.pl\/index.php?rest_route=%2Fwp%2Fv2%2Fcategories&post=24379"},{"taxonomy":"post_tag","embeddable":true,"href":"https:\/\/5lo.lublin.pl\/index.php?rest_route=%2Fwp%2Fv2%2Ftags&post=24379"}],"curies":[{"name":"wp","href":"https:\/\/api.w.org\/{rel}","templated":true}]}}