{"id":24354,"date":"2023-06-22T17:30:39","date_gmt":"2023-06-22T17:30:39","guid":{"rendered":"https:\/\/5lo.lublin.pl\/?p=24354"},"modified":"2023-06-22T17:30:41","modified_gmt":"2023-06-22T17:30:41","slug":"uczennica-v-lo-laureatka-ogolnopolskiej-olimpiady-wiedzy-o-iii-rp","status":"publish","type":"post","link":"https:\/\/5lo.lublin.pl\/?p=24354","title":{"rendered":"Uczennica V LO laureatk\u0105 Og\u00f3lnopolskiej Olimpiady Wiedzy o III RP"},"content":{"rendered":"\n<p style=\"font-size:17px\">Z przyjemno\u015bci\u0105 informujemy, \u017ce<strong> Alicja Pietrzak uczennica klasy IVEp uzyska\u0142a tytu\u0142 laureata XI Og\u00f3lnopolskiej Olimpiady Wiedzy o III RP. <\/strong><\/p>\n\n\n\n<p style=\"font-size:17px\">Etap centralny odby\u0142 si\u0119 17 czerwca 2023r. w Bia\u0142ymstoku.<\/p>\n\n\n\n<p style=\"font-size:17px\">Gratulujemy sukcesu!!!<\/p>\n\n\n\n<p style=\"font-size:17px\">Opiekunowie uczennicy &#8211; p. Ryszard Kotowski, p. \u0141ukasz Kopytko<\/p>\n","protected":false},"excerpt":{"rendered":"<p>Z przyjemno\u015bci\u0105 informujemy, \u017ce Alicja Pietrzak uczennica klasy IVEp uzyska\u0142a tytu\u0142 laureata XI Og\u00f3lnopolskiej Olimpiady Wiedzy o III RP. Etap centralny odby\u0142 si\u0119 17 czerwca 2023r. w Bia\u0142ymstoku. Gratulujemy sukcesu!!! Opiekunowie uczennicy &#8211; p. Ryszard Kotowski, p. \u0141ukasz Kopytko<\/p>\n","protected":false},"author":23,"featured_media":24355,"comment_status":"open","ping_status":"open","sticky":false,"template":"","format":"standard","meta":{"footnotes":""},"categories":[362,360,134],"tags":[],"_links":{"self":[{"href":"https:\/\/5lo.lublin.pl\/index.php?rest_route=\/wp\/v2\/posts\/24354"}],"collection":[{"href":"https:\/\/5lo.lublin.pl\/index.php?rest_route=\/wp\/v2\/posts"}],"about":[{"href":"https:\/\/5lo.lublin.pl\/index.php?rest_route=\/wp\/v2\/types\/post"}],"author":[{"embeddable":true,"href":"https:\/\/5lo.lublin.pl\/index.php?rest_route=\/wp\/v2\/users\/23"}],"replies":[{"embeddable":true,"href":"https:\/\/5lo.lublin.pl\/index.php?rest_route=%2Fwp%2Fv2%2Fcomments&post=24354"}],"version-history":[{"count":1,"href":"https:\/\/5lo.lublin.pl\/index.php?rest_route=\/wp\/v2\/posts\/24354\/revisions"}],"predecessor-version":[{"id":24358,"href":"https:\/\/5lo.lublin.pl\/index.php?rest_route=\/wp\/v2\/posts\/24354\/revisions\/24358"}],"wp:featuredmedia":[{"embeddable":true,"href":"https:\/\/5lo.lublin.pl\/index.php?rest_route=\/wp\/v2\/media\/24355"}],"wp:attachment":[{"href":"https:\/\/5lo.lublin.pl\/index.php?rest_route=%2Fwp%2Fv2%2Fmedia&parent=24354"}],"wp:term":[{"taxonomy":"category","embeddable":true,"href":"https:\/\/5lo.lublin.pl\/index.php?rest_route=%2Fwp%2Fv2%2Fcategories&post=24354"},{"taxonomy":"post_tag","embeddable":true,"href":"https:\/\/5lo.lublin.pl\/index.php?rest_route=%2Fwp%2Fv2%2Ftags&post=24354"}],"curies":[{"name":"wp","href":"https:\/\/api.w.org\/{rel}","templated":true}]}}