{"id":24158,"date":"2023-05-26T16:58:38","date_gmt":"2023-05-26T16:58:38","guid":{"rendered":"https:\/\/5lo.lublin.pl\/?p=24158"},"modified":"2023-05-26T16:58:42","modified_gmt":"2023-05-26T16:58:42","slug":"nasze-koszykarki-6-w-polsce","status":"publish","type":"post","link":"https:\/\/5lo.lublin.pl\/?p=24158","title":{"rendered":"NASZE KOSZYKARKI 6 W POLSCE!!!!!!!!!!!!!!!!!"},"content":{"rendered":"\n<p>W dniach 24-26.05.2023r. odby\u0142 si\u0119 Og\u00f3lnopolski Fina\u0142 Szk\u00f3\u0142 Ponadpodstawowych Licealiada w koszyk\u00f3wce dziewcz\u0105t. Nasze wspania\u0142e zdziesi\u0105tkowane dziewczyny po trudnych i wyczerpuj\u0105cych meczach zdoby\u0142y wysokie 6 miejsce na 16 dru\u017cyn. Wyjazd ten m\u00f3g\u0142 si\u0119 odby\u0107 dzi\u0119ki uprzejmo\u015bci finansowej: Fundacja Rozwoju Sportu w Lublinie, Rada Rodzic\u00f3w V LO, OSK IDrive. Liczymy na dalsze sukcesy naszych koszykarek!<\/p>\n\n\n\n<p>Sk\u0142ad dru\u017cyny:<br \/>Gabriela Maliszewska 1E<br \/>Laura Poleszak 1H<br \/>Nikola Pogorzelska 2A<br \/>Zofia Wilczy\u0144ska 2E<br \/>Karolina Gr\u0105dzka 3A<br \/>Justyna Krupi\u0144ska 3A<br \/>Julia Krawczyk 3C<br \/>Opiekun:<br \/>Adrian Szczotka<\/p>\n\n\n<div id=\"metaslider-id-24161\" style=\"max-width: 1500px; margin: 0 auto;\" class=\"ml-slider-3-62-0 metaslider metaslider-flex metaslider-24161 ml-slider ms-theme-default\" role=\"region\" aria-roledescription=\"Slideshow\" aria-label=\"New Slideshow\">\n    <div id=\"metaslider_container_24161\">\n        <div id=\"metaslider_24161\" class=\"flexslider\">\n            <ul aria-live=\"polite\" class=\"slides\">\n                <li style=\"display: block; width: 100%;\" class=\"slide-24167 ms-image \" aria-roledescription=\"slide\" aria-label=\"slide-24167\"><img loading=\"lazy\" decoding=\"async\" src=\"https:\/\/5lo.lublin.pl\/wp-content\/uploads\/2023\/05\/350023319_633234888349892_1210662811683805895_n-1500x900.jpg\" height=\"900\" width=\"1500\" alt=\"\" class=\"slider-24161 slide-24167\" title=\"350023319_633234888349892_1210662811683805895_n\" \/><\/li>\n                <li style=\"display: none; width: 100%;\" class=\"slide-24168 ms-image \" aria-roledescription=\"slide\" aria-label=\"slide-24168\"><img loading=\"lazy\" decoding=\"async\" src=\"https:\/\/5lo.lublin.pl\/wp-content\/uploads\/2023\/05\/349259670_6768002039896359_1994057993194155901_n-1500x900.jpg\" height=\"900\" width=\"1500\" alt=\"\" class=\"slider-24161 slide-24168\" title=\"349259670_6768002039896359_1994057993194155901_n\" \/><\/li>\n                <li style=\"display: none; width: 100%;\" class=\"slide-24169 ms-image \" aria-roledescription=\"slide\" aria-label=\"slide-24169\"><img loading=\"lazy\" decoding=\"async\" src=\"https:\/\/5lo.lublin.pl\/wp-content\/uploads\/2023\/05\/344979547_946997809782659_2255349659004492646_n-1170x701.jpg\" height=\"900\" width=\"1500\" alt=\"\" class=\"slider-24161 slide-24169\" title=\"344979547_946997809782659_2255349659004492646_n\" \/><\/li>\n                <li style=\"display: none; width: 100%;\" class=\"slide-24170 ms-image \" aria-roledescription=\"slide\" aria-label=\"slide-24170\"><img loading=\"lazy\" decoding=\"async\" src=\"https:\/\/5lo.lublin.pl\/wp-content\/uploads\/2023\/05\/343559671_935292171056957_1275334765655059174_n-1170x701.jpg\" height=\"900\" width=\"1500\" alt=\"\" class=\"slider-24161 slide-24170\" title=\"343559671_935292171056957_1275334765655059174_n\" \/><\/li>\n                <li style=\"display: none; width: 100%;\" class=\"slide-24171 ms-image \" aria-roledescription=\"slide\" aria-label=\"slide-24171\"><img loading=\"lazy\" decoding=\"async\" src=\"https:\/\/5lo.lublin.pl\/wp-content\/uploads\/2023\/05\/343465295_910815520109144_2063246245514952169_n-1170x701.jpg\" height=\"900\" width=\"1500\" alt=\"\" class=\"slider-24161 slide-24171\" title=\"343465295_910815520109144_2063246245514952169_n\" \/><\/li>\n                <li style=\"display: none; width: 100%;\" class=\"slide-24175 ms-image \" aria-roledescription=\"slide\" aria-label=\"slide-24175\"><img loading=\"lazy\" decoding=\"async\" src=\"https:\/\/5lo.lublin.pl\/wp-content\/uploads\/2023\/05\/348362464_1396344694272276_7928102552214005116_n-1202x721.jpg\" height=\"900\" width=\"1500\" alt=\"\" class=\"slider-24161 slide-24175\" title=\"348362464_1396344694272276_7928102552214005116_n\" \/><\/li>\n                <li style=\"display: none; width: 100%;\" class=\"slide-24176 ms-image \" aria-roledescription=\"slide\" aria-label=\"slide-24176\"><img loading=\"lazy\" decoding=\"async\" src=\"https:\/\/5lo.lublin.pl\/wp-content\/uploads\/2023\/05\/348358786_682155040301314_7398247793103724099_n-1500x900.jpg\" height=\"900\" width=\"1500\" alt=\"\" class=\"slider-24161 slide-24176\" title=\"348358786_682155040301314_7398247793103724099_n\" \/><\/li>\n            <\/ul>\n        <\/div>\n        \n    <\/div>\n<\/div>\n","protected":false},"excerpt":{"rendered":"<p>W dniach 24-26.05.2023r. odby\u0142 si\u0119 Og\u00f3lnopolski Fina\u0142 Szk\u00f3\u0142 Ponadpodstawowych Licealiada w koszyk\u00f3wce dziewcz\u0105t. Nasze wspania\u0142e zdziesi\u0105tkowane dziewczyny po trudnych i wyczerpuj\u0105cych meczach zdoby\u0142y wysokie 6 miejsce na 16 dru\u017cyn. Wyjazd ten m\u00f3g\u0142 si\u0119 odby\u0107 dzi\u0119ki uprzejmo\u015bci finansowej: Fundacja Rozwoju Sportu w Lublinie, Rada Rodzic\u00f3w V LO, OSK IDrive. Liczymy na dalsze sukcesy naszych koszykarek! Sk\u0142ad [&hellip;]<\/p>\n","protected":false},"author":12,"featured_media":24172,"comment_status":"closed","ping_status":"open","sticky":false,"template":"","format":"standard","meta":{"footnotes":""},"categories":[362,134,138,133],"tags":[],"_links":{"self":[{"href":"https:\/\/5lo.lublin.pl\/index.php?rest_route=\/wp\/v2\/posts\/24158"}],"collection":[{"href":"https:\/\/5lo.lublin.pl\/index.php?rest_route=\/wp\/v2\/posts"}],"about":[{"href":"https:\/\/5lo.lublin.pl\/index.php?rest_route=\/wp\/v2\/types\/post"}],"author":[{"embeddable":true,"href":"https:\/\/5lo.lublin.pl\/index.php?rest_route=\/wp\/v2\/users\/12"}],"replies":[{"embeddable":true,"href":"https:\/\/5lo.lublin.pl\/index.php?rest_route=%2Fwp%2Fv2%2Fcomments&post=24158"}],"version-history":[{"count":1,"href":"https:\/\/5lo.lublin.pl\/index.php?rest_route=\/wp\/v2\/posts\/24158\/revisions"}],"predecessor-version":[{"id":24173,"href":"https:\/\/5lo.lublin.pl\/index.php?rest_route=\/wp\/v2\/posts\/24158\/revisions\/24173"}],"wp:featuredmedia":[{"embeddable":true,"href":"https:\/\/5lo.lublin.pl\/index.php?rest_route=\/wp\/v2\/media\/24172"}],"wp:attachment":[{"href":"https:\/\/5lo.lublin.pl\/index.php?rest_route=%2Fwp%2Fv2%2Fmedia&parent=24158"}],"wp:term":[{"taxonomy":"category","embeddable":true,"href":"https:\/\/5lo.lublin.pl\/index.php?rest_route=%2Fwp%2Fv2%2Fcategories&post=24158"},{"taxonomy":"post_tag","embeddable":true,"href":"https:\/\/5lo.lublin.pl\/index.php?rest_route=%2Fwp%2Fv2%2Ftags&post=24158"}],"curies":[{"name":"wp","href":"https:\/\/api.w.org\/{rel}","templated":true}]}}