{"id":23878,"date":"2023-04-26T18:19:54","date_gmt":"2023-04-26T18:19:54","guid":{"rendered":"https:\/\/5lo.lublin.pl\/?p=23878"},"modified":"2023-05-03T10:48:19","modified_gmt":"2023-05-03T10:48:19","slug":"brazowy-wilk-dla-uczennic-vlo","status":"publish","type":"post","link":"https:\/\/5lo.lublin.pl\/?p=23878","title":{"rendered":"&#8222;Br\u0105zowy Wilk dla uczennic VLO!&#8221;"},"content":{"rendered":"\n<figure class=\"wp-block-image size-large\"><img loading=\"lazy\" decoding=\"async\" width=\"1024\" height=\"577\" src=\"https:\/\/5lo.lublin.pl\/wp-content\/uploads\/2023\/04\/339806190_1621239701645657_8200557775998867263_n-1024x577.jpg\" alt=\"\" class=\"wp-image-23885\" srcset=\"https:\/\/5lo.lublin.pl\/wp-content\/uploads\/2023\/04\/339806190_1621239701645657_8200557775998867263_n-1024x577.jpg 1024w, https:\/\/5lo.lublin.pl\/wp-content\/uploads\/2023\/04\/339806190_1621239701645657_8200557775998867263_n-300x169.jpg 300w, https:\/\/5lo.lublin.pl\/wp-content\/uploads\/2023\/04\/339806190_1621239701645657_8200557775998867263_n-768x432.jpg 768w, https:\/\/5lo.lublin.pl\/wp-content\/uploads\/2023\/04\/339806190_1621239701645657_8200557775998867263_n-1536x865.jpg 1536w, https:\/\/5lo.lublin.pl\/wp-content\/uploads\/2023\/04\/339806190_1621239701645657_8200557775998867263_n.jpg 1792w\" sizes=\"(max-width: 1024px) 100vw, 1024px\" \/><\/figure>\n\n\n\n<p>21.04.2023 odby\u0142a si\u0119 Gala IX Og\u00f3lnopolskiej Olimpiady \u201eZwolnieni z Teorii\u201d ,w kt\u00f3rej wzi\u0119\u0142y udzia\u0142 uczennice klasy 2c \u2013 Aleksandra Majewska, Wiktoria Majewska, Wiktoria Piwo\u0144ska, Nina Ciekot, Milena Dom\u017ca\u0142 z projektu &#8222;Dziewcz\u0119ta ratuj\u0105 zwierz\u0119ta&#8221; (sz\u00f3sta uczestniczka projektu, Zuzanna Brzozowicz kibicowa\u0142a dziewczynom z Lublina). Uczennice za sw\u00f3j projekt otrzyma\u0142y nagrod\u0119 \u2013\u201eBr\u0105zowego Wilka\u201d za najlepszy projekt w swojej szkole.<\/p>\n\n\n\n<figure class=\"wp-block-gallery has-nested-images columns-default is-cropped wp-block-gallery-1 is-layout-flex wp-block-gallery-is-layout-flex\">\n<figure class=\"wp-block-image size-large\"><img loading=\"lazy\" decoding=\"async\" width=\"768\" height=\"1024\" data-id=\"23880\" src=\"https:\/\/5lo.lublin.pl\/wp-content\/uploads\/2023\/04\/339761007_902736447698266_5207968960571227540_n-768x1024.jpg\" alt=\"\" class=\"wp-image-23880\" srcset=\"https:\/\/5lo.lublin.pl\/wp-content\/uploads\/2023\/04\/339761007_902736447698266_5207968960571227540_n-768x1024.jpg 768w, https:\/\/5lo.lublin.pl\/wp-content\/uploads\/2023\/04\/339761007_902736447698266_5207968960571227540_n-225x300.jpg 225w, https:\/\/5lo.lublin.pl\/wp-content\/uploads\/2023\/04\/339761007_902736447698266_5207968960571227540_n-1152x1536.jpg 1152w, https:\/\/5lo.lublin.pl\/wp-content\/uploads\/2023\/04\/339761007_902736447698266_5207968960571227540_n.jpg 1536w\" sizes=\"(max-width: 768px) 100vw, 768px\" \/><\/figure>\n\n\n\n<figure class=\"wp-block-image size-large\"><img loading=\"lazy\" decoding=\"async\" width=\"582\" height=\"1024\" data-id=\"23881\" src=\"https:\/\/5lo.lublin.pl\/wp-content\/uploads\/2023\/04\/339914484_616186937087015_3402479142583465351_n-582x1024.jpg\" alt=\"\" class=\"wp-image-23881\" srcset=\"https:\/\/5lo.lublin.pl\/wp-content\/uploads\/2023\/04\/339914484_616186937087015_3402479142583465351_n-582x1024.jpg 582w, https:\/\/5lo.lublin.pl\/wp-content\/uploads\/2023\/04\/339914484_616186937087015_3402479142583465351_n-171x300.jpg 171w, https:\/\/5lo.lublin.pl\/wp-content\/uploads\/2023\/04\/339914484_616186937087015_3402479142583465351_n-768x1351.jpg 768w, https:\/\/5lo.lublin.pl\/wp-content\/uploads\/2023\/04\/339914484_616186937087015_3402479142583465351_n-873x1536.jpg 873w, https:\/\/5lo.lublin.pl\/wp-content\/uploads\/2023\/04\/339914484_616186937087015_3402479142583465351_n.jpg 1164w\" sizes=\"(max-width: 582px) 100vw, 582px\" \/><\/figure>\n\n\n\n<figure class=\"wp-block-image size-large\"><img loading=\"lazy\" decoding=\"async\" width=\"768\" height=\"1024\" data-id=\"23884\" src=\"https:\/\/5lo.lublin.pl\/wp-content\/uploads\/2023\/04\/339927589_941530600313119_2882155735253861871_n-768x1024.jpg\" alt=\"\" class=\"wp-image-23884\" srcset=\"https:\/\/5lo.lublin.pl\/wp-content\/uploads\/2023\/04\/339927589_941530600313119_2882155735253861871_n-768x1024.jpg 768w, https:\/\/5lo.lublin.pl\/wp-content\/uploads\/2023\/04\/339927589_941530600313119_2882155735253861871_n-225x300.jpg 225w, https:\/\/5lo.lublin.pl\/wp-content\/uploads\/2023\/04\/339927589_941530600313119_2882155735253861871_n-1152x1536.jpg 1152w, https:\/\/5lo.lublin.pl\/wp-content\/uploads\/2023\/04\/339927589_941530600313119_2882155735253861871_n.jpg 1536w\" sizes=\"(max-width: 768px) 100vw, 768px\" \/><\/figure>\n\n\n\n<figure class=\"wp-block-image size-large\"><img loading=\"lazy\" decoding=\"async\" width=\"1018\" height=\"1024\" data-id=\"23883\" src=\"https:\/\/5lo.lublin.pl\/wp-content\/uploads\/2023\/04\/339985801_187638790812079_1185770319892671208_n-1018x1024.jpg\" alt=\"\" class=\"wp-image-23883\" srcset=\"https:\/\/5lo.lublin.pl\/wp-content\/uploads\/2023\/04\/339985801_187638790812079_1185770319892671208_n-1018x1024.jpg 1018w, https:\/\/5lo.lublin.pl\/wp-content\/uploads\/2023\/04\/339985801_187638790812079_1185770319892671208_n-298x300.jpg 298w, https:\/\/5lo.lublin.pl\/wp-content\/uploads\/2023\/04\/339985801_187638790812079_1185770319892671208_n-150x150.jpg 150w, https:\/\/5lo.lublin.pl\/wp-content\/uploads\/2023\/04\/339985801_187638790812079_1185770319892671208_n-768x773.jpg 768w, https:\/\/5lo.lublin.pl\/wp-content\/uploads\/2023\/04\/339985801_187638790812079_1185770319892671208_n-1527x1536.jpg 1527w, https:\/\/5lo.lublin.pl\/wp-content\/uploads\/2023\/04\/339985801_187638790812079_1185770319892671208_n-120x120.jpg 120w, https:\/\/5lo.lublin.pl\/wp-content\/uploads\/2023\/04\/339985801_187638790812079_1185770319892671208_n.jpg 2036w\" sizes=\"(max-width: 1018px) 100vw, 1018px\" \/><\/figure>\n\n\n\n<figure class=\"wp-block-image size-large\"><img loading=\"lazy\" decoding=\"async\" width=\"792\" height=\"1024\" data-id=\"23882\" src=\"https:\/\/5lo.lublin.pl\/wp-content\/uploads\/2023\/04\/Bez-nazwy-792x1024.jpg\" alt=\"\" class=\"wp-image-23882\" srcset=\"https:\/\/5lo.lublin.pl\/wp-content\/uploads\/2023\/04\/Bez-nazwy-792x1024.jpg 792w, https:\/\/5lo.lublin.pl\/wp-content\/uploads\/2023\/04\/Bez-nazwy-232x300.jpg 232w, https:\/\/5lo.lublin.pl\/wp-content\/uploads\/2023\/04\/Bez-nazwy-768x993.jpg 768w, https:\/\/5lo.lublin.pl\/wp-content\/uploads\/2023\/04\/Bez-nazwy-1188x1536.jpg 1188w, https:\/\/5lo.lublin.pl\/wp-content\/uploads\/2023\/04\/Bez-nazwy.jpg 1216w\" sizes=\"(max-width: 792px) 100vw, 792px\" \/><\/figure>\n<\/figure>\n","protected":false},"excerpt":{"rendered":"<p>21.04.2023 odby\u0142a si\u0119 Gala IX Og\u00f3lnopolskiej Olimpiady \u201eZwolnieni z Teorii\u201d ,w kt\u00f3rej wzi\u0119\u0142y udzia\u0142 uczennice klasy 2c \u2013 Aleksandra Majewska, Wiktoria Majewska, Wiktoria Piwo\u0144ska, Nina Ciekot, Milena Dom\u017ca\u0142 z projektu &#8222;Dziewcz\u0119ta ratuj\u0105 zwierz\u0119ta&#8221; (sz\u00f3sta uczestniczka projektu, Zuzanna Brzozowicz kibicowa\u0142a dziewczynom z Lublina). Uczennice za sw\u00f3j projekt otrzyma\u0142y nagrod\u0119 \u2013\u201eBr\u0105zowego Wilka\u201d za najlepszy projekt w swojej [&hellip;]<\/p>\n","protected":false},"author":29,"featured_media":23879,"comment_status":"closed","ping_status":"open","sticky":false,"template":"","format":"standard","meta":{"footnotes":""},"categories":[1,360,134,133],"tags":[],"_links":{"self":[{"href":"https:\/\/5lo.lublin.pl\/index.php?rest_route=\/wp\/v2\/posts\/23878"}],"collection":[{"href":"https:\/\/5lo.lublin.pl\/index.php?rest_route=\/wp\/v2\/posts"}],"about":[{"href":"https:\/\/5lo.lublin.pl\/index.php?rest_route=\/wp\/v2\/types\/post"}],"author":[{"embeddable":true,"href":"https:\/\/5lo.lublin.pl\/index.php?rest_route=\/wp\/v2\/users\/29"}],"replies":[{"embeddable":true,"href":"https:\/\/5lo.lublin.pl\/index.php?rest_route=%2Fwp%2Fv2%2Fcomments&post=23878"}],"version-history":[{"count":1,"href":"https:\/\/5lo.lublin.pl\/index.php?rest_route=\/wp\/v2\/posts\/23878\/revisions"}],"predecessor-version":[{"id":24103,"href":"https:\/\/5lo.lublin.pl\/index.php?rest_route=\/wp\/v2\/posts\/23878\/revisions\/24103"}],"wp:featuredmedia":[{"embeddable":true,"href":"https:\/\/5lo.lublin.pl\/index.php?rest_route=\/wp\/v2\/media\/23879"}],"wp:attachment":[{"href":"https:\/\/5lo.lublin.pl\/index.php?rest_route=%2Fwp%2Fv2%2Fmedia&parent=23878"}],"wp:term":[{"taxonomy":"category","embeddable":true,"href":"https:\/\/5lo.lublin.pl\/index.php?rest_route=%2Fwp%2Fv2%2Fcategories&post=23878"},{"taxonomy":"post_tag","embeddable":true,"href":"https:\/\/5lo.lublin.pl\/index.php?rest_route=%2Fwp%2Fv2%2Ftags&post=23878"}],"curies":[{"name":"wp","href":"https:\/\/api.w.org\/{rel}","templated":true}]}}