{"id":23835,"date":"2023-04-24T12:52:04","date_gmt":"2023-04-24T12:52:04","guid":{"rendered":"https:\/\/5lo.lublin.pl\/?p=23835"},"modified":"2023-04-24T12:52:09","modified_gmt":"2023-04-24T12:52:09","slug":"cisza-w-poezji-ogloszenie-wynikow-xix-wojewodzkiego-konkursu-literackiego","status":"publish","type":"post","link":"https:\/\/5lo.lublin.pl\/?p=23835","title":{"rendered":"Cisza w poezji &#8211; Og\u0142oszenie wynik\u00f3w XIX Wojew\u00f3dzkiego\u00a0 Konkursu Literackiego"},"content":{"rendered":"\n<p>Poznali\u015bmy laureat\u00f3w XIX Wojew\u00f3dzkiego\u00a0 Konkursu Literackiego. Laureatk\u0105 w kategorii Poezja- szko\u0142y ponadpodstawowe zosta\u0142a Liwia \u0141ukianiuk uczennica klasy 2g- laureatka\u00a0i finalistka wielu og\u00f3lnopolskich i wojew\u00f3dzkich konkurs\u00f3w.\u00a0 Uroczysto\u015b\u0107 rozdania nagr\u00f3d odb\u0119dzie si\u0119 19 czerwca w Centrum Spotkania Kultur w Lublinie.<\/p>\n\n\n\n<p>Serdecznie gratulujemy kolejnego wspania\u0142ego sukcesu i \u017cyczymy dalszych nagr\u00f3d.<\/p>\n\n\n\n<p>\u201eWszystko jest poezja\u201d<\/p>\n\n\n\n<p>Magdalena Kobyli\u0144ska- nauczycielka\u00a0 j\u0119zyka polskiego klasy 2g<\/p>\n\n\n\n<figure class=\"wp-block-image size-full\"><img loading=\"lazy\" decoding=\"async\" width=\"945\" height=\"831\" src=\"https:\/\/5lo.lublin.pl\/wp-content\/uploads\/2023\/04\/image-17.png\" alt=\"\" class=\"wp-image-23836\" srcset=\"https:\/\/5lo.lublin.pl\/wp-content\/uploads\/2023\/04\/image-17.png 945w, https:\/\/5lo.lublin.pl\/wp-content\/uploads\/2023\/04\/image-17-300x264.png 300w, https:\/\/5lo.lublin.pl\/wp-content\/uploads\/2023\/04\/image-17-768x675.png 768w\" sizes=\"(max-width: 945px) 100vw, 945px\" \/><\/figure>\n\n\n\n<p>\u00a0Plakat promuj\u0105cy konkurs <a href=\"https:\/\/www.spotkaniakultur.com\/pl\/\" target=\"_blank\" rel=\"noreferrer noopener\">https:\/\/www.spotkaniakultur.com\/pl\/<\/a><\/p>\n","protected":false},"excerpt":{"rendered":"<p>Poznali\u015bmy laureat\u00f3w XIX Wojew\u00f3dzkiego\u00a0 Konkursu Literackiego. Laureatk\u0105 w kategorii Poezja- szko\u0142y ponadpodstawowe zosta\u0142a Liwia \u0141ukianiuk uczennica klasy 2g- laureatka\u00a0i finalistka wielu og\u00f3lnopolskich i wojew\u00f3dzkich konkurs\u00f3w.\u00a0 Uroczysto\u015b\u0107 rozdania nagr\u00f3d odb\u0119dzie si\u0119 19 czerwca w Centrum Spotkania Kultur w Lublinie. Serdecznie gratulujemy kolejnego wspania\u0142ego sukcesu i \u017cyczymy dalszych nagr\u00f3d. \u201eWszystko jest poezja\u201d Magdalena Kobyli\u0144ska- nauczycielka\u00a0 j\u0119zyka polskiego [&hellip;]<\/p>\n","protected":false},"author":29,"featured_media":23836,"comment_status":"closed","ping_status":"open","sticky":false,"template":"","format":"standard","meta":{"footnotes":""},"categories":[363,1,134,133],"tags":[],"_links":{"self":[{"href":"https:\/\/5lo.lublin.pl\/index.php?rest_route=\/wp\/v2\/posts\/23835"}],"collection":[{"href":"https:\/\/5lo.lublin.pl\/index.php?rest_route=\/wp\/v2\/posts"}],"about":[{"href":"https:\/\/5lo.lublin.pl\/index.php?rest_route=\/wp\/v2\/types\/post"}],"author":[{"embeddable":true,"href":"https:\/\/5lo.lublin.pl\/index.php?rest_route=\/wp\/v2\/users\/29"}],"replies":[{"embeddable":true,"href":"https:\/\/5lo.lublin.pl\/index.php?rest_route=%2Fwp%2Fv2%2Fcomments&post=23835"}],"version-history":[{"count":1,"href":"https:\/\/5lo.lublin.pl\/index.php?rest_route=\/wp\/v2\/posts\/23835\/revisions"}],"predecessor-version":[{"id":23837,"href":"https:\/\/5lo.lublin.pl\/index.php?rest_route=\/wp\/v2\/posts\/23835\/revisions\/23837"}],"wp:featuredmedia":[{"embeddable":true,"href":"https:\/\/5lo.lublin.pl\/index.php?rest_route=\/wp\/v2\/media\/23836"}],"wp:attachment":[{"href":"https:\/\/5lo.lublin.pl\/index.php?rest_route=%2Fwp%2Fv2%2Fmedia&parent=23835"}],"wp:term":[{"taxonomy":"category","embeddable":true,"href":"https:\/\/5lo.lublin.pl\/index.php?rest_route=%2Fwp%2Fv2%2Fcategories&post=23835"},{"taxonomy":"post_tag","embeddable":true,"href":"https:\/\/5lo.lublin.pl\/index.php?rest_route=%2Fwp%2Fv2%2Ftags&post=23835"}],"curies":[{"name":"wp","href":"https:\/\/api.w.org\/{rel}","templated":true}]}}