{"id":23711,"date":"2023-04-23T19:00:17","date_gmt":"2023-04-23T19:00:17","guid":{"rendered":"https:\/\/5lo.lublin.pl\/?p=23711"},"modified":"2023-04-24T05:37:35","modified_gmt":"2023-04-24T05:37:35","slug":"udzial-maturzystek-v-lo-w-ii-etapie-olimpiady-wiedzy-o-rodzinie","status":"publish","type":"post","link":"https:\/\/5lo.lublin.pl\/?p=23711","title":{"rendered":"Udzia\u0142 maturzystek V LO w II etapie Olimpiady Wiedzy o Rodzinie"},"content":{"rendered":"\n<p>W marcu br., w gmachu Katolickiego Uniwersytetu Lubelskiego odby\u0142 si\u0119 II etap Olimpiady Wiedzy o Rodzinie. Uczestniczy\u0142y w nim tegoroczne maturzystki Katarzyna Lendzion i \u0141ucja Rymuszka&nbsp; z klasy 4c. Zadanie polega\u0142o na przygotowaniu prezentacji na jeden z dziesi\u0119ciu temat\u00f3w dotycz\u0105cy ma\u0142\u017ce\u0144stwa i rodziny, na podstawie wskazanej przez organizator\u00f3w literatury. Kasia i \u0141ucja wykona\u0142y prezentacj\u0119 na temat \u201eOd zakochania do mi\u0142o\u015bci\u201d. Mo\u017cna j\u0105 zobaczy\u0107 tutaj: <a href=\"https:\/\/docs.google.com\/presentation\/d\/1vMPbstZHSRDn8VLsZr1v0CSdbrMvnoaT\/edit#slide=id.p1\" target=\"_blank\" rel=\"noreferrer noopener\">https:\/\/docs.google.com\/presentation\/d\/1vMPbstZHSRDn8VLsZr1v0CSdbrMvnoaT\/edit#slide=id.p1<\/a><\/p>\n\n\n\n<p>Ocenie podlega\u0142 przygotowany materia\u0142 jak i spos\u00f3b jego przedstawienia, a tak\u017ce odpowied\u017a na pytania dotycz\u0105ce problematyki prezentacji.&nbsp;Uczestnicy II etapu olimpiady mog\u0105 skorzysta\u0107 z nagrody w postaci indeks\u00f3w na kierunek studi\u00f3w nauki o rodzinie.<\/p>\n\n\n<div class=\"wp-block-image\">\n<figure class=\"aligncenter size-full\"><img loading=\"lazy\" decoding=\"async\" width=\"324\" height=\"629\" src=\"https:\/\/5lo.lublin.pl\/wp-content\/uploads\/2023\/04\/image-15.png\" alt=\"\" class=\"wp-image-23712\" srcset=\"https:\/\/5lo.lublin.pl\/wp-content\/uploads\/2023\/04\/image-15.png 324w, https:\/\/5lo.lublin.pl\/wp-content\/uploads\/2023\/04\/image-15-155x300.png 155w\" sizes=\"(max-width: 324px) 100vw, 324px\" \/><\/figure><\/div>\n\n\n<p>Maturzystkom Kasi i \u0141ucji gratulujemy!<\/p>\n","protected":false},"excerpt":{"rendered":"<p>W marcu br., w gmachu Katolickiego Uniwersytetu Lubelskiego odby\u0142 si\u0119 II etap Olimpiady Wiedzy o Rodzinie. Uczestniczy\u0142y w nim tegoroczne maturzystki Katarzyna Lendzion i \u0141ucja Rymuszka&nbsp; z klasy 4c. Zadanie polega\u0142o na przygotowaniu prezentacji na jeden z dziesi\u0119ciu temat\u00f3w dotycz\u0105cy ma\u0142\u017ce\u0144stwa i rodziny, na podstawie wskazanej przez organizator\u00f3w literatury. Kasia i \u0141ucja wykona\u0142y prezentacj\u0119 na [&hellip;]<\/p>\n","protected":false},"author":29,"featured_media":23832,"comment_status":"closed","ping_status":"open","sticky":false,"template":"","format":"standard","meta":{"footnotes":""},"categories":[1,360,134,133],"tags":[],"_links":{"self":[{"href":"https:\/\/5lo.lublin.pl\/index.php?rest_route=\/wp\/v2\/posts\/23711"}],"collection":[{"href":"https:\/\/5lo.lublin.pl\/index.php?rest_route=\/wp\/v2\/posts"}],"about":[{"href":"https:\/\/5lo.lublin.pl\/index.php?rest_route=\/wp\/v2\/types\/post"}],"author":[{"embeddable":true,"href":"https:\/\/5lo.lublin.pl\/index.php?rest_route=\/wp\/v2\/users\/29"}],"replies":[{"embeddable":true,"href":"https:\/\/5lo.lublin.pl\/index.php?rest_route=%2Fwp%2Fv2%2Fcomments&post=23711"}],"version-history":[{"count":1,"href":"https:\/\/5lo.lublin.pl\/index.php?rest_route=\/wp\/v2\/posts\/23711\/revisions"}],"predecessor-version":[{"id":23833,"href":"https:\/\/5lo.lublin.pl\/index.php?rest_route=\/wp\/v2\/posts\/23711\/revisions\/23833"}],"wp:featuredmedia":[{"embeddable":true,"href":"https:\/\/5lo.lublin.pl\/index.php?rest_route=\/wp\/v2\/media\/23832"}],"wp:attachment":[{"href":"https:\/\/5lo.lublin.pl\/index.php?rest_route=%2Fwp%2Fv2%2Fmedia&parent=23711"}],"wp:term":[{"taxonomy":"category","embeddable":true,"href":"https:\/\/5lo.lublin.pl\/index.php?rest_route=%2Fwp%2Fv2%2Fcategories&post=23711"},{"taxonomy":"post_tag","embeddable":true,"href":"https:\/\/5lo.lublin.pl\/index.php?rest_route=%2Fwp%2Fv2%2Ftags&post=23711"}],"curies":[{"name":"wp","href":"https:\/\/api.w.org\/{rel}","templated":true}]}}