{"id":23595,"date":"2023-04-06T12:12:35","date_gmt":"2023-04-06T12:12:35","guid":{"rendered":"https:\/\/5lo.lublin.pl\/?p=23595"},"modified":"2023-04-06T12:12:39","modified_gmt":"2023-04-06T12:12:39","slug":"vii-olimpiada-wiedzy-o-bezpieczenstwie-i-obronnosci-3","status":"publish","type":"post","link":"https:\/\/5lo.lublin.pl\/?p=23595","title":{"rendered":"VII OLIMPIADA WIEDZY O BEZPIECZE\u0143STWIE I OBRONNO\u015aCI"},"content":{"rendered":"\n<p class=\"has-text-align-center\">Z przyjemno\u015bci\u0105 informujemy, \u017ce ucze\u0144 klasy 1f<\/p>\n\n\n\n<p class=\"has-text-align-center\"><strong>Oskar Jak\u00f3bczyk<\/strong><\/p>\n\n\n\n<p class=\"has-text-align-center\">uzyska\u0142 tytu\u0142 laureata VII Olimpiady Wiedzy o Bezpiecze\u0144stwie i Obronno\u015bci<\/p>\n\n\n\n<p class=\"has-text-align-center\">Opiekunowie: Ryszard Kotowski i Sylwia Sa\u0142\u0119gowska-Poniewozik<\/p>\n\n\n\n<p class=\"has-text-align-center\"><br \/>Serdecznie gratulujemy!<\/p>\n\n\n<div class=\"wp-block-image\">\n<figure class=\"aligncenter size-full\"><img loading=\"lazy\" decoding=\"async\" width=\"600\" height=\"845\" src=\"https:\/\/5lo.lublin.pl\/wp-content\/uploads\/2023\/04\/owoo_00.jpg\" alt=\"\" class=\"wp-image-23596\" srcset=\"https:\/\/5lo.lublin.pl\/wp-content\/uploads\/2023\/04\/owoo_00.jpg 600w, https:\/\/5lo.lublin.pl\/wp-content\/uploads\/2023\/04\/owoo_00-213x300.jpg 213w\" sizes=\"(max-width: 600px) 100vw, 600px\" \/><\/figure><\/div>\n\n<div class=\"wp-block-image\">\n<figure class=\"aligncenter size-full\"><img loading=\"lazy\" decoding=\"async\" width=\"800\" height=\"370\" src=\"https:\/\/5lo.lublin.pl\/wp-content\/uploads\/2023\/04\/owoo_01.jpg\" alt=\"\" class=\"wp-image-23598\" srcset=\"https:\/\/5lo.lublin.pl\/wp-content\/uploads\/2023\/04\/owoo_01.jpg 800w, https:\/\/5lo.lublin.pl\/wp-content\/uploads\/2023\/04\/owoo_01-300x139.jpg 300w, https:\/\/5lo.lublin.pl\/wp-content\/uploads\/2023\/04\/owoo_01-768x355.jpg 768w\" sizes=\"(max-width: 800px) 100vw, 800px\" \/><\/figure><\/div>","protected":false},"excerpt":{"rendered":"<p>Z przyjemno\u015bci\u0105 informujemy, \u017ce ucze\u0144 klasy 1f Oskar Jak\u00f3bczyk uzyska\u0142 tytu\u0142 laureata VII Olimpiady Wiedzy o Bezpiecze\u0144stwie i Obronno\u015bci Opiekunowie: Ryszard Kotowski i Sylwia Sa\u0142\u0119gowska-Poniewozik Serdecznie gratulujemy!<\/p>\n","protected":false},"author":1,"featured_media":23597,"comment_status":"closed","ping_status":"open","sticky":false,"template":"","format":"standard","meta":{"footnotes":""},"categories":[348,360,134,133],"tags":[],"_links":{"self":[{"href":"https:\/\/5lo.lublin.pl\/index.php?rest_route=\/wp\/v2\/posts\/23595"}],"collection":[{"href":"https:\/\/5lo.lublin.pl\/index.php?rest_route=\/wp\/v2\/posts"}],"about":[{"href":"https:\/\/5lo.lublin.pl\/index.php?rest_route=\/wp\/v2\/types\/post"}],"author":[{"embeddable":true,"href":"https:\/\/5lo.lublin.pl\/index.php?rest_route=\/wp\/v2\/users\/1"}],"replies":[{"embeddable":true,"href":"https:\/\/5lo.lublin.pl\/index.php?rest_route=%2Fwp%2Fv2%2Fcomments&post=23595"}],"version-history":[{"count":1,"href":"https:\/\/5lo.lublin.pl\/index.php?rest_route=\/wp\/v2\/posts\/23595\/revisions"}],"predecessor-version":[{"id":23599,"href":"https:\/\/5lo.lublin.pl\/index.php?rest_route=\/wp\/v2\/posts\/23595\/revisions\/23599"}],"wp:featuredmedia":[{"embeddable":true,"href":"https:\/\/5lo.lublin.pl\/index.php?rest_route=\/wp\/v2\/media\/23597"}],"wp:attachment":[{"href":"https:\/\/5lo.lublin.pl\/index.php?rest_route=%2Fwp%2Fv2%2Fmedia&parent=23595"}],"wp:term":[{"taxonomy":"category","embeddable":true,"href":"https:\/\/5lo.lublin.pl\/index.php?rest_route=%2Fwp%2Fv2%2Fcategories&post=23595"},{"taxonomy":"post_tag","embeddable":true,"href":"https:\/\/5lo.lublin.pl\/index.php?rest_route=%2Fwp%2Fv2%2Ftags&post=23595"}],"curies":[{"name":"wp","href":"https:\/\/api.w.org\/{rel}","templated":true}]}}