{"id":23453,"date":"2023-03-28T15:39:37","date_gmt":"2023-03-28T15:39:37","guid":{"rendered":"https:\/\/5lo.lublin.pl\/?p=23453"},"modified":"2023-03-28T15:39:43","modified_gmt":"2023-03-28T15:39:43","slug":"sukces-w-konkursie-faces-of-america","status":"publish","type":"post","link":"https:\/\/5lo.lublin.pl\/?p=23453","title":{"rendered":"Sukces w konkursie Faces of America"},"content":{"rendered":"\n<p>Po raz kolejny uczniowie V LO udowodnili, \u017ce Ameryka nie jest im obca, \u017ce \u015bwietnie znaj\u0105 nie tylko j\u0119zyk angielski, ale r\u00f3wnie\u017c histori\u0119, kultur\u0119 i geografi\u0119 Stan\u00f3w Zjednoczonych. W og\u00f3lnopolskim konkursie Faces of America, kt\u00f3rego VIII edycja odby\u0142a si\u0119 21 marca na UMCS, dru\u017cyna w sk\u0142adzie Katarzyna Drozd (3c), Patrycja Rennert (3c) oraz Jakub \u017bo\u0142dak (3f) przesz\u0142a do \u015bcis\u0142ego fina\u0142u i zdoby\u0142a VII miejsce. Rywalizacja by\u0142a ogromna, gdy\u017c do drugiego etapu konkursu dopuszczono 50 ze 103 zg\u0142oszonych szk\u00f3\u0142, a w fina\u0142owym te\u015bcie bra\u0142o udzia\u0142 tylko 21 dru\u017cyn, kt\u00f3re przyjecha\u0142y do Lublina z odleg\u0142ych miejscowo\u015bci i miast z ca\u0142ej Polski.<\/p>\n\n\n\n<p>Opiekunem konkursu by\u0142a Ewa Wi\u015bniewska-Matraszek. Gratulujemy wysokiego wyniku!<\/p>\n","protected":false},"excerpt":{"rendered":"<p>Po raz kolejny uczniowie V LO udowodnili, \u017ce Ameryka nie jest im obca, \u017ce \u015bwietnie znaj\u0105 nie tylko j\u0119zyk angielski, ale r\u00f3wnie\u017c histori\u0119, kultur\u0119 i geografi\u0119 Stan\u00f3w Zjednoczonych. W og\u00f3lnopolskim konkursie Faces of America, kt\u00f3rego VIII edycja odby\u0142a si\u0119 21 marca na UMCS, dru\u017cyna w sk\u0142adzie Katarzyna Drozd (3c), Patrycja Rennert (3c) oraz Jakub \u017bo\u0142dak [&hellip;]<\/p>\n","protected":false},"author":1,"featured_media":23454,"comment_status":"closed","ping_status":"open","sticky":false,"template":"","format":"standard","meta":{"footnotes":""},"categories":[179,361,134,371],"tags":[],"_links":{"self":[{"href":"https:\/\/5lo.lublin.pl\/index.php?rest_route=\/wp\/v2\/posts\/23453"}],"collection":[{"href":"https:\/\/5lo.lublin.pl\/index.php?rest_route=\/wp\/v2\/posts"}],"about":[{"href":"https:\/\/5lo.lublin.pl\/index.php?rest_route=\/wp\/v2\/types\/post"}],"author":[{"embeddable":true,"href":"https:\/\/5lo.lublin.pl\/index.php?rest_route=\/wp\/v2\/users\/1"}],"replies":[{"embeddable":true,"href":"https:\/\/5lo.lublin.pl\/index.php?rest_route=%2Fwp%2Fv2%2Fcomments&post=23453"}],"version-history":[{"count":1,"href":"https:\/\/5lo.lublin.pl\/index.php?rest_route=\/wp\/v2\/posts\/23453\/revisions"}],"predecessor-version":[{"id":23455,"href":"https:\/\/5lo.lublin.pl\/index.php?rest_route=\/wp\/v2\/posts\/23453\/revisions\/23455"}],"wp:featuredmedia":[{"embeddable":true,"href":"https:\/\/5lo.lublin.pl\/index.php?rest_route=\/wp\/v2\/media\/23454"}],"wp:attachment":[{"href":"https:\/\/5lo.lublin.pl\/index.php?rest_route=%2Fwp%2Fv2%2Fmedia&parent=23453"}],"wp:term":[{"taxonomy":"category","embeddable":true,"href":"https:\/\/5lo.lublin.pl\/index.php?rest_route=%2Fwp%2Fv2%2Fcategories&post=23453"},{"taxonomy":"post_tag","embeddable":true,"href":"https:\/\/5lo.lublin.pl\/index.php?rest_route=%2Fwp%2Fv2%2Ftags&post=23453"}],"curies":[{"name":"wp","href":"https:\/\/api.w.org\/{rel}","templated":true}]}}