{"id":23446,"date":"2023-03-28T15:21:27","date_gmt":"2023-03-28T15:21:27","guid":{"rendered":"https:\/\/5lo.lublin.pl\/?p=23446"},"modified":"2023-04-19T21:08:08","modified_gmt":"2023-04-19T21:08:08","slug":"ola-fudalej-laureatka-konkursu-unesco","status":"publish","type":"post","link":"https:\/\/5lo.lublin.pl\/?p=23446","title":{"rendered":"<strong>OLA FUDALEJ LAUREATK\u0104 KONKURSU UNESCO!<\/strong>"},"content":{"rendered":"\n<p>Z przyjemno\u015bci\u0105 informujemy o sukcesie naszej uczennicy, Aleksandry Fudalej z kl. 3g w Og\u00f3lnopolskim Konkursie Polskiego Komitetu ds. UNESCO na esej zatytu\u0142owany \u201eCzym jest dla mnie dziedzictwo kultury?\u201d*<\/p>\n\n\n\n<p>Na konkurs nades\u0142ano 17 esej\u00f3w, w tym a\u017c sze\u015b\u0107 prac uczni\u00f3w V Liceum Og\u00f3lnokszta\u0142c\u0105cego w Lublinie, a uczniowie reprezentowali 12 szk\u00f3\u0142 z r\u00f3\u017cnych miast Polski.&nbsp;<\/p>\n\n\n\n<p>Nasz\u0105 szko\u0142\u0119 reprezentowali:<\/p>\n\n\n\n<ul>\n<li>Aleksandra Fudalej, kl. 3g (opiekun: p. prof. Anna Bysiecka-Maciaszek) &#8211; <a href=\"https:\/\/5lo.lublin.pl\/pliki\/Dziedzictwo_kulturowe_esej_OF.pdf\" data-type=\"URL\" target=\"_blank\" rel=\"noreferrer noopener\">praca Oli<\/a><\/li>\n\n\n\n<li>Ewa Mazurek, kl. 2c (opiekun p. prof. Marzena Drozd)<\/li>\n\n\n\n<li>Maria Mitu\u0142a, kl. 2c (opiekun p. prof. Marzena Drozd)<\/li>\n\n\n\n<li>Aleksandra Piasecka, kl. 2c (opiekun p. prof. Marzena Drozd)<\/li>\n\n\n\n<li>Miko\u0142aj Szyma\u0144ski, kl. 2c (opiekun p. prof. Marzena Drozd)<\/li>\n\n\n\n<li>Jakub \u017bo\u0142dak, kl. 3f (opiekun: p. prof. Ewa Wisniewska-Matraszek)<\/li>\n<\/ul>\n\n\n\n<p>Gratulujemy \u015bwietnych wynik\u00f3w oraz ciekawych pomys\u0142\u00f3w na prace o materialnym i niematerialnym dziedzictwie kulturowym.<\/p>\n\n\n\n<p>Zach\u0119camy do zapoznania si\u0119 z przyk\u0142adami \u015bwiatowego dziedzictwa kulturowego na naszej szkolnej gazetce UNESCO, kt\u00f3r\u0105 przygotowali uczniowie klasy 2c przy wsparciu artystycznym Alicji Dudzic i Oliwii Cyranek z klasy 2b. J<\/p>\n\n\n\n<p>Szkolny klub UNESCO<\/p>\n\n\n\n<p>* <a href=\"https:\/\/www.unesco.pl\/article\/1\/wyniki-konkursu-na-esej-czym-jest-dla-mnie-dziedzictwo-kultury\/\" target=\"_blank\" rel=\"noreferrer noopener\">https:\/\/www.unesco.pl\/article\/1\/wyniki-konkursu-na-esej-czym-jest-dla-mnie-dziedzictwo-kultury\/<\/a><\/p>\n\n\n<div class=\"wp-block-image\">\n<figure class=\"aligncenter size-full\"><img loading=\"lazy\" decoding=\"async\" width=\"600\" height=\"899\" src=\"https:\/\/5lo.lublin.pl\/wp-content\/uploads\/2023\/03\/heritage_www.jpg\" alt=\"\" class=\"wp-image-23448\" srcset=\"https:\/\/5lo.lublin.pl\/wp-content\/uploads\/2023\/03\/heritage_www.jpg 600w, https:\/\/5lo.lublin.pl\/wp-content\/uploads\/2023\/03\/heritage_www-200x300.jpg 200w\" sizes=\"(max-width: 600px) 100vw, 600px\" \/><\/figure><\/div>","protected":false},"excerpt":{"rendered":"<p>Z przyjemno\u015bci\u0105 informujemy o sukcesie naszej uczennicy, Aleksandry Fudalej z kl. 3g w Og\u00f3lnopolskim Konkursie Polskiego Komitetu ds. UNESCO na esej zatytu\u0142owany \u201eCzym jest dla mnie dziedzictwo kultury?\u201d* Na konkurs nades\u0142ano 17 esej\u00f3w, w tym a\u017c sze\u015b\u0107 prac uczni\u00f3w V Liceum Og\u00f3lnokszta\u0142c\u0105cego w Lublinie, a uczniowie reprezentowali 12 szk\u00f3\u0142 z r\u00f3\u017cnych miast Polski.&nbsp; Nasz\u0105 szko\u0142\u0119 [&hellip;]<\/p>\n","protected":false},"author":1,"featured_media":23447,"comment_status":"closed","ping_status":"open","sticky":false,"template":"","format":"standard","meta":{"footnotes":""},"categories":[179,361,134,371],"tags":[],"_links":{"self":[{"href":"https:\/\/5lo.lublin.pl\/index.php?rest_route=\/wp\/v2\/posts\/23446"}],"collection":[{"href":"https:\/\/5lo.lublin.pl\/index.php?rest_route=\/wp\/v2\/posts"}],"about":[{"href":"https:\/\/5lo.lublin.pl\/index.php?rest_route=\/wp\/v2\/types\/post"}],"author":[{"embeddable":true,"href":"https:\/\/5lo.lublin.pl\/index.php?rest_route=\/wp\/v2\/users\/1"}],"replies":[{"embeddable":true,"href":"https:\/\/5lo.lublin.pl\/index.php?rest_route=%2Fwp%2Fv2%2Fcomments&post=23446"}],"version-history":[{"count":1,"href":"https:\/\/5lo.lublin.pl\/index.php?rest_route=\/wp\/v2\/posts\/23446\/revisions"}],"predecessor-version":[{"id":23673,"href":"https:\/\/5lo.lublin.pl\/index.php?rest_route=\/wp\/v2\/posts\/23446\/revisions\/23673"}],"wp:featuredmedia":[{"embeddable":true,"href":"https:\/\/5lo.lublin.pl\/index.php?rest_route=\/wp\/v2\/media\/23447"}],"wp:attachment":[{"href":"https:\/\/5lo.lublin.pl\/index.php?rest_route=%2Fwp%2Fv2%2Fmedia&parent=23446"}],"wp:term":[{"taxonomy":"category","embeddable":true,"href":"https:\/\/5lo.lublin.pl\/index.php?rest_route=%2Fwp%2Fv2%2Fcategories&post=23446"},{"taxonomy":"post_tag","embeddable":true,"href":"https:\/\/5lo.lublin.pl\/index.php?rest_route=%2Fwp%2Fv2%2Ftags&post=23446"}],"curies":[{"name":"wp","href":"https:\/\/api.w.org\/{rel}","templated":true}]}}