{"id":23391,"date":"2023-03-19T18:56:25","date_gmt":"2023-03-19T18:56:25","guid":{"rendered":"https:\/\/5lo.lublin.pl\/?p=23391"},"modified":"2023-03-19T18:56:28","modified_gmt":"2023-03-19T18:56:28","slug":"podsumowanie-szkolonego-konkursu-fotograficznego-fizyka-wokol-nas","status":"publish","type":"post","link":"https:\/\/5lo.lublin.pl\/?p=23391","title":{"rendered":"Podsumowanie szkolonego konkursu fotograficznego \u201eFizyka wok\u00f3\u0142 nas\u201d"},"content":{"rendered":"\n<p>13 marca w naszej szkole odby\u0142o si\u0119 uroczyste podsumowanie szkolnego konkursu fotograficznego \u201eFizyka wok\u00f3\u0142 nas\u201d.<\/p>\n\n\n\n<p>Cieszy\u0142 si\u0119 on du\u017cym zainteresowaniem naszych uczni\u00f3w. Wyr\u00f3\u017cnionych zosta\u0142o 25 prac spo\u015br\u00f3d 60 z\u0142o\u017conych na konkurs.<\/p>\n\n\n\n<p>O\u015bmiu uczestnik\u00f3w uzyska\u0142o szczeg\u00f3lne wyr\u00f3\u017cnienie. Oceniaj\u0105c dostarczone fotografie komisja konkursowa bra\u0142a pod uwag\u0119 oryginalno\u015b\u0107 sposobu uj\u0119cia zjawiska fizycznego oraz jako\u015b\u0107 wykonanego zdj\u0119cia.<\/p>\n\n\n\n<p>Autorzy wyr\u00f3\u017cnionych prac odebrali z r\u0105k <strong>Pani Dyrektor Beaty Jezierskiej<\/strong> pami\u0105tkowe dyplomy oraz certyfikaty uprawniaj\u0105ce do odebrania nagrody szczeg\u00f3lnej.<\/p>\n\n\n\n<p>Wszystkie nagrodzone prace b\u0119d\u0105 wyeksponowane na terenie szko\u0142y w formie wystawy pokonkursowej.<\/p>\n\n\n\n<p>Serdecznie gratulujemy wszystkim uczestnikom konkursu, a w szczeg\u00f3lno\u015bci autorom wyr\u00f3\u017cnionych prac.<\/p>\n\n\n\n<figure class=\"wp-block-gallery has-nested-images columns-default is-cropped wp-block-gallery-1 is-layout-flex wp-block-gallery-is-layout-flex\">\n<figure class=\"wp-block-image size-large\"><img loading=\"lazy\" decoding=\"async\" width=\"768\" height=\"1024\" data-id=\"23394\" src=\"https:\/\/5lo.lublin.pl\/wp-content\/uploads\/2023\/03\/2-1-768x1024.jpg\" alt=\"\" class=\"wp-image-23394\" srcset=\"https:\/\/5lo.lublin.pl\/wp-content\/uploads\/2023\/03\/2-1-768x1024.jpg 768w, https:\/\/5lo.lublin.pl\/wp-content\/uploads\/2023\/03\/2-1-225x300.jpg 225w, https:\/\/5lo.lublin.pl\/wp-content\/uploads\/2023\/03\/2-1-1152x1536.jpg 1152w, https:\/\/5lo.lublin.pl\/wp-content\/uploads\/2023\/03\/2-1-1536x2048.jpg 1536w, https:\/\/5lo.lublin.pl\/wp-content\/uploads\/2023\/03\/2-1-scaled.jpg 1920w\" sizes=\"(max-width: 768px) 100vw, 768px\" \/><\/figure>\n\n\n\n<figure class=\"wp-block-image size-large\"><img loading=\"lazy\" decoding=\"async\" width=\"768\" height=\"1024\" data-id=\"23393\" src=\"https:\/\/5lo.lublin.pl\/wp-content\/uploads\/2023\/03\/3-1-768x1024.jpg\" alt=\"\" class=\"wp-image-23393\" srcset=\"https:\/\/5lo.lublin.pl\/wp-content\/uploads\/2023\/03\/3-1-768x1024.jpg 768w, https:\/\/5lo.lublin.pl\/wp-content\/uploads\/2023\/03\/3-1-225x300.jpg 225w, https:\/\/5lo.lublin.pl\/wp-content\/uploads\/2023\/03\/3-1-1152x1536.jpg 1152w, https:\/\/5lo.lublin.pl\/wp-content\/uploads\/2023\/03\/3-1-1536x2048.jpg 1536w, https:\/\/5lo.lublin.pl\/wp-content\/uploads\/2023\/03\/3-1-scaled.jpg 1920w\" sizes=\"(max-width: 768px) 100vw, 768px\" \/><\/figure>\n\n\n\n<figure class=\"wp-block-image size-large\"><img loading=\"lazy\" decoding=\"async\" width=\"768\" height=\"1024\" data-id=\"23395\" src=\"https:\/\/5lo.lublin.pl\/wp-content\/uploads\/2023\/03\/4-768x1024.jpg\" alt=\"\" class=\"wp-image-23395\" srcset=\"https:\/\/5lo.lublin.pl\/wp-content\/uploads\/2023\/03\/4-768x1024.jpg 768w, https:\/\/5lo.lublin.pl\/wp-content\/uploads\/2023\/03\/4-225x300.jpg 225w, https:\/\/5lo.lublin.pl\/wp-content\/uploads\/2023\/03\/4-1152x1536.jpg 1152w, https:\/\/5lo.lublin.pl\/wp-content\/uploads\/2023\/03\/4-1536x2048.jpg 1536w, https:\/\/5lo.lublin.pl\/wp-content\/uploads\/2023\/03\/4-scaled.jpg 1920w\" sizes=\"(max-width: 768px) 100vw, 768px\" \/><\/figure>\n\n\n\n<figure class=\"wp-block-image size-large\"><img loading=\"lazy\" decoding=\"async\" width=\"768\" height=\"1024\" data-id=\"23397\" src=\"https:\/\/5lo.lublin.pl\/wp-content\/uploads\/2023\/03\/5-768x1024.jpg\" alt=\"\" class=\"wp-image-23397\" srcset=\"https:\/\/5lo.lublin.pl\/wp-content\/uploads\/2023\/03\/5-768x1024.jpg 768w, https:\/\/5lo.lublin.pl\/wp-content\/uploads\/2023\/03\/5-225x300.jpg 225w, https:\/\/5lo.lublin.pl\/wp-content\/uploads\/2023\/03\/5-1152x1536.jpg 1152w, https:\/\/5lo.lublin.pl\/wp-content\/uploads\/2023\/03\/5-1536x2048.jpg 1536w, https:\/\/5lo.lublin.pl\/wp-content\/uploads\/2023\/03\/5-scaled.jpg 1920w\" sizes=\"(max-width: 768px) 100vw, 768px\" \/><\/figure>\n\n\n\n<figure class=\"wp-block-image size-large\"><img loading=\"lazy\" decoding=\"async\" width=\"768\" height=\"1024\" data-id=\"23396\" src=\"https:\/\/5lo.lublin.pl\/wp-content\/uploads\/2023\/03\/6-768x1024.jpg\" alt=\"\" class=\"wp-image-23396\" srcset=\"https:\/\/5lo.lublin.pl\/wp-content\/uploads\/2023\/03\/6-768x1024.jpg 768w, https:\/\/5lo.lublin.pl\/wp-content\/uploads\/2023\/03\/6-225x300.jpg 225w, https:\/\/5lo.lublin.pl\/wp-content\/uploads\/2023\/03\/6-1152x1536.jpg 1152w, https:\/\/5lo.lublin.pl\/wp-content\/uploads\/2023\/03\/6-1536x2048.jpg 1536w, https:\/\/5lo.lublin.pl\/wp-content\/uploads\/2023\/03\/6-scaled.jpg 1920w\" sizes=\"(max-width: 768px) 100vw, 768px\" \/><\/figure>\n<\/figure>\n\n\n\n<p><strong><u>Autorzy prac szczeg\u00f3lnie wyr\u00f3\u017cnionych<\/u><\/strong><\/p>\n\n\n\n<p><strong>Igor Korczak 1a<\/strong><\/p>\n\n\n\n<p><strong>Hanna Targo\u0144ska 1h<\/strong><\/p>\n\n\n\n<p><strong>Grzegorz Szczepa\u0144ski 1h<\/strong><\/p>\n\n\n\n<p><strong>Kacper Ga\u0142at 2b<\/strong><\/p>\n\n\n\n<p><strong>Wojciech Drzewicki 2b<\/strong><\/p>\n\n\n\n<p><strong>Karolina Gr\u0105dzka 3a<\/strong><\/p>\n\n\n\n<p><strong>Anna Wili\u0144ska 3b<\/strong><\/p>\n\n\n\n<p><strong>Hanna Bogdanowicz 3g<\/strong><\/p>\n\n\n\n<p><strong><u>Autorzy prac wyr\u00f3\u017cnionych<\/u><\/strong><\/p>\n\n\n\n<p><strong>Mateusz Pyda 1a<\/strong><\/p>\n\n\n\n<p><strong>Miko\u0142aj Kukier 1a<\/strong><\/p>\n\n\n\n<p><strong>Szymon Su\u0142ek 1b<\/strong><\/p>\n\n\n\n<p><strong>Amelia Od\u00f3j 1d<\/strong><\/p>\n\n\n\n<p><strong>Nadia Fudalej 1h<\/strong><\/p>\n\n\n\n<p><strong>Milena Golian 1h<\/strong><\/p>\n\n\n\n<p><strong>Adrian Dziewulski 2b<\/strong><\/p>\n\n\n\n<p><strong>Jakub Szarlip 2b<\/strong><\/p>\n\n\n\n<p><strong>Mateusz \u017bmudzki 2b<\/strong><\/p>\n\n\n\n<p><strong>Nina Ciekot 2c<\/strong><\/p>\n\n\n\n<p><strong>Zuzanna Wiernio 2c<\/strong><\/p>\n\n\n\n<p><strong>Agnieszka Gog\u00f3\u0142 2c<\/strong><\/p>\n\n\n\n<p><strong>Aleksandra \u0106wik 2d<\/strong><\/p>\n\n\n\n<p><strong>Weronika Pasieczna 2d<\/strong><\/p>\n\n\n\n<p><strong>Magdalena Ska\u0142ecka 2d<\/strong><\/p>\n\n\n\n<p><strong>Damian Korulczyk 2f<\/strong><\/p>\n\n\n\n<p><strong>Amelia Wezgraj 3d<\/strong><\/p>\n\n\n\n<p>W zwi\u0105zku z tak licznym zainteresowaniem konkursem organizatorzy planuj\u0105 kolejn\u0105 edycj\u0119 w przysz\u0142ym roku szkolnym.<\/p>\n\n\n\n<p>Nauczyciele fizyki.<\/p>\n","protected":false},"excerpt":{"rendered":"<p>13 marca w naszej szkole odby\u0142o si\u0119 uroczyste podsumowanie szkolnego konkursu fotograficznego \u201eFizyka wok\u00f3\u0142 nas\u201d. Cieszy\u0142 si\u0119 on du\u017cym zainteresowaniem naszych uczni\u00f3w. Wyr\u00f3\u017cnionych zosta\u0142o 25 prac spo\u015br\u00f3d 60 z\u0142o\u017conych na konkurs. O\u015bmiu uczestnik\u00f3w uzyska\u0142o szczeg\u00f3lne wyr\u00f3\u017cnienie. Oceniaj\u0105c dostarczone fotografie komisja konkursowa bra\u0142a pod uwag\u0119 oryginalno\u015b\u0107 sposobu uj\u0119cia zjawiska fizycznego oraz jako\u015b\u0107 wykonanego zdj\u0119cia. Autorzy wyr\u00f3\u017cnionych [&hellip;]<\/p>\n","protected":false},"author":29,"featured_media":23392,"comment_status":"closed","ping_status":"open","sticky":false,"template":"","format":"standard","meta":{"footnotes":""},"categories":[365,1,133],"tags":[],"_links":{"self":[{"href":"https:\/\/5lo.lublin.pl\/index.php?rest_route=\/wp\/v2\/posts\/23391"}],"collection":[{"href":"https:\/\/5lo.lublin.pl\/index.php?rest_route=\/wp\/v2\/posts"}],"about":[{"href":"https:\/\/5lo.lublin.pl\/index.php?rest_route=\/wp\/v2\/types\/post"}],"author":[{"embeddable":true,"href":"https:\/\/5lo.lublin.pl\/index.php?rest_route=\/wp\/v2\/users\/29"}],"replies":[{"embeddable":true,"href":"https:\/\/5lo.lublin.pl\/index.php?rest_route=%2Fwp%2Fv2%2Fcomments&post=23391"}],"version-history":[{"count":1,"href":"https:\/\/5lo.lublin.pl\/index.php?rest_route=\/wp\/v2\/posts\/23391\/revisions"}],"predecessor-version":[{"id":23398,"href":"https:\/\/5lo.lublin.pl\/index.php?rest_route=\/wp\/v2\/posts\/23391\/revisions\/23398"}],"wp:featuredmedia":[{"embeddable":true,"href":"https:\/\/5lo.lublin.pl\/index.php?rest_route=\/wp\/v2\/media\/23392"}],"wp:attachment":[{"href":"https:\/\/5lo.lublin.pl\/index.php?rest_route=%2Fwp%2Fv2%2Fmedia&parent=23391"}],"wp:term":[{"taxonomy":"category","embeddable":true,"href":"https:\/\/5lo.lublin.pl\/index.php?rest_route=%2Fwp%2Fv2%2Fcategories&post=23391"},{"taxonomy":"post_tag","embeddable":true,"href":"https:\/\/5lo.lublin.pl\/index.php?rest_route=%2Fwp%2Fv2%2Ftags&post=23391"}],"curies":[{"name":"wp","href":"https:\/\/api.w.org\/{rel}","templated":true}]}}