{"id":23226,"date":"2023-03-13T19:55:34","date_gmt":"2023-03-13T19:55:34","guid":{"rendered":"https:\/\/5lo.lublin.pl\/?p=23226"},"modified":"2023-03-13T19:55:40","modified_gmt":"2023-03-13T19:55:40","slug":"podsumowanie-projektu-spoleczno-edukacyjnego-swiadome-leku","status":"publish","type":"post","link":"https:\/\/5lo.lublin.pl\/?p=23226","title":{"rendered":"Podsumowanie projektu spo\u0142eczno- edukacyjnego \u201c\u015awiadome l\u0119ku\u201d"},"content":{"rendered":"\n<p>10 marca w Biurowcu Orion na ulicy Spokojnej 2 odby\u0142o si\u0119 uroczyste podsumowanie projektu spo\u0142eczno- edukacyjnego \u201c\u015awiadome l\u0119ku\u201d realizowanego w ramach og\u00f3lnopolskiej Olimpiady Zwolnieni z Teorii.<\/p>\n\n\n\n<p>Celem projektu by\u0142o przybli\u017cenie dzieciom i m\u0142odzie\u017cy tematyki zdrowia psychicznego. W ramach dzia\u0142a\u0144 uczennice przeprowadzi\u0142y prelekcje w klasach pierwszych naszego liceum, oraz dw\u00f3ch szko\u0142ach podstawowych wsp\u00f3\u0142pracuj\u0105cych z zespo\u0142em \u201c\u015awiadome l\u0119ku\u201d podczas realizacji projektu. Dzi\u0119ki prelekcjom ponad 400 os\u00f3b dowiedzia\u0142o si\u0119 do kogo zwr\u00f3ci\u0107 si\u0119 o pomoc w razie potrzeby. Opr\u00f3cz prelekcji dziewcz\u0119tom uda\u0142o si\u0119 przeprowadzi\u0107 zbi\u00f3rk\u0119 przedmiot\u00f3w materialnych dla oddzia\u0142u dzieci i m\u0142odzie\u017cy w Szpitalu Neuropsychiatrycznym w Lublinie.<\/p>\n\n\n\n<p>Dzi\u0119kujemy za tak mi\u0142e przej\u0119cie naszego projektu!<\/p>\n","protected":false},"excerpt":{"rendered":"<p>10 marca w Biurowcu Orion na ulicy Spokojnej 2 odby\u0142o si\u0119 uroczyste podsumowanie projektu spo\u0142eczno- edukacyjnego \u201c\u015awiadome l\u0119ku\u201d realizowanego w ramach og\u00f3lnopolskiej Olimpiady Zwolnieni z Teorii. Celem projektu by\u0142o przybli\u017cenie dzieciom i m\u0142odzie\u017cy tematyki zdrowia psychicznego. W ramach dzia\u0142a\u0144 uczennice przeprowadzi\u0142y prelekcje w klasach pierwszych naszego liceum, oraz dw\u00f3ch szko\u0142ach podstawowych wsp\u00f3\u0142pracuj\u0105cych z zespo\u0142em \u201c\u015awiadome [&hellip;]<\/p>\n","protected":false},"author":1,"featured_media":23227,"comment_status":"closed","ping_status":"open","sticky":false,"template":"","format":"standard","meta":{"footnotes":""},"categories":[179,1,360,133],"tags":[],"_links":{"self":[{"href":"https:\/\/5lo.lublin.pl\/index.php?rest_route=\/wp\/v2\/posts\/23226"}],"collection":[{"href":"https:\/\/5lo.lublin.pl\/index.php?rest_route=\/wp\/v2\/posts"}],"about":[{"href":"https:\/\/5lo.lublin.pl\/index.php?rest_route=\/wp\/v2\/types\/post"}],"author":[{"embeddable":true,"href":"https:\/\/5lo.lublin.pl\/index.php?rest_route=\/wp\/v2\/users\/1"}],"replies":[{"embeddable":true,"href":"https:\/\/5lo.lublin.pl\/index.php?rest_route=%2Fwp%2Fv2%2Fcomments&post=23226"}],"version-history":[{"count":1,"href":"https:\/\/5lo.lublin.pl\/index.php?rest_route=\/wp\/v2\/posts\/23226\/revisions"}],"predecessor-version":[{"id":23228,"href":"https:\/\/5lo.lublin.pl\/index.php?rest_route=\/wp\/v2\/posts\/23226\/revisions\/23228"}],"wp:featuredmedia":[{"embeddable":true,"href":"https:\/\/5lo.lublin.pl\/index.php?rest_route=\/wp\/v2\/media\/23227"}],"wp:attachment":[{"href":"https:\/\/5lo.lublin.pl\/index.php?rest_route=%2Fwp%2Fv2%2Fmedia&parent=23226"}],"wp:term":[{"taxonomy":"category","embeddable":true,"href":"https:\/\/5lo.lublin.pl\/index.php?rest_route=%2Fwp%2Fv2%2Fcategories&post=23226"},{"taxonomy":"post_tag","embeddable":true,"href":"https:\/\/5lo.lublin.pl\/index.php?rest_route=%2Fwp%2Fv2%2Ftags&post=23226"}],"curies":[{"name":"wp","href":"https:\/\/api.w.org\/{rel}","templated":true}]}}