{"id":23223,"date":"2023-03-02T19:49:26","date_gmt":"2023-03-02T19:49:26","guid":{"rendered":"https:\/\/5lo.lublin.pl\/?p=23223"},"modified":"2023-03-13T19:50:40","modified_gmt":"2023-03-13T19:50:40","slug":"witajcie-swiadomi","status":"publish","type":"post","link":"https:\/\/5lo.lublin.pl\/?p=23223","title":{"rendered":"Witajcie \u015awiadomi,"},"content":{"rendered":"\n<p>informujemy i\u017c, 28 lutego zesp\u00f3\u0142 \u015awiadomych l\u0119ku dostarczy\u0142 przedmioty zebrane podczas zbi\u00f3rki \u201cPrzytulnie w szpitalu\u201d realizowanej w naszej szkole w dniach 13.02 -24.02 na Oddzia\u0142 dzieci i m\u0142odzie\u017cy w Szpitalu Neuropsychiatrycznym w Lublinie.<\/p>\n\n\n\n<p>Wszystkim darczy\u0144com dzi\u0119kujemy.<\/p>\n","protected":false},"excerpt":{"rendered":"<p>informujemy i\u017c, 28 lutego zesp\u00f3\u0142 \u015awiadomych l\u0119ku dostarczy\u0142 przedmioty zebrane podczas zbi\u00f3rki \u201cPrzytulnie w szpitalu\u201d realizowanej w naszej szkole w dniach 13.02 -24.02 na Oddzia\u0142 dzieci i m\u0142odzie\u017cy w Szpitalu Neuropsychiatrycznym w Lublinie. Wszystkim darczy\u0144com dzi\u0119kujemy.<\/p>\n","protected":false},"author":1,"featured_media":23224,"comment_status":"closed","ping_status":"open","sticky":false,"template":"","format":"standard","meta":{"footnotes":""},"categories":[179,360,133],"tags":[],"_links":{"self":[{"href":"https:\/\/5lo.lublin.pl\/index.php?rest_route=\/wp\/v2\/posts\/23223"}],"collection":[{"href":"https:\/\/5lo.lublin.pl\/index.php?rest_route=\/wp\/v2\/posts"}],"about":[{"href":"https:\/\/5lo.lublin.pl\/index.php?rest_route=\/wp\/v2\/types\/post"}],"author":[{"embeddable":true,"href":"https:\/\/5lo.lublin.pl\/index.php?rest_route=\/wp\/v2\/users\/1"}],"replies":[{"embeddable":true,"href":"https:\/\/5lo.lublin.pl\/index.php?rest_route=%2Fwp%2Fv2%2Fcomments&post=23223"}],"version-history":[{"count":1,"href":"https:\/\/5lo.lublin.pl\/index.php?rest_route=\/wp\/v2\/posts\/23223\/revisions"}],"predecessor-version":[{"id":23225,"href":"https:\/\/5lo.lublin.pl\/index.php?rest_route=\/wp\/v2\/posts\/23223\/revisions\/23225"}],"wp:featuredmedia":[{"embeddable":true,"href":"https:\/\/5lo.lublin.pl\/index.php?rest_route=\/wp\/v2\/media\/23224"}],"wp:attachment":[{"href":"https:\/\/5lo.lublin.pl\/index.php?rest_route=%2Fwp%2Fv2%2Fmedia&parent=23223"}],"wp:term":[{"taxonomy":"category","embeddable":true,"href":"https:\/\/5lo.lublin.pl\/index.php?rest_route=%2Fwp%2Fv2%2Fcategories&post=23223"},{"taxonomy":"post_tag","embeddable":true,"href":"https:\/\/5lo.lublin.pl\/index.php?rest_route=%2Fwp%2Fv2%2Ftags&post=23223"}],"curies":[{"name":"wp","href":"https:\/\/api.w.org\/{rel}","templated":true}]}}