{"id":23220,"date":"2023-03-10T19:45:02","date_gmt":"2023-03-10T19:45:02","guid":{"rendered":"https:\/\/5lo.lublin.pl\/?p=23220"},"modified":"2023-03-13T19:51:07","modified_gmt":"2023-03-13T19:51:07","slug":"dzien-dobry-piatkowi-uczniowie","status":"publish","type":"post","link":"https:\/\/5lo.lublin.pl\/?p=23220","title":{"rendered":"Dzie\u0144 Dobry pi\u0105tkowi uczniowie,"},"content":{"rendered":"\n<p>9 marca nasz projekt \u201c\u015awiadome l\u0119ku\u201d mia\u0142 okazj\u0119 wyst\u0105pi\u0107 w programie \u201cPoranek mi\u0119dzy Wis\u0142\u0105 a Bugiem\u201d. Udzieli\u0142y\u015bmy tam kr\u00f3tkiego wywiadu na temat przebiegu naszego projektu. Atmosfera zar\u00f3wno przed jak i w czasie nagrywania by\u0142a niesamowita, i na pewno zapami\u0119tamy j\u0105 na d\u0142ugi czas.<\/p>\n\n\n\n<p>Link: <a href=\"https:\/\/lublin.tvp.pl\/68398616\/9-maca-2023\" target=\"_blank\" rel=\"noreferrer noopener\">https:\/\/lublin.tvp.pl\/68398616\/9-maca-2023<\/a><\/p>\n\n\n\n<p>Dzi\u0119kujemy za tak mi\u0142e przyj\u0119cie nas w studio TVP3 Lublin<\/p>\n","protected":false},"excerpt":{"rendered":"<p>9 marca nasz projekt \u201c\u015awiadome l\u0119ku\u201d mia\u0142 okazj\u0119 wyst\u0105pi\u0107 w programie \u201cPoranek mi\u0119dzy Wis\u0142\u0105 a Bugiem\u201d. Udzieli\u0142y\u015bmy tam kr\u00f3tkiego wywiadu na temat przebiegu naszego projektu. Atmosfera zar\u00f3wno przed jak i w czasie nagrywania by\u0142a niesamowita, i na pewno zapami\u0119tamy j\u0105 na d\u0142ugi czas. Link: https:\/\/lublin.tvp.pl\/68398616\/9-maca-2023 Dzi\u0119kujemy za tak mi\u0142e przyj\u0119cie nas w studio TVP3 Lublin<\/p>\n","protected":false},"author":1,"featured_media":23221,"comment_status":"closed","ping_status":"open","sticky":false,"template":"","format":"standard","meta":{"footnotes":""},"categories":[179,360,133],"tags":[],"_links":{"self":[{"href":"https:\/\/5lo.lublin.pl\/index.php?rest_route=\/wp\/v2\/posts\/23220"}],"collection":[{"href":"https:\/\/5lo.lublin.pl\/index.php?rest_route=\/wp\/v2\/posts"}],"about":[{"href":"https:\/\/5lo.lublin.pl\/index.php?rest_route=\/wp\/v2\/types\/post"}],"author":[{"embeddable":true,"href":"https:\/\/5lo.lublin.pl\/index.php?rest_route=\/wp\/v2\/users\/1"}],"replies":[{"embeddable":true,"href":"https:\/\/5lo.lublin.pl\/index.php?rest_route=%2Fwp%2Fv2%2Fcomments&post=23220"}],"version-history":[{"count":1,"href":"https:\/\/5lo.lublin.pl\/index.php?rest_route=\/wp\/v2\/posts\/23220\/revisions"}],"predecessor-version":[{"id":23222,"href":"https:\/\/5lo.lublin.pl\/index.php?rest_route=\/wp\/v2\/posts\/23220\/revisions\/23222"}],"wp:featuredmedia":[{"embeddable":true,"href":"https:\/\/5lo.lublin.pl\/index.php?rest_route=\/wp\/v2\/media\/23221"}],"wp:attachment":[{"href":"https:\/\/5lo.lublin.pl\/index.php?rest_route=%2Fwp%2Fv2%2Fmedia&parent=23220"}],"wp:term":[{"taxonomy":"category","embeddable":true,"href":"https:\/\/5lo.lublin.pl\/index.php?rest_route=%2Fwp%2Fv2%2Fcategories&post=23220"},{"taxonomy":"post_tag","embeddable":true,"href":"https:\/\/5lo.lublin.pl\/index.php?rest_route=%2Fwp%2Fv2%2Ftags&post=23220"}],"curies":[{"name":"wp","href":"https:\/\/api.w.org\/{rel}","templated":true}]}}