{"id":23201,"date":"2023-03-07T18:03:53","date_gmt":"2023-03-07T18:03:53","guid":{"rendered":"https:\/\/5lo.lublin.pl\/?p=23201"},"modified":"2023-03-07T18:03:57","modified_gmt":"2023-03-07T18:03:57","slug":"spotkanie-uczniow-klasy1a-ze-swiadkami-historii","status":"publish","type":"post","link":"https:\/\/5lo.lublin.pl\/?p=23201","title":{"rendered":"Spotkanie uczni\u00f3w klasy1a ze \u015bwiadkami historii"},"content":{"rendered":"\n<p style=\"font-size:17px\">W\u00a0dniu\u00a007.03.2023\u00a0uczniowie\u00a0klasy\u00a01a\u00a0mieli\u00a0mo\u017cliwo\u015b\u0107\u00a0wys\u0142uchania\u00a0poruszaj\u0105cych\u00a0historii\u00a0wi\u0119\u017ani\u00f3w\u00a0by\u0142ego obozu\u00a0koncentracyjnego\u00a0na\u00a0Majdanku.\u00a0Spotkanie,\u00a0koordynowane\u00a0przez\u00a0pani\u0105\u00a0Mari\u0119\u00a0Giermakowsk\u0105-Skublewsk\u0105,\u00a0odby\u0142o\u00a0si\u0119\u00a0w\u00a0ramach\u00a0uczczenia\u00a0Mi\u0119dzynarodowego\u00a0Dnia\u00a0Pami\u0119ci\u00a0Ofiar\u00a0Holokaustu.<\/p>\n\n\n<div class=\"wp-block-image\">\n<figure class=\"aligncenter size-full\"><img loading=\"lazy\" decoding=\"async\" width=\"723\" height=\"964\" src=\"https:\/\/5lo.lublin.pl\/wp-content\/uploads\/2023\/03\/7923525115174146948.jpg\" alt=\"\" class=\"wp-image-23203\" srcset=\"https:\/\/5lo.lublin.pl\/wp-content\/uploads\/2023\/03\/7923525115174146948.jpg 723w, https:\/\/5lo.lublin.pl\/wp-content\/uploads\/2023\/03\/7923525115174146948-225x300.jpg 225w\" sizes=\"(max-width: 723px) 100vw, 723px\" \/><\/figure><\/div>","protected":false},"excerpt":{"rendered":"<p>W\u00a0dniu\u00a007.03.2023\u00a0uczniowie\u00a0klasy\u00a01a\u00a0mieli\u00a0mo\u017cliwo\u015b\u0107\u00a0wys\u0142uchania\u00a0poruszaj\u0105cych\u00a0historii\u00a0wi\u0119\u017ani\u00f3w\u00a0by\u0142ego obozu\u00a0koncentracyjnego\u00a0na\u00a0Majdanku.\u00a0Spotkanie,\u00a0koordynowane\u00a0przez\u00a0pani\u0105\u00a0Mari\u0119\u00a0Giermakowsk\u0105-Skublewsk\u0105,\u00a0odby\u0142o\u00a0si\u0119\u00a0w\u00a0ramach\u00a0uczczenia\u00a0Mi\u0119dzynarodowego\u00a0Dnia\u00a0Pami\u0119ci\u00a0Ofiar\u00a0Holokaustu.<\/p>\n","protected":false},"author":23,"featured_media":23202,"comment_status":"closed","ping_status":"open","sticky":false,"template":"","format":"standard","meta":{"footnotes":""},"categories":[179,135,133],"tags":[],"_links":{"self":[{"href":"https:\/\/5lo.lublin.pl\/index.php?rest_route=\/wp\/v2\/posts\/23201"}],"collection":[{"href":"https:\/\/5lo.lublin.pl\/index.php?rest_route=\/wp\/v2\/posts"}],"about":[{"href":"https:\/\/5lo.lublin.pl\/index.php?rest_route=\/wp\/v2\/types\/post"}],"author":[{"embeddable":true,"href":"https:\/\/5lo.lublin.pl\/index.php?rest_route=\/wp\/v2\/users\/23"}],"replies":[{"embeddable":true,"href":"https:\/\/5lo.lublin.pl\/index.php?rest_route=%2Fwp%2Fv2%2Fcomments&post=23201"}],"version-history":[{"count":1,"href":"https:\/\/5lo.lublin.pl\/index.php?rest_route=\/wp\/v2\/posts\/23201\/revisions"}],"predecessor-version":[{"id":23205,"href":"https:\/\/5lo.lublin.pl\/index.php?rest_route=\/wp\/v2\/posts\/23201\/revisions\/23205"}],"wp:featuredmedia":[{"embeddable":true,"href":"https:\/\/5lo.lublin.pl\/index.php?rest_route=\/wp\/v2\/media\/23202"}],"wp:attachment":[{"href":"https:\/\/5lo.lublin.pl\/index.php?rest_route=%2Fwp%2Fv2%2Fmedia&parent=23201"}],"wp:term":[{"taxonomy":"category","embeddable":true,"href":"https:\/\/5lo.lublin.pl\/index.php?rest_route=%2Fwp%2Fv2%2Fcategories&post=23201"},{"taxonomy":"post_tag","embeddable":true,"href":"https:\/\/5lo.lublin.pl\/index.php?rest_route=%2Fwp%2Fv2%2Ftags&post=23201"}],"curies":[{"name":"wp","href":"https:\/\/api.w.org\/{rel}","templated":true}]}}