{"id":23086,"date":"2023-02-21T15:04:16","date_gmt":"2023-02-21T15:04:16","guid":{"rendered":"https:\/\/5lo.lublin.pl\/?p=23086"},"modified":"2023-02-21T15:09:50","modified_gmt":"2023-02-21T15:09:50","slug":"dobry-wystep-naszych-szczypiornistek","status":"publish","type":"post","link":"https:\/\/5lo.lublin.pl\/?p=23086","title":{"rendered":"Dobry wyst\u0119p naszych szczypiornistek!"},"content":{"rendered":"\n<p>Pi\u0142karki r\u0119czne V LO po dobrym wyst\u0119pie w fina\u0142ach Licealiady miasta Lublin zaj\u0119\u0142y 4 miejsce w Lublinie. Niewiele zabrak\u0142o do upragnionego br\u0105zu. Gratulujemy i \u017cyczymy dalszych sukces\u00f3w!<\/p>\n\n\n\n<p>Nagrody najlepszym szczypiornistkom wr\u0119czali: Pani Edyta Danielczuk &#8211; cz\u0142onek zarz\u0105du LZPR, Pani Katarzyna Raczy\u0144ska z Wydzia\u0142u Sportu Urz\u0119du Miasta Lublin oraz Pan Tomasz Szab\u0142owski &#8211; Dyrektor XXX LO.<\/p>\n\n\n\n<p>Sk\u0142ad dru\u017cyny:<\/p>\n\n\n\n<p>Izabela Winiarska 4a, Dominika Tomasiewicz 4b, Michella Nassisi 4d, Patrycja Dziurkowska 3b, Julia Jusiak 3g, Julia Krawczy\u0144ska 3b, Dominika Mazurek 3e, Maria Kr\u00f3l 2f, Weronika Maciejka 2f, Nikola Pogorzelska 2a, Aleksandra Grajper 1g, Zuzanna Ignaczak 1g, Amelia Korkosz 1d, Gabriela Maliszewska 1e, Zofia Kozaczuk 2e. <\/p>\n\n\n\n<p>Opiekun: Adrian Szczotka i Andrzej Dubielis.<\/p>\n\n\n\n<p>fot. Dawid Monkielewicz<\/p>\n\n\n<div id=\"metaslider-id-23088\" style=\"max-width: 1500px; margin: 0 auto;\" class=\"ml-slider-3-62-0 metaslider metaslider-flex metaslider-23088 ml-slider ms-theme-default\" role=\"region\" aria-roledescription=\"Slideshow\" aria-label=\"New Slideshow\">\n    <div id=\"metaslider_container_23088\">\n        <div id=\"metaslider_23088\" class=\"flexslider\">\n            <ul aria-live=\"polite\" class=\"slides\">\n                <li style=\"display: block; width: 100%;\" class=\"slide-23096 ms-image \" aria-roledescription=\"slide\" aria-label=\"slide-23096\"><img loading=\"lazy\" decoding=\"async\" src=\"https:\/\/5lo.lublin.pl\/wp-content\/uploads\/2023\/02\/01-1-1500x900.jpg\" height=\"900\" width=\"1500\" alt=\"\" class=\"slider-23088 slide-23096\" title=\"01\" \/><\/li>\n                <li style=\"display: none; width: 100%;\" class=\"slide-23097 ms-image \" aria-roledescription=\"slide\" aria-label=\"slide-23097\"><img loading=\"lazy\" decoding=\"async\" src=\"https:\/\/5lo.lublin.pl\/wp-content\/uploads\/2023\/02\/02-1-1500x900.jpg\" height=\"900\" width=\"1500\" alt=\"\" class=\"slider-23088 slide-23097\" title=\"02\" \/><\/li>\n                <li style=\"display: none; width: 100%;\" class=\"slide-23098 ms-image \" aria-roledescription=\"slide\" aria-label=\"slide-23098\"><img loading=\"lazy\" decoding=\"async\" src=\"https:\/\/5lo.lublin.pl\/wp-content\/uploads\/2023\/02\/03-1-1500x900.jpg\" height=\"900\" width=\"1500\" alt=\"\" class=\"slider-23088 slide-23098\" title=\"03\" \/><\/li>\n                <li style=\"display: none; width: 100%;\" class=\"slide-23099 ms-image \" aria-roledescription=\"slide\" aria-label=\"slide-23099\"><img loading=\"lazy\" decoding=\"async\" src=\"https:\/\/5lo.lublin.pl\/wp-content\/uploads\/2023\/02\/04-1-1500x900.jpg\" height=\"900\" width=\"1500\" alt=\"\" class=\"slider-23088 slide-23099\" title=\"04\" \/><\/li>\n                <li style=\"display: none; width: 100%;\" class=\"slide-23100 ms-image \" aria-roledescription=\"slide\" aria-label=\"slide-23100\"><img loading=\"lazy\" decoding=\"async\" src=\"https:\/\/5lo.lublin.pl\/wp-content\/uploads\/2023\/02\/05-1-1500x900.jpg\" height=\"900\" width=\"1500\" alt=\"\" class=\"slider-23088 slide-23100\" title=\"05\" \/><\/li>\n                <li style=\"display: none; width: 100%;\" class=\"slide-23101 ms-image \" aria-roledescription=\"slide\" aria-label=\"slide-23101\"><img loading=\"lazy\" decoding=\"async\" src=\"https:\/\/5lo.lublin.pl\/wp-content\/uploads\/2023\/02\/06-1-1500x900.jpg\" height=\"900\" width=\"1500\" alt=\"\" class=\"slider-23088 slide-23101\" title=\"06\" \/><\/li>\n                <li style=\"display: none; width: 100%;\" class=\"slide-23102 ms-image \" aria-roledescription=\"slide\" aria-label=\"slide-23102\"><img loading=\"lazy\" decoding=\"async\" src=\"https:\/\/5lo.lublin.pl\/wp-content\/uploads\/2023\/02\/07-1-1500x900.jpg\" height=\"900\" width=\"1500\" alt=\"\" class=\"slider-23088 slide-23102\" title=\"07\" \/><\/li>\n            <\/ul>\n        <\/div>\n        \n    <\/div>\n<\/div>\n","protected":false},"excerpt":{"rendered":"<p>Pi\u0142karki r\u0119czne V LO po dobrym wyst\u0119pie w fina\u0142ach Licealiady miasta Lublin zaj\u0119\u0142y 4 miejsce w Lublinie. Niewiele zabrak\u0142o do upragnionego br\u0105zu. Gratulujemy i \u017cyczymy dalszych sukces\u00f3w! Nagrody najlepszym szczypiornistkom wr\u0119czali: Pani Edyta Danielczuk &#8211; cz\u0142onek zarz\u0105du LZPR, Pani Katarzyna Raczy\u0144ska z Wydzia\u0142u Sportu Urz\u0119du Miasta Lublin oraz Pan Tomasz Szab\u0142owski &#8211; Dyrektor XXX LO. [&hellip;]<\/p>\n","protected":false},"author":12,"featured_media":23089,"comment_status":"closed","ping_status":"open","sticky":false,"template":"","format":"standard","meta":{"footnotes":""},"categories":[364,134,138,133],"tags":[],"_links":{"self":[{"href":"https:\/\/5lo.lublin.pl\/index.php?rest_route=\/wp\/v2\/posts\/23086"}],"collection":[{"href":"https:\/\/5lo.lublin.pl\/index.php?rest_route=\/wp\/v2\/posts"}],"about":[{"href":"https:\/\/5lo.lublin.pl\/index.php?rest_route=\/wp\/v2\/types\/post"}],"author":[{"embeddable":true,"href":"https:\/\/5lo.lublin.pl\/index.php?rest_route=\/wp\/v2\/users\/12"}],"replies":[{"embeddable":true,"href":"https:\/\/5lo.lublin.pl\/index.php?rest_route=%2Fwp%2Fv2%2Fcomments&post=23086"}],"version-history":[{"count":1,"href":"https:\/\/5lo.lublin.pl\/index.php?rest_route=\/wp\/v2\/posts\/23086\/revisions"}],"predecessor-version":[{"id":23105,"href":"https:\/\/5lo.lublin.pl\/index.php?rest_route=\/wp\/v2\/posts\/23086\/revisions\/23105"}],"wp:featuredmedia":[{"embeddable":true,"href":"https:\/\/5lo.lublin.pl\/index.php?rest_route=\/wp\/v2\/media\/23089"}],"wp:attachment":[{"href":"https:\/\/5lo.lublin.pl\/index.php?rest_route=%2Fwp%2Fv2%2Fmedia&parent=23086"}],"wp:term":[{"taxonomy":"category","embeddable":true,"href":"https:\/\/5lo.lublin.pl\/index.php?rest_route=%2Fwp%2Fv2%2Fcategories&post=23086"},{"taxonomy":"post_tag","embeddable":true,"href":"https:\/\/5lo.lublin.pl\/index.php?rest_route=%2Fwp%2Fv2%2Ftags&post=23086"}],"curies":[{"name":"wp","href":"https:\/\/api.w.org\/{rel}","templated":true}]}}