{"id":22869,"date":"2023-02-07T18:59:52","date_gmt":"2023-02-07T18:59:52","guid":{"rendered":"https:\/\/5lo.lublin.pl\/?p=22869"},"modified":"2023-02-07T18:59:56","modified_gmt":"2023-02-07T18:59:56","slug":"vlo-wlacza-sie-do-zbiorki-swiatlo-z-lublina","status":"publish","type":"post","link":"https:\/\/5lo.lublin.pl\/?p=22869","title":{"rendered":"VLO w\u0142\u0105cza si\u0119 do zbi\u00f3rki \u201e\u015awiat\u0142o z Lublina\u201d"},"content":{"rendered":"\n<p style=\"font-size:17px\">Zapraszamy ca\u0142\u0105 spo\u0142eczno\u015b\u0107 naszego Liceum do w\u0142\u0105czenia si\u0119 do akcji pomocy dla Ukrainy &#8211; zbi\u00f3rki pt. \u201e\u015awiat\u0142o z Lublina\u201d, zaproponowan\u0105 przez Miasto Lublin.<\/p>\n\n\n\n<p style=\"font-size:17px\">W naszej szkole jest wystawione pud\u0142o na korytarzu naprzeciw sali 109 (obok znanego ju\u017c wszystkim &#8222;Zakr\u0119tko\u017cercy&#8221;). W tym pudle mo\u017cna zostawia\u0107 \u015bwiece do wtorku (14 lutego). Zostan\u0105 one przekazane organizatorom w dniu 15 lutego 2023 roku.<\/p>\n\n\n\n<p style=\"font-size:17px\">Jest to nasza odpowied\u017a na pro\u015bb\u0119 Pana Mariusza Banacha, Zast\u0119pcy Prezydenta Miasta Lublin, kt\u00f3ry napisa\u0142:<\/p>\n\n\n\n<p style=\"font-size:17px\">&#8222;Szanowni Pa\u0144stwo,<\/p>\n\n\n\n<p style=\"font-size:17px\">W dniu 24 lutego 2022 roku byli\u015bmy \u015bwiadkami rosyjskiej agresji na niepodleg\u0142e pa\u0144stwo, s\u0105siada Polski &#8211; Ukrain\u0119. Mimo up\u0142ywu ponad 300 dni wojny, Ukrai\u0144cy nadal walcz\u0105, a ataki rosyjskie nie ustaj\u0105. Gdy w Polsce \u015bwi\u0119towali\u015bmy Nowy Rok, w wielu Ukrai\u0144skich miastach wy\u0142y syreny alarmowe. Rosjanie nie przestrzegali te\u017c zawieszenia broni w czasie \u015bwi\u0105t \u2013 nadal atakowali m.in. Bachmut i miasta w obwodzie donieckim.<\/p>\n\n\n\n<p style=\"font-size:17px\">Ataki na infrastruktur\u0119 krytyczn\u0105, prowadzone przez Rosj\u0119, skutkuj\u0105 cz\u0119sto brakiem pr\u0105du m.in. w Charkowie, Lwowie czy Sumach. W zwi\u0105zku z tym Miasto Lublin podejmuje dzia\u0142ania maj\u0105ce na celu popraw\u0119 dost\u0119pu do elektryczno\u015bci . W grudniu 2022 roku francuska organizacja Protection Civile we wsp\u00f3\u0142pracy z Miastem Lublin przekaza\u0142a agregaty o du\u017cej mocy do miast partnerskich Lublina &#8211; R\u00f3wnego i Charkowa. Dodatkowo, dzi\u0119ki darowi\u017anie finansowej od firmy ISS World Services A\/S z siedzib\u0105 w Soeborg w Danii, Miasto Lublin zakupi\u0142o 10 agregat\u00f3w pr\u0105dotw\u00f3rczych, kt\u00f3re zosta\u0142y przekazane m.in. do Sum, Odessy czy Paw\u0142ogrodu.<\/p>\n\n\n\n<p style=\"font-size:17px\">Z my\u015bl\u0105 o osobach, kt\u00f3re obecnie do\u015bwiadczaj\u0105 ci\u0119\u017ckich warunk\u00f3w bytowych z uwagi na coraz wi\u0119ksze problemy z dost\u0119pno\u015bci\u0105 elektryczno\u015bci na terenie Ukrainy, Miasto Lublin rozpocz\u0119\u0142o zbi\u00f3rk\u0119 \u015bwiec i powerbank\u00f3w, kt\u00f3re zostan\u0105 przekazane mieszka\u0144com Ukrainy.<\/p>\n\n\n\n<p style=\"font-size:17px\">Pa\u0144stwa otwarto\u015b\u0107 i \u017cyczliwo\u015b\u0107 niejednokrotnie przyczyni\u0142y si\u0119 do realizacji wielu miejskich przedsi\u0119wzi\u0119\u0107. W zwi\u0105zku z tym zwracam si\u0119 z pro\u015bb\u0105 o wsparcie w przeprowadzaniu zbi\u00f3rki pt. \u201e\u015awiat\u0142o z Lublina\u201d.<\/p>\n\n\n\n<p style=\"font-size:17px\">W czasie zbi\u00f3rki apelujemy do mieszka\u0144c\u00f3w Lubina o przekazywanie \u015bwiec (najlepiej w opakowaniach innych ni\u017c szklane &#8211; takich, kt\u00f3re nie ulegn\u0105 uszkodzeniu podczas transportu).<\/p>\n\n\n\n<p style=\"font-size:17px\">Zwracam si\u0119 z uprzejm\u0105 pro\u015bb\u0105 o utworzenie punkt\u00f3w zbi\u00f3rki w prowadzonej przez Pa\u0144stwa plac\u00f3wce oraz o pomoc w upowszechnianiu informacji o zbi\u00f3rce.<\/p>\n\n\n\n<p style=\"font-size:17px\">Przypominamy, \u017ce zbi\u00f3rka b\u0119dzie prowadzona do 15.02.2023 r.<\/p>\n\n\n\n<p style=\"font-size:17px\">Maj\u0105c na uwadze Pa\u0144stwa dotychczasowe zaanga\u017cowanie, jestem pewny, \u017ce tak\u017ce tym razem b\u0119dziemy mogli podj\u0105\u0107 skuteczn\u0105 wsp\u00f3\u0142prac\u0119. Z g\u00f3ry dzi\u0119kuj\u0119 za Pa\u0144stwa wsparcie.<\/p>\n\n\n\n<p style=\"font-size:17px\">Z powa\u017caniem,<\/p>\n\n\n\n<p style=\"font-size:17px\">Mariusz Banach<\/p>\n\n\n\n<p style=\"font-size:17px\">Zast\u0119pca Prezydenta Miasta Lublin&#8221;<\/p>\n","protected":false},"excerpt":{"rendered":"<p>Zapraszamy ca\u0142\u0105 spo\u0142eczno\u015b\u0107 naszego Liceum do w\u0142\u0105czenia si\u0119 do akcji pomocy dla Ukrainy &#8211; zbi\u00f3rki pt. \u201e\u015awiat\u0142o z Lublina\u201d, zaproponowan\u0105 przez Miasto Lublin. W naszej szkole jest wystawione pud\u0142o na korytarzu naprzeciw sali 109 (obok znanego ju\u017c wszystkim &#8222;Zakr\u0119tko\u017cercy&#8221;). W tym pudle mo\u017cna zostawia\u0107 \u015bwiece do wtorku (14 lutego). Zostan\u0105 one przekazane organizatorom w dniu [&hellip;]<\/p>\n","protected":false},"author":23,"featured_media":22872,"comment_status":"closed","ping_status":"open","sticky":false,"template":"","format":"standard","meta":{"footnotes":""},"categories":[1,135],"tags":[],"_links":{"self":[{"href":"https:\/\/5lo.lublin.pl\/index.php?rest_route=\/wp\/v2\/posts\/22869"}],"collection":[{"href":"https:\/\/5lo.lublin.pl\/index.php?rest_route=\/wp\/v2\/posts"}],"about":[{"href":"https:\/\/5lo.lublin.pl\/index.php?rest_route=\/wp\/v2\/types\/post"}],"author":[{"embeddable":true,"href":"https:\/\/5lo.lublin.pl\/index.php?rest_route=\/wp\/v2\/users\/23"}],"replies":[{"embeddable":true,"href":"https:\/\/5lo.lublin.pl\/index.php?rest_route=%2Fwp%2Fv2%2Fcomments&post=22869"}],"version-history":[{"count":1,"href":"https:\/\/5lo.lublin.pl\/index.php?rest_route=\/wp\/v2\/posts\/22869\/revisions"}],"predecessor-version":[{"id":22871,"href":"https:\/\/5lo.lublin.pl\/index.php?rest_route=\/wp\/v2\/posts\/22869\/revisions\/22871"}],"wp:featuredmedia":[{"embeddable":true,"href":"https:\/\/5lo.lublin.pl\/index.php?rest_route=\/wp\/v2\/media\/22872"}],"wp:attachment":[{"href":"https:\/\/5lo.lublin.pl\/index.php?rest_route=%2Fwp%2Fv2%2Fmedia&parent=22869"}],"wp:term":[{"taxonomy":"category","embeddable":true,"href":"https:\/\/5lo.lublin.pl\/index.php?rest_route=%2Fwp%2Fv2%2Fcategories&post=22869"},{"taxonomy":"post_tag","embeddable":true,"href":"https:\/\/5lo.lublin.pl\/index.php?rest_route=%2Fwp%2Fv2%2Ftags&post=22869"}],"curies":[{"name":"wp","href":"https:\/\/api.w.org\/{rel}","templated":true}]}}