{"id":22857,"date":"2023-02-07T20:08:18","date_gmt":"2023-02-07T20:08:18","guid":{"rendered":"https:\/\/5lo.lublin.pl\/?p=22857"},"modified":"2023-02-07T20:08:25","modified_gmt":"2023-02-07T20:08:25","slug":"sukces-uczniow-v-lo-w-ogolnopolskim-konkursie-z-matematyki-apoloniusz","status":"publish","type":"post","link":"https:\/\/5lo.lublin.pl\/?p=22857","title":{"rendered":"Sukces uczni\u00f3w V LO w Og\u00f3lnopolskim Konkursie z matematyki &#8222;Apoloniusz&#8221;"},"content":{"rendered":"\n<p style=\"font-size:17px\">Dnia 17 listopada odby\u0142a si\u0119 <strong>X EDYCJA OG\u00d3LNOPOLSKIEJ OLIMPIADY Z MATEMATYKI ,,APOLONIUSZ&#8221;<\/strong>.<\/p>\n\n\n\n<p style=\"font-size:17px\">Organizatorem konkursu jest OLIMP School w \u0141odzi. <\/p>\n\n\n\n<p style=\"font-size:17px\">Uczniowie V LO brali udzia\u0142 w konkursie na poziomie podstawowym oraz na poziomie rozszerzonym.<\/p>\n\n\n\n<p class=\"has-text-align-left\" style=\"font-size:17px\">Wyniki naszych uczni\u00f3w:<\/p>\n\n\n\n<p class=\"has-text-align-left\" style=\"font-size:17px\"><strong>POZIOM PODSTAWOWY:<\/strong><\/p>\n\n\n\n<p class=\"has-text-align-left\" style=\"font-size:17px\">1.\u00a0\u00a0\u00a0\u00a0\u00a0<strong>Anna W\u00f3jcik<\/strong>, uczennica klasy 4bp, <strong>I miejsce w Polsce<\/strong><\/p>\n\n\n\n<p class=\"has-text-align-left\" style=\"font-size:17px\">2.\u00a0\u00a0\u00a0\u00a0\u00a0<strong>Igor D\u0105browa-Karasi\u0144ski<\/strong>, ucze\u0144 klasy 4bp, <strong>V miejsce w Polsce<\/strong><\/p>\n\n\n\n<p class=\"has-text-align-left\" style=\"font-size:17px\"><strong>POZIOM ROZSZERZONY:<\/strong><\/p>\n\n\n\n<p class=\"has-text-align-left\" style=\"font-size:17px\">1.\u00a0\u00a0\u00a0\u00a0<strong>\u00a0Piotr Dulniak<\/strong>, ucze\u0144 klasy 4bp, <strong>I miejsce w Polsce<\/strong><\/p>\n\n\n\n<p class=\"has-text-align-left\" style=\"font-size:17px\">2.\u00a0\u00a0\u00a0\u00a0\u00a0<strong>Wiktoria Madura<\/strong>, uczennica klasy 4bp, <strong>I miejsce w Polsce<\/strong><\/p>\n\n\n\n<p class=\"has-text-align-left\" style=\"font-size:17px\">3.\u00a0\u00a0\u00a0\u00a0\u00a0<strong>Igor M\u0142ynarczyk<\/strong>, ucze\u0144 klasy 4bp, <strong>I miejsce w Polsce<\/strong>.<\/p>\n\n\n\n<p style=\"font-size:17px\">Opiekunem uczni\u00f3w jest p. Agata K\u0119pka.<\/p>\n\n\n\n<p style=\"font-size:17px\">Gratulujemy i \u017cyczymy kolejnych sukces\u00f3w.<\/p>\n","protected":false},"excerpt":{"rendered":"<p>Dnia 17 listopada odby\u0142a si\u0119 X EDYCJA OG\u00d3LNOPOLSKIEJ OLIMPIADY Z MATEMATYKI ,,APOLONIUSZ&#8221;. Organizatorem konkursu jest OLIMP School w \u0141odzi. Uczniowie V LO brali udzia\u0142 w konkursie na poziomie podstawowym oraz na poziomie rozszerzonym. Wyniki naszych uczni\u00f3w: POZIOM PODSTAWOWY: 1.\u00a0\u00a0\u00a0\u00a0\u00a0Anna W\u00f3jcik, uczennica klasy 4bp, I miejsce w Polsce 2.\u00a0\u00a0\u00a0\u00a0\u00a0Igor D\u0105browa-Karasi\u0144ski, ucze\u0144 klasy 4bp, V miejsce w [&hellip;]<\/p>\n","protected":false},"author":23,"featured_media":22880,"comment_status":"open","ping_status":"open","sticky":false,"template":"","format":"standard","meta":{"footnotes":""},"categories":[362,1,134],"tags":[],"_links":{"self":[{"href":"https:\/\/5lo.lublin.pl\/index.php?rest_route=\/wp\/v2\/posts\/22857"}],"collection":[{"href":"https:\/\/5lo.lublin.pl\/index.php?rest_route=\/wp\/v2\/posts"}],"about":[{"href":"https:\/\/5lo.lublin.pl\/index.php?rest_route=\/wp\/v2\/types\/post"}],"author":[{"embeddable":true,"href":"https:\/\/5lo.lublin.pl\/index.php?rest_route=\/wp\/v2\/users\/23"}],"replies":[{"embeddable":true,"href":"https:\/\/5lo.lublin.pl\/index.php?rest_route=%2Fwp%2Fv2%2Fcomments&post=22857"}],"version-history":[{"count":1,"href":"https:\/\/5lo.lublin.pl\/index.php?rest_route=\/wp\/v2\/posts\/22857\/revisions"}],"predecessor-version":[{"id":22882,"href":"https:\/\/5lo.lublin.pl\/index.php?rest_route=\/wp\/v2\/posts\/22857\/revisions\/22882"}],"wp:featuredmedia":[{"embeddable":true,"href":"https:\/\/5lo.lublin.pl\/index.php?rest_route=\/wp\/v2\/media\/22880"}],"wp:attachment":[{"href":"https:\/\/5lo.lublin.pl\/index.php?rest_route=%2Fwp%2Fv2%2Fmedia&parent=22857"}],"wp:term":[{"taxonomy":"category","embeddable":true,"href":"https:\/\/5lo.lublin.pl\/index.php?rest_route=%2Fwp%2Fv2%2Fcategories&post=22857"},{"taxonomy":"post_tag","embeddable":true,"href":"https:\/\/5lo.lublin.pl\/index.php?rest_route=%2Fwp%2Fv2%2Ftags&post=22857"}],"curies":[{"name":"wp","href":"https:\/\/api.w.org\/{rel}","templated":true}]}}