{"id":22834,"date":"2023-02-04T14:28:10","date_gmt":"2023-02-04T14:28:10","guid":{"rendered":"https:\/\/5lo.lublin.pl\/?p=22834"},"modified":"2023-02-04T16:16:07","modified_gmt":"2023-02-04T16:16:07","slug":"sukces-w-olimpiadzie-teologii-katolickiej","status":"publish","type":"post","link":"https:\/\/5lo.lublin.pl\/?p=22834","title":{"rendered":"Sukces w Olimpiadzie Teologii Katolickiej"},"content":{"rendered":"\n<p>Z rado\u015bci\u0105 informujemy, \u017ce ucze\u0144 VLO Jakub G\u00f3rniak z klasy 4cp uzyska\u0142 I miejsce w etapie diecezjalnym Olimpiady Teologii Katolickiej na temat &#8222;B\u00f3g jest Mi\u0142o\u015bci\u0105 objawion\u0105 w S\u0142owie&#8221;. Etap Og\u00f3lnopolski odb\u0119dzie si\u0119 w dniach 13-15 kwietnia 2023 roku w Pelplinie. Serdecznie gratulujemy sukcesu!<\/p>\n\n\n\n<figure class=\"wp-block-gallery has-nested-images columns-default is-cropped wp-block-gallery-1 is-layout-flex wp-block-gallery-is-layout-flex\">\n<figure class=\"wp-block-image size-large\"><img loading=\"lazy\" decoding=\"async\" width=\"1024\" height=\"462\" data-id=\"22839\" src=\"https:\/\/5lo.lublin.pl\/wp-content\/uploads\/2023\/02\/20230203_102810_m_2.jpg\" alt=\"\" class=\"wp-image-22839\" srcset=\"https:\/\/5lo.lublin.pl\/wp-content\/uploads\/2023\/02\/20230203_102810_m_2.jpg 1024w, https:\/\/5lo.lublin.pl\/wp-content\/uploads\/2023\/02\/20230203_102810_m_2-300x135.jpg 300w, https:\/\/5lo.lublin.pl\/wp-content\/uploads\/2023\/02\/20230203_102810_m_2-768x347.jpg 768w\" sizes=\"(max-width: 1024px) 100vw, 1024px\" \/><\/figure>\n\n\n\n<figure class=\"wp-block-image size-large\"><img loading=\"lazy\" decoding=\"async\" width=\"1024\" height=\"462\" data-id=\"22836\" src=\"https:\/\/5lo.lublin.pl\/wp-content\/uploads\/2023\/02\/20230203_102901_m_3.jpg\" alt=\"\" class=\"wp-image-22836\" srcset=\"https:\/\/5lo.lublin.pl\/wp-content\/uploads\/2023\/02\/20230203_102901_m_3.jpg 1024w, https:\/\/5lo.lublin.pl\/wp-content\/uploads\/2023\/02\/20230203_102901_m_3-300x135.jpg 300w, https:\/\/5lo.lublin.pl\/wp-content\/uploads\/2023\/02\/20230203_102901_m_3-768x347.jpg 768w\" sizes=\"(max-width: 1024px) 100vw, 1024px\" \/><\/figure>\n\n\n\n<figure class=\"wp-block-image size-large\"><img loading=\"lazy\" decoding=\"async\" width=\"1024\" height=\"462\" data-id=\"22837\" src=\"https:\/\/5lo.lublin.pl\/wp-content\/uploads\/2023\/02\/20230203_102923_m_4.jpg\" alt=\"\" class=\"wp-image-22837\" srcset=\"https:\/\/5lo.lublin.pl\/wp-content\/uploads\/2023\/02\/20230203_102923_m_4.jpg 1024w, https:\/\/5lo.lublin.pl\/wp-content\/uploads\/2023\/02\/20230203_102923_m_4-300x135.jpg 300w, https:\/\/5lo.lublin.pl\/wp-content\/uploads\/2023\/02\/20230203_102923_m_4-768x347.jpg 768w\" sizes=\"(max-width: 1024px) 100vw, 1024px\" \/><\/figure>\n\n\n\n<figure class=\"wp-block-image size-large\"><img loading=\"lazy\" decoding=\"async\" width=\"462\" height=\"1024\" data-id=\"22838\" src=\"https:\/\/5lo.lublin.pl\/wp-content\/uploads\/2023\/02\/20230203_103034_m_5.jpg\" alt=\"\" class=\"wp-image-22838\" srcset=\"https:\/\/5lo.lublin.pl\/wp-content\/uploads\/2023\/02\/20230203_103034_m_5.jpg 462w, https:\/\/5lo.lublin.pl\/wp-content\/uploads\/2023\/02\/20230203_103034_m_5-135x300.jpg 135w\" sizes=\"(max-width: 462px) 100vw, 462px\" \/><\/figure>\n\n\n\n<figure class=\"wp-block-image size-large\"><img loading=\"lazy\" decoding=\"async\" width=\"462\" height=\"1024\" data-id=\"22840\" src=\"https:\/\/5lo.lublin.pl\/wp-content\/uploads\/2023\/02\/20230203_103124_m_1.jpg\" alt=\"\" class=\"wp-image-22840\" srcset=\"https:\/\/5lo.lublin.pl\/wp-content\/uploads\/2023\/02\/20230203_103124_m_1.jpg 462w, https:\/\/5lo.lublin.pl\/wp-content\/uploads\/2023\/02\/20230203_103124_m_1-135x300.jpg 135w\" sizes=\"(max-width: 462px) 100vw, 462px\" \/><\/figure>\n<\/figure>\n","protected":false},"excerpt":{"rendered":"<p>Z rado\u015bci\u0105 informujemy, \u017ce ucze\u0144 VLO Jakub G\u00f3rniak z klasy 4cp uzyska\u0142 I miejsce w etapie diecezjalnym Olimpiady Teologii Katolickiej na temat &#8222;B\u00f3g jest Mi\u0142o\u015bci\u0105 objawion\u0105 w S\u0142owie&#8221;. Etap Og\u00f3lnopolski odb\u0119dzie si\u0119 w dniach 13-15 kwietnia 2023 roku w Pelplinie. Serdecznie gratulujemy sukcesu!<\/p>\n","protected":false},"author":29,"featured_media":22835,"comment_status":"closed","ping_status":"open","sticky":false,"template":"","format":"standard","meta":{"footnotes":""},"categories":[363,360,134],"tags":[],"_links":{"self":[{"href":"https:\/\/5lo.lublin.pl\/index.php?rest_route=\/wp\/v2\/posts\/22834"}],"collection":[{"href":"https:\/\/5lo.lublin.pl\/index.php?rest_route=\/wp\/v2\/posts"}],"about":[{"href":"https:\/\/5lo.lublin.pl\/index.php?rest_route=\/wp\/v2\/types\/post"}],"author":[{"embeddable":true,"href":"https:\/\/5lo.lublin.pl\/index.php?rest_route=\/wp\/v2\/users\/29"}],"replies":[{"embeddable":true,"href":"https:\/\/5lo.lublin.pl\/index.php?rest_route=%2Fwp%2Fv2%2Fcomments&post=22834"}],"version-history":[{"count":1,"href":"https:\/\/5lo.lublin.pl\/index.php?rest_route=\/wp\/v2\/posts\/22834\/revisions"}],"predecessor-version":[{"id":22842,"href":"https:\/\/5lo.lublin.pl\/index.php?rest_route=\/wp\/v2\/posts\/22834\/revisions\/22842"}],"wp:featuredmedia":[{"embeddable":true,"href":"https:\/\/5lo.lublin.pl\/index.php?rest_route=\/wp\/v2\/media\/22835"}],"wp:attachment":[{"href":"https:\/\/5lo.lublin.pl\/index.php?rest_route=%2Fwp%2Fv2%2Fmedia&parent=22834"}],"wp:term":[{"taxonomy":"category","embeddable":true,"href":"https:\/\/5lo.lublin.pl\/index.php?rest_route=%2Fwp%2Fv2%2Fcategories&post=22834"},{"taxonomy":"post_tag","embeddable":true,"href":"https:\/\/5lo.lublin.pl\/index.php?rest_route=%2Fwp%2Fv2%2Ftags&post=22834"}],"curies":[{"name":"wp","href":"https:\/\/api.w.org\/{rel}","templated":true}]}}