{"id":22696,"date":"2023-01-09T16:52:24","date_gmt":"2023-01-09T16:52:24","guid":{"rendered":"https:\/\/5lo.lublin.pl\/?p=22696"},"modified":"2023-01-09T16:53:59","modified_gmt":"2023-01-09T16:53:59","slug":"2-miejsce-dla-vlo-w-konkursie-4xwy-caritas-archidiecezji-lubelskiej","status":"publish","type":"post","link":"https:\/\/5lo.lublin.pl\/?p=22696","title":{"rendered":"<strong>2 miejsce dla VLO w Konkursie \u201e4xWY\u201d Caritas Archidiecezji Lubelskiej<\/strong>"},"content":{"rendered":"\n<p>W dniu 7 stycznia 2023 roku na uroczystej <strong>Gali Wolontariatu<\/strong> <strong>Caritas Archidiecezji Lubelskiej<\/strong> rozstrzygni\u0119ty zosta\u0142 Konkurs <strong>\u201eCztery razy WY\u201d, organizowany <\/strong>dla szkolnych k\u00f3\u0142 Caritas<strong>. Nasze SKC zdoby\u0142o 2 miejsce w kategorii szk\u00f3\u0142 ponadpodstawowych w Archidiecezji Lubelskiej i w nagrod\u0119 otrzymali\u015bmy voucher na wakacyjny wyjazd dla 8 os\u00f3b (relacj\u0119 medialn\u0105 z Gali mo\u017cna zobaczy\u0107 na stronie lokalnej gazety<\/strong>:<\/p>\n\n\n\n<p><a href=\"https:\/\/www.dziennikwschodni.pl\/lublin\/wielka-gala-wolontariatu-lubelskiej-caritas-zdjecia,n,1000318777.html\" target=\"_blank\" rel=\"noreferrer noopener\">Dziennik Wschodni <\/a><\/p>\n\n\n\n<p>Cieszymy si\u0119 i bardzo dzi\u0119kujemy wszystkim uczniom i pracownikom naszej szko\u0142y za zaanga\u017cowanie. To dzi\u0119ki Wam i Waszemu otwartemu sercu osoby potrzebuj\u0105ce otrzyma\u0142y r\u00f3\u017cnego rodzaju pomoc i wsparcie w tym wa\u017cnym i pi\u0119knym czasie Bo\u017cego Narodzenia.<\/p>\n\n\n\n<p>Jednocze\u015bnie&nbsp; raz jeszcze chcemy podzi\u0119kowa\u0107 za poprzedni\u0105 akcj\u0119 <strong>\u201eKameru\u0144skie dzieciaki czekaj\u0105 na plecaki\u201d<\/strong>. Pod koniec listopada 2022 roku przekazali\u015bmy plecaki, d\u0142ugopisy, kred\u0119 oraz list z ciep\u0142ymi s\u0142owami \u017cycze\u0144 dla s. Amadeuszy Sowi\u0144skiej i jej podopiecznych, mieszka\u0144c\u00f3w o\u015brodka w Ayos w Kamerunie.<\/p>\n\n\n\n<p>Opiekunowie SKC:<\/p>\n\n\n\n<p>Ewa Wi\u015bniewska-Matraszek<\/p>\n\n\n\n<p>Ryszard Obarski<\/p>\n\n\n\n<figure class=\"wp-block-image size-full is-resized\"><img loading=\"lazy\" decoding=\"async\" src=\"https:\/\/5lo.lublin.pl\/wp-content\/uploads\/2023\/01\/image-16.png\" alt=\"\" class=\"wp-image-22698\" width=\"840\" height=\"611\" srcset=\"https:\/\/5lo.lublin.pl\/wp-content\/uploads\/2023\/01\/image-16.png 981w, https:\/\/5lo.lublin.pl\/wp-content\/uploads\/2023\/01\/image-16-300x218.png 300w, https:\/\/5lo.lublin.pl\/wp-content\/uploads\/2023\/01\/image-16-768x559.png 768w\" sizes=\"(max-width: 840px) 100vw, 840px\" \/><\/figure>\n\n\n\n<figure class=\"wp-block-image size-large\"><img loading=\"lazy\" decoding=\"async\" width=\"1024\" height=\"742\" src=\"https:\/\/5lo.lublin.pl\/wp-content\/uploads\/2023\/01\/image-17-1024x742.png\" alt=\"\" class=\"wp-image-22699\" srcset=\"https:\/\/5lo.lublin.pl\/wp-content\/uploads\/2023\/01\/image-17-1024x742.png 1024w, https:\/\/5lo.lublin.pl\/wp-content\/uploads\/2023\/01\/image-17-300x217.png 300w, https:\/\/5lo.lublin.pl\/wp-content\/uploads\/2023\/01\/image-17-768x557.png 768w, https:\/\/5lo.lublin.pl\/wp-content\/uploads\/2023\/01\/image-17.png 1076w\" sizes=\"(max-width: 1024px) 100vw, 1024px\" \/><\/figure>\n","protected":false},"excerpt":{"rendered":"<p>W dniu 7 stycznia 2023 roku na uroczystej Gali Wolontariatu Caritas Archidiecezji Lubelskiej rozstrzygni\u0119ty zosta\u0142 Konkurs \u201eCztery razy WY\u201d, organizowany dla szkolnych k\u00f3\u0142 Caritas. Nasze SKC zdoby\u0142o 2 miejsce w kategorii szk\u00f3\u0142 ponadpodstawowych w Archidiecezji Lubelskiej i w nagrod\u0119 otrzymali\u015bmy voucher na wakacyjny wyjazd dla 8 os\u00f3b (relacj\u0119 medialn\u0105 z Gali mo\u017cna zobaczy\u0107 na stronie [&hellip;]<\/p>\n","protected":false},"author":29,"featured_media":22697,"comment_status":"closed","ping_status":"open","sticky":false,"template":"","format":"standard","meta":{"footnotes":""},"categories":[348,363,1,134,133],"tags":[],"_links":{"self":[{"href":"https:\/\/5lo.lublin.pl\/index.php?rest_route=\/wp\/v2\/posts\/22696"}],"collection":[{"href":"https:\/\/5lo.lublin.pl\/index.php?rest_route=\/wp\/v2\/posts"}],"about":[{"href":"https:\/\/5lo.lublin.pl\/index.php?rest_route=\/wp\/v2\/types\/post"}],"author":[{"embeddable":true,"href":"https:\/\/5lo.lublin.pl\/index.php?rest_route=\/wp\/v2\/users\/29"}],"replies":[{"embeddable":true,"href":"https:\/\/5lo.lublin.pl\/index.php?rest_route=%2Fwp%2Fv2%2Fcomments&post=22696"}],"version-history":[{"count":1,"href":"https:\/\/5lo.lublin.pl\/index.php?rest_route=\/wp\/v2\/posts\/22696\/revisions"}],"predecessor-version":[{"id":22701,"href":"https:\/\/5lo.lublin.pl\/index.php?rest_route=\/wp\/v2\/posts\/22696\/revisions\/22701"}],"wp:featuredmedia":[{"embeddable":true,"href":"https:\/\/5lo.lublin.pl\/index.php?rest_route=\/wp\/v2\/media\/22697"}],"wp:attachment":[{"href":"https:\/\/5lo.lublin.pl\/index.php?rest_route=%2Fwp%2Fv2%2Fmedia&parent=22696"}],"wp:term":[{"taxonomy":"category","embeddable":true,"href":"https:\/\/5lo.lublin.pl\/index.php?rest_route=%2Fwp%2Fv2%2Fcategories&post=22696"},{"taxonomy":"post_tag","embeddable":true,"href":"https:\/\/5lo.lublin.pl\/index.php?rest_route=%2Fwp%2Fv2%2Ftags&post=22696"}],"curies":[{"name":"wp","href":"https:\/\/api.w.org\/{rel}","templated":true}]}}