{"id":22448,"date":"2022-12-12T21:32:34","date_gmt":"2022-12-12T21:32:34","guid":{"rendered":"https:\/\/5lo.lublin.pl\/?p=22448"},"modified":"2022-12-12T21:32:38","modified_gmt":"2022-12-12T21:32:38","slug":"konkurs-fotograficzny-jesien-z-ksiazka-nagrodzone-prace","status":"publish","type":"post","link":"https:\/\/5lo.lublin.pl\/?p=22448","title":{"rendered":"Konkurs fotograficzny &#8222;Jesie\u0144 z ksi\u0105\u017ck\u0105&#8221;- nagrodzone prace"},"content":{"rendered":"\n<p class=\"has-text-align-center\" style=\"font-size:17px\"><strong>I miejsce<\/strong>:<\/p>\n\n\n\n<p class=\"has-text-align-center\" style=\"font-size:17px\">Martyna Sagan, kl. 3g<\/p>\n\n\n\n<p class=\"has-text-align-center\" style=\"font-size:17px\"><strong>II miejsce<\/strong>:<\/p>\n\n\n\n<p class=\"has-text-align-center\" style=\"font-size:17px\">Jakub Go\u015b, kl. 1c<\/p>\n\n\n\n<p class=\"has-text-align-center\" style=\"font-size:17px\">Agata Szewczuk, kl. 1d<\/p>\n\n\n\n<p class=\"has-text-align-center\" style=\"font-size:17px\">Amelia Wezgraj, kl. 3d<\/p>\n\n\n\n<p class=\"has-text-align-center\" style=\"font-size:17px\"><strong>III miejsce<\/strong>:<\/p>\n\n\n\n<p class=\"has-text-align-center\" style=\"font-size:17px\">Patrycja Radwan, kl.2e<\/p>\n\n\n\n<p class=\"has-text-align-center\" style=\"font-size:17px\"><strong>Wyr\u00f3\u017cnienie<\/strong>:<\/p>\n\n\n\n<p class=\"has-text-align-center\" style=\"font-size:17px\">Agnieszka Gog\u00f3\u0142, kl. 2c<\/p>\n\n\n\n<p class=\"has-text-align-center\" style=\"font-size:17px\">Aleksandra Szulowska, kl. 3c<\/p>\n\n\n\n<p class=\"has-text-align-center\"><\/p>\n\n\n\n<p class=\"has-text-align-center\" style=\"font-size:17px\">Nagrodzone fotografie mo\u017cna ogl\u0105da\u0107 na wystawie ko\u0142o sal nr 111 -112.<\/p>\n\n\n\n<p class=\"has-text-align-center\" style=\"font-size:17px\">Dzi\u0119kujemy za wzi\u0119cie udzia\u0142u w konkursie i gratulujemy !!!!<\/p>\n","protected":false},"excerpt":{"rendered":"<p>I miejsce: Martyna Sagan, kl. 3g II miejsce: Jakub Go\u015b, kl. 1c Agata Szewczuk, kl. 1d Amelia Wezgraj, kl. 3d III miejsce: Patrycja Radwan, kl.2e Wyr\u00f3\u017cnienie: Agnieszka Gog\u00f3\u0142, kl. 2c Aleksandra Szulowska, kl. 3c Nagrodzone fotografie mo\u017cna ogl\u0105da\u0107 na wystawie ko\u0142o sal nr 111 -112. Dzi\u0119kujemy za wzi\u0119cie udzia\u0142u w konkursie i gratulujemy !!!!<\/p>\n","protected":false},"author":23,"featured_media":21637,"comment_status":"closed","ping_status":"open","sticky":false,"template":"","format":"standard","meta":{"footnotes":""},"categories":[222,365],"tags":[],"_links":{"self":[{"href":"https:\/\/5lo.lublin.pl\/index.php?rest_route=\/wp\/v2\/posts\/22448"}],"collection":[{"href":"https:\/\/5lo.lublin.pl\/index.php?rest_route=\/wp\/v2\/posts"}],"about":[{"href":"https:\/\/5lo.lublin.pl\/index.php?rest_route=\/wp\/v2\/types\/post"}],"author":[{"embeddable":true,"href":"https:\/\/5lo.lublin.pl\/index.php?rest_route=\/wp\/v2\/users\/23"}],"replies":[{"embeddable":true,"href":"https:\/\/5lo.lublin.pl\/index.php?rest_route=%2Fwp%2Fv2%2Fcomments&post=22448"}],"version-history":[{"count":1,"href":"https:\/\/5lo.lublin.pl\/index.php?rest_route=\/wp\/v2\/posts\/22448\/revisions"}],"predecessor-version":[{"id":22449,"href":"https:\/\/5lo.lublin.pl\/index.php?rest_route=\/wp\/v2\/posts\/22448\/revisions\/22449"}],"wp:featuredmedia":[{"embeddable":true,"href":"https:\/\/5lo.lublin.pl\/index.php?rest_route=\/wp\/v2\/media\/21637"}],"wp:attachment":[{"href":"https:\/\/5lo.lublin.pl\/index.php?rest_route=%2Fwp%2Fv2%2Fmedia&parent=22448"}],"wp:term":[{"taxonomy":"category","embeddable":true,"href":"https:\/\/5lo.lublin.pl\/index.php?rest_route=%2Fwp%2Fv2%2Fcategories&post=22448"},{"taxonomy":"post_tag","embeddable":true,"href":"https:\/\/5lo.lublin.pl\/index.php?rest_route=%2Fwp%2Fv2%2Ftags&post=22448"}],"curies":[{"name":"wp","href":"https:\/\/api.w.org\/{rel}","templated":true}]}}