{"id":22435,"date":"2022-12-09T09:13:00","date_gmt":"2022-12-09T09:13:00","guid":{"rendered":"https:\/\/5lo.lublin.pl\/?p=22435"},"modified":"2022-12-11T21:17:41","modified_gmt":"2022-12-11T21:17:41","slug":"puchar-swiata-dzieci-w-karate","status":"publish","type":"post","link":"https:\/\/5lo.lublin.pl\/?p=22435","title":{"rendered":"Puchar \u015awiata Dzieci w Karate"},"content":{"rendered":"\n<p>Ju\u017c w pi\u0105tek rozpoczynaj\u0105 si\u0119 Mistrzostwa \u015awiata WTKU w Karate Tradycyjnym.<\/p>\n\n\n\n<p>W dniach 9-11 grudnia #Lubelskie stanie si\u0119 \u015bwiatow\u0105 stolic\u0105 karate. Do lubelskiej Hali Globus im. Tomasza W\u00f3jtowicza przyjad\u0105 najlepsi zawodnicy karate tradycyjnego, aby rywalizowa\u0107 na mistrzostwach \u015bwiata. 1500 zawodnik\u00f3w z 56 kraj\u00f3w zmierzy si\u0119 w siedmiu tradycyjnych konkurencjach.<\/p>\n\n\n\n<p>Wydarzeniem towarzysz\u0105cym \u015bwiatowemu czempionatowi b\u0119dzie Puchar \u015awiata Dzieci w Karate Tradycyjnym.<\/p>\n\n\n\n<p>Polsk\u0119, nasze miasto i oczywi\u015bcie nasz\u0105 szko\u0142\u0119 b\u0119dzie reprezentowa\u0107 MONIKA OSTROWSKA, wielokrotna medalistka zawod\u00f3w rangi mi\u0119dzynarodowej, cz\u0142onek Kadry Narodowej powo\u0142ana a\u017c w czterech konkurencjach.<\/p>\n\n\n\n<p>Zapraszamy do gor\u0105cego kibicowania!!! Trzymamy kciuki, powodzenia.<\/p>\n\n\n\n<p><\/p>\n","protected":false},"excerpt":{"rendered":"<p>Ju\u017c w pi\u0105tek rozpoczynaj\u0105 si\u0119 Mistrzostwa \u015awiata WTKU w Karate Tradycyjnym. W dniach 9-11 grudnia #Lubelskie stanie si\u0119 \u015bwiatow\u0105 stolic\u0105 karate. Do lubelskiej Hali Globus im. Tomasza W\u00f3jtowicza przyjad\u0105 najlepsi zawodnicy karate tradycyjnego, aby rywalizowa\u0107 na mistrzostwach \u015bwiata. 1500 zawodnik\u00f3w z 56 kraj\u00f3w zmierzy si\u0119 w siedmiu tradycyjnych konkurencjach. Wydarzeniem towarzysz\u0105cym \u015bwiatowemu czempionatowi b\u0119dzie Puchar [&hellip;]<\/p>\n","protected":false},"author":12,"featured_media":22438,"comment_status":"closed","ping_status":"open","sticky":false,"template":"","format":"standard","meta":{"footnotes":""},"categories":[138,133],"tags":[],"_links":{"self":[{"href":"https:\/\/5lo.lublin.pl\/index.php?rest_route=\/wp\/v2\/posts\/22435"}],"collection":[{"href":"https:\/\/5lo.lublin.pl\/index.php?rest_route=\/wp\/v2\/posts"}],"about":[{"href":"https:\/\/5lo.lublin.pl\/index.php?rest_route=\/wp\/v2\/types\/post"}],"author":[{"embeddable":true,"href":"https:\/\/5lo.lublin.pl\/index.php?rest_route=\/wp\/v2\/users\/12"}],"replies":[{"embeddable":true,"href":"https:\/\/5lo.lublin.pl\/index.php?rest_route=%2Fwp%2Fv2%2Fcomments&post=22435"}],"version-history":[{"count":1,"href":"https:\/\/5lo.lublin.pl\/index.php?rest_route=\/wp\/v2\/posts\/22435\/revisions"}],"predecessor-version":[{"id":22437,"href":"https:\/\/5lo.lublin.pl\/index.php?rest_route=\/wp\/v2\/posts\/22435\/revisions\/22437"}],"wp:featuredmedia":[{"embeddable":true,"href":"https:\/\/5lo.lublin.pl\/index.php?rest_route=\/wp\/v2\/media\/22438"}],"wp:attachment":[{"href":"https:\/\/5lo.lublin.pl\/index.php?rest_route=%2Fwp%2Fv2%2Fmedia&parent=22435"}],"wp:term":[{"taxonomy":"category","embeddable":true,"href":"https:\/\/5lo.lublin.pl\/index.php?rest_route=%2Fwp%2Fv2%2Fcategories&post=22435"},{"taxonomy":"post_tag","embeddable":true,"href":"https:\/\/5lo.lublin.pl\/index.php?rest_route=%2Fwp%2Fv2%2Ftags&post=22435"}],"curies":[{"name":"wp","href":"https:\/\/api.w.org\/{rel}","templated":true}]}}