{"id":22400,"date":"2022-11-29T07:10:14","date_gmt":"2022-11-29T07:10:14","guid":{"rendered":"https:\/\/5lo.lublin.pl\/?p=22400"},"modified":"2022-12-01T07:11:04","modified_gmt":"2022-12-01T07:11:04","slug":"biblioteczny-kalendarz-adwentowy","status":"publish","type":"post","link":"https:\/\/5lo.lublin.pl\/?p=22400","title":{"rendered":"Biblioteczny kalendarz adwentowy"},"content":{"rendered":"\n<p style=\"font-size:17px\">Biblioteczny kalendarz adwentowy &#8211; po raz pierwszy w bibliotece szkolnej!<\/p>\n\n\n\n<p style=\"font-size:17px\">Mamy przyjemno\u015b\u0107 zaprosi\u0107 Was do kreatywnej zabawy i jednocze\u015bnie wsp\u00f3lnego odliczania dni do \u015awi\u0105t Bo\u017cego Narodzenia.<\/p>\n\n\n\n<p style=\"font-size:17px\">Serdecznie zapraszamy ju\u017c od 01.12.2022 r.<\/p>\n\n\n\n<p style=\"font-size:17px\">Nauczyciele bibliotekarze<\/p>\n","protected":false},"excerpt":{"rendered":"<p>Biblioteczny kalendarz adwentowy &#8211; po raz pierwszy w bibliotece szkolnej! Mamy przyjemno\u015b\u0107 zaprosi\u0107 Was do kreatywnej zabawy i jednocze\u015bnie wsp\u00f3lnego odliczania dni do \u015awi\u0105t Bo\u017cego Narodzenia. Serdecznie zapraszamy ju\u017c od 01.12.2022 r. Nauczyciele bibliotekarze<\/p>\n","protected":false},"author":23,"featured_media":22401,"comment_status":"closed","ping_status":"open","sticky":false,"template":"","format":"standard","meta":{"footnotes":""},"categories":[222,135,133,220],"tags":[],"_links":{"self":[{"href":"https:\/\/5lo.lublin.pl\/index.php?rest_route=\/wp\/v2\/posts\/22400"}],"collection":[{"href":"https:\/\/5lo.lublin.pl\/index.php?rest_route=\/wp\/v2\/posts"}],"about":[{"href":"https:\/\/5lo.lublin.pl\/index.php?rest_route=\/wp\/v2\/types\/post"}],"author":[{"embeddable":true,"href":"https:\/\/5lo.lublin.pl\/index.php?rest_route=\/wp\/v2\/users\/23"}],"replies":[{"embeddable":true,"href":"https:\/\/5lo.lublin.pl\/index.php?rest_route=%2Fwp%2Fv2%2Fcomments&post=22400"}],"version-history":[{"count":1,"href":"https:\/\/5lo.lublin.pl\/index.php?rest_route=\/wp\/v2\/posts\/22400\/revisions"}],"predecessor-version":[{"id":22402,"href":"https:\/\/5lo.lublin.pl\/index.php?rest_route=\/wp\/v2\/posts\/22400\/revisions\/22402"}],"wp:featuredmedia":[{"embeddable":true,"href":"https:\/\/5lo.lublin.pl\/index.php?rest_route=\/wp\/v2\/media\/22401"}],"wp:attachment":[{"href":"https:\/\/5lo.lublin.pl\/index.php?rest_route=%2Fwp%2Fv2%2Fmedia&parent=22400"}],"wp:term":[{"taxonomy":"category","embeddable":true,"href":"https:\/\/5lo.lublin.pl\/index.php?rest_route=%2Fwp%2Fv2%2Fcategories&post=22400"},{"taxonomy":"post_tag","embeddable":true,"href":"https:\/\/5lo.lublin.pl\/index.php?rest_route=%2Fwp%2Fv2%2Ftags&post=22400"}],"curies":[{"name":"wp","href":"https:\/\/api.w.org\/{rel}","templated":true}]}}