{"id":22385,"date":"2022-11-28T16:22:31","date_gmt":"2022-11-28T16:22:31","guid":{"rendered":"https:\/\/5lo.lublin.pl\/?p=22385"},"modified":"2022-11-30T17:39:14","modified_gmt":"2022-11-30T17:39:14","slug":"wyroznienie-w-xv-miejskim-konkursie-recytatorskim","status":"publish","type":"post","link":"https:\/\/5lo.lublin.pl\/?p=22385","title":{"rendered":"Wyr\u00f3\u017cnienie w XV Miejskim Konkursie Recytatorskim"},"content":{"rendered":"\n<p>Karolina Julia Jatczak z klasy 3g otrzyma\u0142a wyr\u00f3\u017cnienie w XV Miejskim Konkursie Recytatorskim. Jury <\/p>\n\n\n\n<p>doceni\u0142o jej interpretacj\u0119 wierszy Norwida i Herberta. Gratulacje!<\/p>\n\n\n<div class=\"wp-block-image\">\n<figure class=\"aligncenter size-full\"><img loading=\"lazy\" decoding=\"async\" width=\"442\" height=\"591\" src=\"https:\/\/5lo.lublin.pl\/wp-content\/uploads\/2022\/11\/IMG_20221110_104747m-rotated.jpg\" alt=\"\" class=\"wp-image-22397\" srcset=\"https:\/\/5lo.lublin.pl\/wp-content\/uploads\/2022\/11\/IMG_20221110_104747m-rotated.jpg 442w, https:\/\/5lo.lublin.pl\/wp-content\/uploads\/2022\/11\/IMG_20221110_104747m-224x300.jpg 224w\" sizes=\"(max-width: 442px) 100vw, 442px\" \/><\/figure><\/div>\n\n<div class=\"wp-block-image\">\n<figure class=\"aligncenter size-full is-resized\"><img loading=\"lazy\" decoding=\"async\" src=\"https:\/\/5lo.lublin.pl\/wp-content\/uploads\/2022\/11\/WyroznienieKJJ.jpg\" alt=\"\" class=\"wp-image-22386\" width=\"480\" height=\"689\" srcset=\"https:\/\/5lo.lublin.pl\/wp-content\/uploads\/2022\/11\/WyroznienieKJJ.jpg 480w, https:\/\/5lo.lublin.pl\/wp-content\/uploads\/2022\/11\/WyroznienieKJJ-209x300.jpg 209w\" sizes=\"(max-width: 480px) 100vw, 480px\" \/><\/figure><\/div>","protected":false},"excerpt":{"rendered":"<p>Karolina Julia Jatczak z klasy 3g otrzyma\u0142a wyr\u00f3\u017cnienie w XV Miejskim Konkursie Recytatorskim. Jury doceni\u0142o jej interpretacj\u0119 wierszy Norwida i Herberta. Gratulacje!<\/p>\n","protected":false},"author":29,"featured_media":22387,"comment_status":"closed","ping_status":"open","sticky":false,"template":"","format":"standard","meta":{"footnotes":""},"categories":[348,364,134],"tags":[],"_links":{"self":[{"href":"https:\/\/5lo.lublin.pl\/index.php?rest_route=\/wp\/v2\/posts\/22385"}],"collection":[{"href":"https:\/\/5lo.lublin.pl\/index.php?rest_route=\/wp\/v2\/posts"}],"about":[{"href":"https:\/\/5lo.lublin.pl\/index.php?rest_route=\/wp\/v2\/types\/post"}],"author":[{"embeddable":true,"href":"https:\/\/5lo.lublin.pl\/index.php?rest_route=\/wp\/v2\/users\/29"}],"replies":[{"embeddable":true,"href":"https:\/\/5lo.lublin.pl\/index.php?rest_route=%2Fwp%2Fv2%2Fcomments&post=22385"}],"version-history":[{"count":1,"href":"https:\/\/5lo.lublin.pl\/index.php?rest_route=\/wp\/v2\/posts\/22385\/revisions"}],"predecessor-version":[{"id":22398,"href":"https:\/\/5lo.lublin.pl\/index.php?rest_route=\/wp\/v2\/posts\/22385\/revisions\/22398"}],"wp:featuredmedia":[{"embeddable":true,"href":"https:\/\/5lo.lublin.pl\/index.php?rest_route=\/wp\/v2\/media\/22387"}],"wp:attachment":[{"href":"https:\/\/5lo.lublin.pl\/index.php?rest_route=%2Fwp%2Fv2%2Fmedia&parent=22385"}],"wp:term":[{"taxonomy":"category","embeddable":true,"href":"https:\/\/5lo.lublin.pl\/index.php?rest_route=%2Fwp%2Fv2%2Fcategories&post=22385"},{"taxonomy":"post_tag","embeddable":true,"href":"https:\/\/5lo.lublin.pl\/index.php?rest_route=%2Fwp%2Fv2%2Ftags&post=22385"}],"curies":[{"name":"wp","href":"https:\/\/api.w.org\/{rel}","templated":true}]}}