{"id":22379,"date":"2022-11-27T19:28:16","date_gmt":"2022-11-27T19:28:16","guid":{"rendered":"https:\/\/5lo.lublin.pl\/?p=22379"},"modified":"2022-11-27T19:28:19","modified_gmt":"2022-11-27T19:28:19","slug":"gala-miedzynarodowegoprzegladu-poezjiim-stanislawa-andrzeja-lukowskiego","status":"publish","type":"post","link":"https:\/\/5lo.lublin.pl\/?p=22379","title":{"rendered":"Gala Mi\u0119dzynarodowego<br>Przegl\u0105du Poezji<br>im. Stanis\u0142awa Andrzeja \u0141ukowskiego"},"content":{"rendered":"\n<div data-wp-interactive=\"\" class=\"wp-block-file\"><object data-wp-bind--hidden=\"!selectors.core.file.hasPdfPreview\" hidden class=\"wp-block-file__embed\" data=\"https:\/\/5lo.lublin.pl\/wp-content\/uploads\/2022\/11\/Plakat-XXV-JDP-2022-r.pdf\" type=\"application\/pdf\" style=\"width:100%;height:600px\" aria-label=\"Osadzone z Plakat-XXV-JDP-2022-r.\"><\/object><a id=\"wp-block-file--media-409ea93e-7ff5-4831-a7f7-b1476dea8fbd\" href=\"https:\/\/5lo.lublin.pl\/wp-content\/uploads\/2022\/11\/Plakat-XXV-JDP-2022-r.pdf\">Plakat-XXV-JDP-2022-r<\/a><a href=\"https:\/\/5lo.lublin.pl\/wp-content\/uploads\/2022\/11\/Plakat-XXV-JDP-2022-r.pdf\" class=\"wp-block-file__button wp-element-button\" download aria-describedby=\"wp-block-file--media-409ea93e-7ff5-4831-a7f7-b1476dea8fbd\">Pobierz<\/a><\/div>\n","protected":false},"excerpt":{"rendered":"Plakat-XXV-JDP-2022-rPobierz","protected":false},"author":29,"featured_media":18570,"comment_status":"closed","ping_status":"open","sticky":false,"template":"","format":"standard","meta":{"footnotes":""},"categories":[160,1,133],"tags":[],"_links":{"self":[{"href":"https:\/\/5lo.lublin.pl\/index.php?rest_route=\/wp\/v2\/posts\/22379"}],"collection":[{"href":"https:\/\/5lo.lublin.pl\/index.php?rest_route=\/wp\/v2\/posts"}],"about":[{"href":"https:\/\/5lo.lublin.pl\/index.php?rest_route=\/wp\/v2\/types\/post"}],"author":[{"embeddable":true,"href":"https:\/\/5lo.lublin.pl\/index.php?rest_route=\/wp\/v2\/users\/29"}],"replies":[{"embeddable":true,"href":"https:\/\/5lo.lublin.pl\/index.php?rest_route=%2Fwp%2Fv2%2Fcomments&post=22379"}],"version-history":[{"count":1,"href":"https:\/\/5lo.lublin.pl\/index.php?rest_route=\/wp\/v2\/posts\/22379\/revisions"}],"predecessor-version":[{"id":22384,"href":"https:\/\/5lo.lublin.pl\/index.php?rest_route=\/wp\/v2\/posts\/22379\/revisions\/22384"}],"wp:featuredmedia":[{"embeddable":true,"href":"https:\/\/5lo.lublin.pl\/index.php?rest_route=\/wp\/v2\/media\/18570"}],"wp:attachment":[{"href":"https:\/\/5lo.lublin.pl\/index.php?rest_route=%2Fwp%2Fv2%2Fmedia&parent=22379"}],"wp:term":[{"taxonomy":"category","embeddable":true,"href":"https:\/\/5lo.lublin.pl\/index.php?rest_route=%2Fwp%2Fv2%2Fcategories&post=22379"},{"taxonomy":"post_tag","embeddable":true,"href":"https:\/\/5lo.lublin.pl\/index.php?rest_route=%2Fwp%2Fv2%2Ftags&post=22379"}],"curies":[{"name":"wp","href":"https:\/\/api.w.org\/{rel}","templated":true}]}}