{"id":22371,"date":"2022-11-27T16:09:41","date_gmt":"2022-11-27T16:09:41","guid":{"rendered":"https:\/\/5lo.lublin.pl\/?p=22371"},"modified":"2023-01-17T19:17:44","modified_gmt":"2023-01-17T19:17:44","slug":"2022-rok-botaniki-wyklad","status":"publish","type":"post","link":"https:\/\/5lo.lublin.pl\/?p=22371","title":{"rendered":"2022 &#8211; ROK BOTANIKI &#8211; wyk\u0142ad"},"content":{"rendered":"\n<p>Rok&nbsp;<strong>2022<\/strong>&nbsp;zosta\u0142 ustanowiony&nbsp;<strong>Rokiem Botaniki<\/strong>&nbsp;(Uchwa\u0142a Senatu Rzeczpospolitej Polskiej z dnia 26 listopada 2021 r.), popularyzuj\u0105cym wiedz\u0119 przyrodnicz\u0105 dotycz\u0105c\u0105 szeroko rozumianej botaniki.<\/p>\n\n\n<div class=\"wp-block-image\">\n<figure class=\"aligncenter size-full\"><img loading=\"lazy\" decoding=\"async\" width=\"622\" height=\"453\" src=\"https:\/\/5lo.lublin.pl\/wp-content\/uploads\/2022\/11\/1-3.jpg\" alt=\"\" class=\"wp-image-22376\" srcset=\"https:\/\/5lo.lublin.pl\/wp-content\/uploads\/2022\/11\/1-3.jpg 622w, https:\/\/5lo.lublin.pl\/wp-content\/uploads\/2022\/11\/1-3-300x218.jpg 300w\" sizes=\"(max-width: 622px) 100vw, 622px\" \/><\/figure><\/div>\n\n\n<p>Z tej okazji 17 listopada 2022 r. uczniowie klas o profilu biologiczno-chemicznym &#8211; Id, IIc, IId &#8211; uczestniczyli w zdalnym wyk\u0142adzie&nbsp;<strong>&#8222;Mikrolokatorzy ro\u015blin&#8221;<\/strong>&nbsp;prowadzonym przez&nbsp;<strong>dr hab. Ma\u0142gorzat\u0119 Majewsk\u0105<\/strong>&nbsp;<strong>z Katedry Mikrobiologii Przemys\u0142owej i \u015arodowiskowej Wydzia\u0142u Biologii i Biotechnologii UMCS w Lublinie<\/strong>. M\u0142odzie\u017c mia\u0142a okazj\u0119 wzbogaci\u0107 swoje wiadomo\u015bci nt mikrobiota, miejsc ich wyst\u0119powania oraz relacji z ro\u015blinami.&nbsp;Atrakcyjne zaj\u0119cia,&nbsp;dostosowane do wieku i mo\u017cliwo\u015bci uczni\u00f3w, wzbogacone by\u0142y ciekawymi zdj\u0119ciami dotycz\u0105cymi prezentowanych tre\u015bci.<\/p>\n\n\n\n<figure class=\"wp-block-gallery has-nested-images columns-default is-cropped wp-block-gallery-1 is-layout-flex wp-block-gallery-is-layout-flex\">\n<figure class=\"wp-block-image size-large\"><img loading=\"lazy\" decoding=\"async\" width=\"1024\" height=\"768\" data-id=\"22375\" src=\"https:\/\/5lo.lublin.pl\/wp-content\/uploads\/2022\/11\/2-2-1024x768.jpg\" alt=\"\" class=\"wp-image-22375\" srcset=\"https:\/\/5lo.lublin.pl\/wp-content\/uploads\/2022\/11\/2-2-1024x768.jpg 1024w, https:\/\/5lo.lublin.pl\/wp-content\/uploads\/2022\/11\/2-2-300x225.jpg 300w, https:\/\/5lo.lublin.pl\/wp-content\/uploads\/2022\/11\/2-2-768x576.jpg 768w, https:\/\/5lo.lublin.pl\/wp-content\/uploads\/2022\/11\/2-2-1536x1152.jpg 1536w, https:\/\/5lo.lublin.pl\/wp-content\/uploads\/2022\/11\/2-2-2048x1536.jpg 2048w\" sizes=\"(max-width: 1024px) 100vw, 1024px\" \/><\/figure>\n\n\n\n<figure class=\"wp-block-image size-large\"><img loading=\"lazy\" decoding=\"async\" width=\"759\" height=\"1024\" data-id=\"22374\" src=\"https:\/\/5lo.lublin.pl\/wp-content\/uploads\/2022\/11\/3-2-759x1024.jpg\" alt=\"\" class=\"wp-image-22374\" srcset=\"https:\/\/5lo.lublin.pl\/wp-content\/uploads\/2022\/11\/3-2-759x1024.jpg 759w, https:\/\/5lo.lublin.pl\/wp-content\/uploads\/2022\/11\/3-2-222x300.jpg 222w, https:\/\/5lo.lublin.pl\/wp-content\/uploads\/2022\/11\/3-2-768x1036.jpg 768w, https:\/\/5lo.lublin.pl\/wp-content\/uploads\/2022\/11\/3-2-1139x1536.jpg 1139w, https:\/\/5lo.lublin.pl\/wp-content\/uploads\/2022\/11\/3-2-1518x2048.jpg 1518w, https:\/\/5lo.lublin.pl\/wp-content\/uploads\/2022\/11\/3-2-scaled.jpg 1898w\" sizes=\"(max-width: 759px) 100vw, 759px\" \/><\/figure>\n<\/figure>\n\n\n\n<p>Pani dr hab. Ma\u0142gorzacie Majewskiej<\/p>\n\n\n\n<p>dzi\u0119kujemy za cenn\u0105 wsp\u00f3\u0142prac\u0119<\/p>\n\n\n\n<p>i \u017cyczymy sukces\u00f3w zawodowych.<\/p>\n","protected":false},"excerpt":{"rendered":"<p>Rok&nbsp;2022&nbsp;zosta\u0142 ustanowiony&nbsp;Rokiem Botaniki&nbsp;(Uchwa\u0142a Senatu Rzeczpospolitej Polskiej z dnia 26 listopada 2021 r.), popularyzuj\u0105cym wiedz\u0119 przyrodnicz\u0105 dotycz\u0105c\u0105 szeroko rozumianej botaniki. Z tej okazji 17 listopada 2022 r. uczniowie klas o profilu biologiczno-chemicznym &#8211; Id, IIc, IId &#8211; uczestniczyli w zdalnym wyk\u0142adzie&nbsp;&#8222;Mikrolokatorzy ro\u015blin&#8221;&nbsp;prowadzonym przez&nbsp;dr hab. Ma\u0142gorzat\u0119 Majewsk\u0105&nbsp;z Katedry Mikrobiologii Przemys\u0142owej i \u015arodowiskowej Wydzia\u0142u Biologii i Biotechnologii UMCS [&hellip;]<\/p>\n","protected":false},"author":29,"featured_media":22372,"comment_status":"closed","ping_status":"open","sticky":false,"template":"","format":"standard","meta":{"footnotes":""},"categories":[1,395,133],"tags":[],"_links":{"self":[{"href":"https:\/\/5lo.lublin.pl\/index.php?rest_route=\/wp\/v2\/posts\/22371"}],"collection":[{"href":"https:\/\/5lo.lublin.pl\/index.php?rest_route=\/wp\/v2\/posts"}],"about":[{"href":"https:\/\/5lo.lublin.pl\/index.php?rest_route=\/wp\/v2\/types\/post"}],"author":[{"embeddable":true,"href":"https:\/\/5lo.lublin.pl\/index.php?rest_route=\/wp\/v2\/users\/29"}],"replies":[{"embeddable":true,"href":"https:\/\/5lo.lublin.pl\/index.php?rest_route=%2Fwp%2Fv2%2Fcomments&post=22371"}],"version-history":[{"count":1,"href":"https:\/\/5lo.lublin.pl\/index.php?rest_route=\/wp\/v2\/posts\/22371\/revisions"}],"predecessor-version":[{"id":22765,"href":"https:\/\/5lo.lublin.pl\/index.php?rest_route=\/wp\/v2\/posts\/22371\/revisions\/22765"}],"wp:featuredmedia":[{"embeddable":true,"href":"https:\/\/5lo.lublin.pl\/index.php?rest_route=\/wp\/v2\/media\/22372"}],"wp:attachment":[{"href":"https:\/\/5lo.lublin.pl\/index.php?rest_route=%2Fwp%2Fv2%2Fmedia&parent=22371"}],"wp:term":[{"taxonomy":"category","embeddable":true,"href":"https:\/\/5lo.lublin.pl\/index.php?rest_route=%2Fwp%2Fv2%2Fcategories&post=22371"},{"taxonomy":"post_tag","embeddable":true,"href":"https:\/\/5lo.lublin.pl\/index.php?rest_route=%2Fwp%2Fv2%2Ftags&post=22371"}],"curies":[{"name":"wp","href":"https:\/\/api.w.org\/{rel}","templated":true}]}}