{"id":22318,"date":"2022-11-24T18:06:25","date_gmt":"2022-11-24T18:06:25","guid":{"rendered":"https:\/\/5lo.lublin.pl\/?p=22318"},"modified":"2022-11-24T18:06:29","modified_gmt":"2022-11-24T18:06:29","slug":"druzynowy-badminton-na-3-miejscu-w-lublinie","status":"publish","type":"post","link":"https:\/\/5lo.lublin.pl\/?p=22318","title":{"rendered":"Dru\u017cynowy badminton na 3 miejscu w Lublinie!"},"content":{"rendered":"\n<p>W dniu 21.11.2022 r. w CKF UMCS Lublin odby\u0142a si\u0119 Licealiada w dru\u017cynowym badmintonie dziewcz\u0105t i ch\u0142opc\u00f3w. Dziewcz\u0119ta w sk\u0142adzie: Oliwia Pastuszak 2E, Martyna Pecka 3B, Sylwia Wrona 3G zaj\u0119\u0142y bardzo dobre 3 miejsce po wyr\u00f3wnanych i zaci\u0119tych meczach! Ch\u0142opcy w sk\u0142adzie: Szymon Boczek 3B, Micha\u0142 Grochowski 1B, Jakub Maj 2F, Krzysztof Zonik 2F zaj\u0119li 9 miejsce. Serdecznie gratulujemy!<\/p>\n\n\n\n<p>Opiekun dru\u017cyn by\u0142 Adrian Szczotka.<\/p>\n\n\n<div id=\"metaslider-id-22324\" style=\"max-width: 1500px; margin: 0 auto;\" class=\"ml-slider-3-62-0 metaslider metaslider-flex metaslider-22324 ml-slider ms-theme-default\" role=\"region\" aria-roledescription=\"Slideshow\" aria-label=\"Badminton22\">\n    <div id=\"metaslider_container_22324\">\n        <div id=\"metaslider_22324\" class=\"flexslider\">\n            <ul aria-live=\"polite\" class=\"slides\">\n                <li style=\"display: block; width: 100%;\" class=\"slide-22330 ms-image \" aria-roledescription=\"slide\" aria-label=\"slide-22330\"><img loading=\"lazy\" decoding=\"async\" src=\"https:\/\/5lo.lublin.pl\/wp-content\/uploads\/2022\/11\/01-3-1500x900.jpg\" height=\"900\" width=\"1500\" alt=\"\" class=\"slider-22324 slide-22330\" title=\"01\" \/><\/li>\n                <li style=\"display: none; width: 100%;\" class=\"slide-22331 ms-image \" aria-roledescription=\"slide\" aria-label=\"slide-22331\"><img loading=\"lazy\" decoding=\"async\" src=\"https:\/\/5lo.lublin.pl\/wp-content\/uploads\/2022\/11\/02-3-1200x720.jpg\" height=\"900\" width=\"1500\" alt=\"\" class=\"slider-22324 slide-22331\" title=\"02\" \/><\/li>\n                <li style=\"display: none; width: 100%;\" class=\"slide-22332 ms-image \" aria-roledescription=\"slide\" aria-label=\"slide-22332\"><img loading=\"lazy\" decoding=\"async\" src=\"https:\/\/5lo.lublin.pl\/wp-content\/uploads\/2022\/11\/03-3-1200x720.jpg\" height=\"900\" width=\"1500\" alt=\"\" class=\"slider-22324 slide-22332\" title=\"03\" \/><\/li>\n                <li style=\"display: none; width: 100%;\" class=\"slide-22333 ms-image \" aria-roledescription=\"slide\" aria-label=\"slide-22333\"><img loading=\"lazy\" decoding=\"async\" src=\"https:\/\/5lo.lublin.pl\/wp-content\/uploads\/2022\/11\/04-3-1500x900.jpg\" height=\"900\" width=\"1500\" alt=\"\" class=\"slider-22324 slide-22333\" title=\"04\" \/><\/li>\n                <li style=\"display: none; width: 100%;\" class=\"slide-22334 ms-image \" aria-roledescription=\"slide\" aria-label=\"slide-22334\"><img loading=\"lazy\" decoding=\"async\" src=\"https:\/\/5lo.lublin.pl\/wp-content\/uploads\/2022\/11\/05-3-1200x720.jpg\" height=\"900\" width=\"1500\" alt=\"\" class=\"slider-22324 slide-22334\" title=\"05\" \/><\/li>\n            <\/ul>\n        <\/div>\n        \n    <\/div>\n<\/div>\n\n\n\n<p><\/p>\n","protected":false},"excerpt":{"rendered":"<p>W dniu 21.11.2022 r. w CKF UMCS Lublin odby\u0142a si\u0119 Licealiada w dru\u017cynowym badmintonie dziewcz\u0105t i ch\u0142opc\u00f3w. Dziewcz\u0119ta w sk\u0142adzie: Oliwia Pastuszak 2E, Martyna Pecka 3B, Sylwia Wrona 3G zaj\u0119\u0142y bardzo dobre 3 miejsce po wyr\u00f3wnanych i zaci\u0119tych meczach! Ch\u0142opcy w sk\u0142adzie: Szymon Boczek 3B, Micha\u0142 Grochowski 1B, Jakub Maj 2F, Krzysztof Zonik 2F zaj\u0119li [&hellip;]<\/p>\n","protected":false},"author":12,"featured_media":22325,"comment_status":"closed","ping_status":"open","sticky":false,"template":"","format":"standard","meta":{"footnotes":""},"categories":[364,134,138],"tags":[],"_links":{"self":[{"href":"https:\/\/5lo.lublin.pl\/index.php?rest_route=\/wp\/v2\/posts\/22318"}],"collection":[{"href":"https:\/\/5lo.lublin.pl\/index.php?rest_route=\/wp\/v2\/posts"}],"about":[{"href":"https:\/\/5lo.lublin.pl\/index.php?rest_route=\/wp\/v2\/types\/post"}],"author":[{"embeddable":true,"href":"https:\/\/5lo.lublin.pl\/index.php?rest_route=\/wp\/v2\/users\/12"}],"replies":[{"embeddable":true,"href":"https:\/\/5lo.lublin.pl\/index.php?rest_route=%2Fwp%2Fv2%2Fcomments&post=22318"}],"version-history":[{"count":1,"href":"https:\/\/5lo.lublin.pl\/index.php?rest_route=\/wp\/v2\/posts\/22318\/revisions"}],"predecessor-version":[{"id":22335,"href":"https:\/\/5lo.lublin.pl\/index.php?rest_route=\/wp\/v2\/posts\/22318\/revisions\/22335"}],"wp:featuredmedia":[{"embeddable":true,"href":"https:\/\/5lo.lublin.pl\/index.php?rest_route=\/wp\/v2\/media\/22325"}],"wp:attachment":[{"href":"https:\/\/5lo.lublin.pl\/index.php?rest_route=%2Fwp%2Fv2%2Fmedia&parent=22318"}],"wp:term":[{"taxonomy":"category","embeddable":true,"href":"https:\/\/5lo.lublin.pl\/index.php?rest_route=%2Fwp%2Fv2%2Fcategories&post=22318"},{"taxonomy":"post_tag","embeddable":true,"href":"https:\/\/5lo.lublin.pl\/index.php?rest_route=%2Fwp%2Fv2%2Ftags&post=22318"}],"curies":[{"name":"wp","href":"https:\/\/api.w.org\/{rel}","templated":true}]}}