{"id":22233,"date":"2022-11-18T13:47:28","date_gmt":"2022-11-18T13:47:28","guid":{"rendered":"https:\/\/5lo.lublin.pl\/?p=22233"},"modified":"2022-11-18T13:47:33","modified_gmt":"2022-11-18T13:47:33","slug":"licealiada-miasta-lublin-w-szachach-w-v-lo","status":"publish","type":"post","link":"https:\/\/5lo.lublin.pl\/?p=22233","title":{"rendered":"Licealiada miasta Lublin w szachach w V LO!"},"content":{"rendered":"\n<p>W dniu 17.11.2022 r. w naszej szkole odby\u0142a si\u0119 Licealiada miasta Lublin w szachach. Dru\u017cynowo V LO w kategorii dziewcz\u0105t zaj\u0119\u0142a 4 miejsce, a w kategorii ch\u0142opc\u00f3w 5 miejsce. Indywidualnie Maja Sikorska zaj\u0119\u0142a doskona\u0142e 3 miejsce. Gratulujemy!<\/p>\n\n\n\n<p>Nasza dru\u017cyna wyst\u0105pi\u0142a w sk\u0142adzie:<\/p>\n\n\n\n<p>Maja Sikorska 2D<\/p>\n\n\n\n<p>Oliwia Pastuszak 2E<\/p>\n\n\n\n<p>\u0141ukasz Sieradz 4B<\/p>\n\n\n\n<p>Natan Halinowski 1E<\/p>\n\n\n\n<p>Oliwier G\u0142\u00f3wka 3A<\/p>\n\n\n\n<p>Jakub Jagie\u0142\u0142o 4A<\/p>\n\n\n\n<p>Jakub \u017bo\u0142dak 3F<\/p>\n\n\n\n<p>Opiekun dru\u017cyny: Dariusz Augustyniak<\/p>\n\n\n<div id=\"metaslider-id-22236\" style=\"max-width: 1500px; margin: 0 auto;\" class=\"ml-slider-3-62-0 metaslider metaslider-flex metaslider-22236 ml-slider ms-theme-default\" role=\"region\" aria-roledescription=\"Slideshow\" aria-label=\"Szachy 22\">\n    <div id=\"metaslider_container_22236\">\n        <div id=\"metaslider_22236\" class=\"flexslider\">\n            <ul aria-live=\"polite\" class=\"slides\">\n                <li style=\"display: block; width: 100%;\" class=\"slide-22242 ms-image \" aria-roledescription=\"slide\" aria-label=\"slide-22242\"><img loading=\"lazy\" decoding=\"async\" src=\"https:\/\/5lo.lublin.pl\/wp-content\/uploads\/2022\/11\/01-1-1200x720.jpg\" height=\"900\" width=\"1500\" alt=\"\" class=\"slider-22236 slide-22242\" title=\"dav\" \/><div class=\"caption-wrap\"><div class=\"caption\">dav<\/div><\/div><\/li>\n                <li style=\"display: none; width: 100%;\" class=\"slide-22243 ms-image \" aria-roledescription=\"slide\" aria-label=\"slide-22243\"><img loading=\"lazy\" decoding=\"async\" src=\"https:\/\/5lo.lublin.pl\/wp-content\/uploads\/2022\/11\/02-1-558x334.jpg\" height=\"900\" width=\"1500\" alt=\"\" class=\"slider-22236 slide-22243\" title=\"dav\" \/><div class=\"caption-wrap\"><div class=\"caption\">dav<\/div><\/div><\/li>\n                <li style=\"display: none; width: 100%;\" class=\"slide-22244 ms-image \" aria-roledescription=\"slide\" aria-label=\"slide-22244\"><img loading=\"lazy\" decoding=\"async\" src=\"https:\/\/5lo.lublin.pl\/wp-content\/uploads\/2022\/11\/03-1-558x334.jpg\" height=\"900\" width=\"1500\" alt=\"\" class=\"slider-22236 slide-22244\" title=\"dav\" \/><div class=\"caption-wrap\"><div class=\"caption\">dav<\/div><\/div><\/li>\n                <li style=\"display: none; width: 100%;\" class=\"slide-22245 ms-image \" aria-roledescription=\"slide\" aria-label=\"slide-22245\"><img loading=\"lazy\" decoding=\"async\" src=\"https:\/\/5lo.lublin.pl\/wp-content\/uploads\/2022\/11\/04-1-558x334.jpg\" height=\"900\" width=\"1500\" alt=\"\" class=\"slider-22236 slide-22245\" title=\"dav\" \/><div class=\"caption-wrap\"><div class=\"caption\">dav<\/div><\/div><\/li>\n                <li style=\"display: none; width: 100%;\" class=\"slide-22246 ms-image \" aria-roledescription=\"slide\" aria-label=\"slide-22246\"><img loading=\"lazy\" decoding=\"async\" src=\"https:\/\/5lo.lublin.pl\/wp-content\/uploads\/2022\/11\/05-1-558x334.jpg\" height=\"900\" width=\"1500\" alt=\"\" class=\"slider-22236 slide-22246\" title=\"sdr\" \/><div class=\"caption-wrap\"><div class=\"caption\">sdr<\/div><\/div><\/li>\n            <\/ul>\n        <\/div>\n        \n    <\/div>\n<\/div>\n","protected":false},"excerpt":{"rendered":"<p>W dniu 17.11.2022 r. w naszej szkole odby\u0142a si\u0119 Licealiada miasta Lublin w szachach. Dru\u017cynowo V LO w kategorii dziewcz\u0105t zaj\u0119\u0142a 4 miejsce, a w kategorii ch\u0142opc\u00f3w 5 miejsce. Indywidualnie Maja Sikorska zaj\u0119\u0142a doskona\u0142e 3 miejsce. Gratulujemy! Nasza dru\u017cyna wyst\u0105pi\u0142a w sk\u0142adzie: Maja Sikorska 2D Oliwia Pastuszak 2E \u0141ukasz Sieradz 4B Natan Halinowski 1E Oliwier [&hellip;]<\/p>\n","protected":false},"author":12,"featured_media":22238,"comment_status":"closed","ping_status":"open","sticky":false,"template":"","format":"standard","meta":{"footnotes":""},"categories":[364,134,138,133],"tags":[],"_links":{"self":[{"href":"https:\/\/5lo.lublin.pl\/index.php?rest_route=\/wp\/v2\/posts\/22233"}],"collection":[{"href":"https:\/\/5lo.lublin.pl\/index.php?rest_route=\/wp\/v2\/posts"}],"about":[{"href":"https:\/\/5lo.lublin.pl\/index.php?rest_route=\/wp\/v2\/types\/post"}],"author":[{"embeddable":true,"href":"https:\/\/5lo.lublin.pl\/index.php?rest_route=\/wp\/v2\/users\/12"}],"replies":[{"embeddable":true,"href":"https:\/\/5lo.lublin.pl\/index.php?rest_route=%2Fwp%2Fv2%2Fcomments&post=22233"}],"version-history":[{"count":1,"href":"https:\/\/5lo.lublin.pl\/index.php?rest_route=\/wp\/v2\/posts\/22233\/revisions"}],"predecessor-version":[{"id":22247,"href":"https:\/\/5lo.lublin.pl\/index.php?rest_route=\/wp\/v2\/posts\/22233\/revisions\/22247"}],"wp:featuredmedia":[{"embeddable":true,"href":"https:\/\/5lo.lublin.pl\/index.php?rest_route=\/wp\/v2\/media\/22238"}],"wp:attachment":[{"href":"https:\/\/5lo.lublin.pl\/index.php?rest_route=%2Fwp%2Fv2%2Fmedia&parent=22233"}],"wp:term":[{"taxonomy":"category","embeddable":true,"href":"https:\/\/5lo.lublin.pl\/index.php?rest_route=%2Fwp%2Fv2%2Fcategories&post=22233"},{"taxonomy":"post_tag","embeddable":true,"href":"https:\/\/5lo.lublin.pl\/index.php?rest_route=%2Fwp%2Fv2%2Ftags&post=22233"}],"curies":[{"name":"wp","href":"https:\/\/api.w.org\/{rel}","templated":true}]}}