{"id":22215,"date":"2022-11-17T18:20:23","date_gmt":"2022-11-17T18:20:23","guid":{"rendered":"https:\/\/5lo.lublin.pl\/?p=22215"},"modified":"2023-01-09T20:12:57","modified_gmt":"2023-01-09T20:12:57","slug":"zapoznanie-uczniow-klas-4d-4c-z-oferta-edukacyjna-uniwersytetu-przyrodniczego-w-lublinie","status":"publish","type":"post","link":"https:\/\/5lo.lublin.pl\/?p=22215","title":{"rendered":"Zapoznanie uczni\u00f3w klas 4d, 4c z ofert\u0105 edukacyjn\u0105 Uniwersytetu Przyrodniczego w Lublinie."},"content":{"rendered":"\n<p>W dniu 27. 10 . 2022 r. uczniowie klasy 4d, 4c, w ramach porozumienia wsp\u00f3\u0142pracy, zwiedzali Katedr\u0119 Wydzia\u0142u Medycyny Weterynaryjnej UP w Lublinie. W trakcie pobytu uczniowie zapoznali si\u0119 z ofert\u0105 edukacyjn\u0105 UP, zwiedzili kliniki weterynaryjne, sale zabiegowe, sale wyk\u0142adowe i \u0107wiczeniowe. Uczniowie dowiedzieli si\u0119 jakie cechy osobowo\u015bci i predyspozycje zawodowe powinien posiada\u0107 weterynarz. Uzyskali szczeg\u00f3\u0142owe informacje dotycz\u0105ce wykonywania tego zawodu. Dzi\u0119kujemy w\u0142adzom UP w lublinie.<\/p>\n\n\n\n<figure class=\"wp-block-gallery has-nested-images columns-default is-cropped wp-block-gallery-1 is-layout-flex wp-block-gallery-is-layout-flex\">\n<figure class=\"wp-block-image size-large\"><img loading=\"lazy\" decoding=\"async\" width=\"1024\" height=\"768\" data-id=\"22221\" src=\"https:\/\/5lo.lublin.pl\/wp-content\/uploads\/2022\/11\/UP2-1024x768.jpg\" alt=\"\" class=\"wp-image-22221\" srcset=\"https:\/\/5lo.lublin.pl\/wp-content\/uploads\/2022\/11\/UP2-1024x768.jpg 1024w, https:\/\/5lo.lublin.pl\/wp-content\/uploads\/2022\/11\/UP2-300x225.jpg 300w, https:\/\/5lo.lublin.pl\/wp-content\/uploads\/2022\/11\/UP2-768x576.jpg 768w, https:\/\/5lo.lublin.pl\/wp-content\/uploads\/2022\/11\/UP2-1536x1152.jpg 1536w, https:\/\/5lo.lublin.pl\/wp-content\/uploads\/2022\/11\/UP2-2048x1536.jpg 2048w\" sizes=\"(max-width: 1024px) 100vw, 1024px\" \/><\/figure>\n\n\n\n<figure class=\"wp-block-image size-large\"><img loading=\"lazy\" decoding=\"async\" width=\"1024\" height=\"576\" data-id=\"22220\" src=\"https:\/\/5lo.lublin.pl\/wp-content\/uploads\/2022\/11\/UP3-1024x576.jpg\" alt=\"\" class=\"wp-image-22220\" srcset=\"https:\/\/5lo.lublin.pl\/wp-content\/uploads\/2022\/11\/UP3-1024x576.jpg 1024w, https:\/\/5lo.lublin.pl\/wp-content\/uploads\/2022\/11\/UP3-300x169.jpg 300w, https:\/\/5lo.lublin.pl\/wp-content\/uploads\/2022\/11\/UP3-768x432.jpg 768w, https:\/\/5lo.lublin.pl\/wp-content\/uploads\/2022\/11\/UP3-1536x864.jpg 1536w, https:\/\/5lo.lublin.pl\/wp-content\/uploads\/2022\/11\/UP3-2048x1152.jpg 2048w\" sizes=\"(max-width: 1024px) 100vw, 1024px\" \/><\/figure>\n\n\n\n<figure class=\"wp-block-image size-large\"><img loading=\"lazy\" decoding=\"async\" width=\"1024\" height=\"576\" data-id=\"22219\" src=\"https:\/\/5lo.lublin.pl\/wp-content\/uploads\/2022\/11\/UP4-1024x576.jpg\" alt=\"\" class=\"wp-image-22219\" srcset=\"https:\/\/5lo.lublin.pl\/wp-content\/uploads\/2022\/11\/UP4-1024x576.jpg 1024w, https:\/\/5lo.lublin.pl\/wp-content\/uploads\/2022\/11\/UP4-300x169.jpg 300w, https:\/\/5lo.lublin.pl\/wp-content\/uploads\/2022\/11\/UP4-768x432.jpg 768w, https:\/\/5lo.lublin.pl\/wp-content\/uploads\/2022\/11\/UP4-1536x864.jpg 1536w, https:\/\/5lo.lublin.pl\/wp-content\/uploads\/2022\/11\/UP4-2048x1152.jpg 2048w\" sizes=\"(max-width: 1024px) 100vw, 1024px\" \/><\/figure>\n<\/figure>\n","protected":false},"excerpt":{"rendered":"<p>W dniu 27. 10 . 2022 r. uczniowie klasy 4d, 4c, w ramach porozumienia wsp\u00f3\u0142pracy, zwiedzali Katedr\u0119 Wydzia\u0142u Medycyny Weterynaryjnej UP w Lublinie. W trakcie pobytu uczniowie zapoznali si\u0119 z ofert\u0105 edukacyjn\u0105 UP, zwiedzili kliniki weterynaryjne, sale zabiegowe, sale wyk\u0142adowe i \u0107wiczeniowe. Uczniowie dowiedzieli si\u0119 jakie cechy osobowo\u015bci i predyspozycje zawodowe powinien posiada\u0107 weterynarz. Uzyskali [&hellip;]<\/p>\n","protected":false},"author":29,"featured_media":22217,"comment_status":"closed","ping_status":"open","sticky":false,"template":"","format":"standard","meta":{"footnotes":""},"categories":[1,395,133],"tags":[],"_links":{"self":[{"href":"https:\/\/5lo.lublin.pl\/index.php?rest_route=\/wp\/v2\/posts\/22215"}],"collection":[{"href":"https:\/\/5lo.lublin.pl\/index.php?rest_route=\/wp\/v2\/posts"}],"about":[{"href":"https:\/\/5lo.lublin.pl\/index.php?rest_route=\/wp\/v2\/types\/post"}],"author":[{"embeddable":true,"href":"https:\/\/5lo.lublin.pl\/index.php?rest_route=\/wp\/v2\/users\/29"}],"replies":[{"embeddable":true,"href":"https:\/\/5lo.lublin.pl\/index.php?rest_route=%2Fwp%2Fv2%2Fcomments&post=22215"}],"version-history":[{"count":1,"href":"https:\/\/5lo.lublin.pl\/index.php?rest_route=\/wp\/v2\/posts\/22215\/revisions"}],"predecessor-version":[{"id":22222,"href":"https:\/\/5lo.lublin.pl\/index.php?rest_route=\/wp\/v2\/posts\/22215\/revisions\/22222"}],"wp:featuredmedia":[{"embeddable":true,"href":"https:\/\/5lo.lublin.pl\/index.php?rest_route=\/wp\/v2\/media\/22217"}],"wp:attachment":[{"href":"https:\/\/5lo.lublin.pl\/index.php?rest_route=%2Fwp%2Fv2%2Fmedia&parent=22215"}],"wp:term":[{"taxonomy":"category","embeddable":true,"href":"https:\/\/5lo.lublin.pl\/index.php?rest_route=%2Fwp%2Fv2%2Fcategories&post=22215"},{"taxonomy":"post_tag","embeddable":true,"href":"https:\/\/5lo.lublin.pl\/index.php?rest_route=%2Fwp%2Fv2%2Ftags&post=22215"}],"curies":[{"name":"wp","href":"https:\/\/api.w.org\/{rel}","templated":true}]}}