{"id":22189,"date":"2022-11-17T13:46:15","date_gmt":"2022-11-17T13:46:15","guid":{"rendered":"https:\/\/5lo.lublin.pl\/?p=22189"},"modified":"2022-12-01T07:11:52","modified_gmt":"2022-12-01T07:11:52","slug":"spotkania-z-rodzicami-5","status":"publish","type":"post","link":"https:\/\/5lo.lublin.pl\/?p=22189","title":{"rendered":"Spotkania z Rodzicami"},"content":{"rendered":"\n<p style=\"font-size:17px\">Szanowni Pa\u0144stwo,<\/p>\n\n\n\n<p style=\"font-size:17px\">Uprzejmie informujemy o terminach zebra\u0144 z&nbsp;rodzicami.<\/p>\n\n\n\n<p style=\"font-size:17px\"><strong>Rodzice uczni\u00f3w klas pierwszych<\/strong> <strong>1b, 1c, 1d, 1e oraz 1g<\/strong> spotykaj\u0105 si\u0119 <strong>w dniu 23 listopada (\u015broda)<\/strong> na dolnej sali gimnastycznej <strong>o&nbsp;godz. 17:00<\/strong>, nast\u0119pnie udaj\u0105 si\u0119 do wyznaczonych sal:<\/p>\n\n\n\n<figure class=\"wp-block-table is-style-regular\" style=\"font-size:17px\"><table class=\"has-fixed-layout\"><tbody><tr><td class=\"has-text-align-center\" data-align=\"center\">Klasa<\/td><td class=\"has-text-align-center\" data-align=\"center\">Wychowawca<\/td><td class=\"has-text-align-center\" data-align=\"center\">Sala<\/td><\/tr><tr><td class=\"has-text-align-center\" data-align=\"center\">I b<\/td><td class=\"has-text-align-center\" data-align=\"center\">p. Norbert Ko\u0142odziejczyk<\/td><td class=\"has-text-align-center\" data-align=\"center\">s. 106<\/td><\/tr><tr><td class=\"has-text-align-center\" data-align=\"center\">I c<\/td><td class=\"has-text-align-center\" data-align=\"center\">p. Anna Matysek<\/td><td class=\"has-text-align-center\" data-align=\"center\">s. 216<\/td><\/tr><tr><td class=\"has-text-align-center\" data-align=\"center\">I d<\/td><td class=\"has-text-align-center\" data-align=\"center\">p. Joanna Soko\u0142owska<\/td><td class=\"has-text-align-center\" data-align=\"center\">s. 108<\/td><\/tr><tr><td class=\"has-text-align-center\" data-align=\"center\">I e<\/td><td class=\"has-text-align-center\" data-align=\"center\">p. Katarzyna Wrzesi\u0144ska<\/td><td class=\"has-text-align-center\" data-align=\"center\">s. 314<\/td><\/tr><tr><td class=\"has-text-align-center\" data-align=\"center\">I g<\/td><td class=\"has-text-align-center\" data-align=\"center\">p. Renata Sugier<\/td><td class=\"has-text-align-center\" data-align=\"center\">s. 214<\/td><\/tr><\/tbody><\/table><\/figure>\n\n\n\n<p style=\"font-size:17px\">W dniu <strong>23 listopada (\u015broda) <\/strong>o godz. 17:00 zapraszamy <strong>rodzic\u00f3w uczni\u00f3w klas drugich<\/strong> <strong>2a, 2c, 2e, 2f, 2g<\/strong> oraz <strong>rodzic\u00f3w uczni\u00f3w klasy 4ep<\/strong> na spotkania z wychowawcami zgodnie z harmonogramem:<\/p>\n\n\n\n<figure class=\"wp-block-table is-style-regular\" style=\"font-size:17px\"><table class=\"has-fixed-layout\"><tbody><tr><td class=\"has-text-align-center\" data-align=\"center\">Klasa<\/td><td class=\"has-text-align-center\" data-align=\"center\">Wychowawca<\/td><td class=\"has-text-align-center\" data-align=\"center\">Sala<\/td><\/tr><tr><td class=\"has-text-align-center\" data-align=\"center\">II a<\/td><td class=\"has-text-align-center\" data-align=\"center\">p. Urszula Kowalska<\/td><td class=\"has-text-align-center\" data-align=\"center\">s. 112<\/td><\/tr><tr><td class=\"has-text-align-center\" data-align=\"center\">II c<\/td><td class=\"has-text-align-center\" data-align=\"center\">p. Anna Bysiecka-Maciaszek<\/td><td class=\"has-text-align-center\" data-align=\"center\">s. 213<\/td><\/tr><tr><td class=\"has-text-align-center\" data-align=\"center\">II e<\/td><td class=\"has-text-align-center\" data-align=\"center\">p. Maria Giermakowska-Skublewska<\/td><td class=\"has-text-align-center\" data-align=\"center\">s. 111<\/td><\/tr><tr><td class=\"has-text-align-center\" data-align=\"center\">II f<\/td><td class=\"has-text-align-center\" data-align=\"center\">p. Adrian Szczotka<\/td><td class=\"has-text-align-center\" data-align=\"center\">s. 104<\/td><\/tr><tr><td class=\"has-text-align-center\" data-align=\"center\">II g<\/td><td class=\"has-text-align-center\" data-align=\"center\">p. \u0141ukasz Kopytko<\/td><td class=\"has-text-align-center\" data-align=\"center\">s. 105<\/td><\/tr><tr><td class=\"has-text-align-center\" data-align=\"center\">IV ep<\/td><td class=\"has-text-align-center\" data-align=\"center\">p. Justyna Walczuk<\/td><td class=\"has-text-align-center\" data-align=\"center\">s. 201<\/td><\/tr><\/tbody><\/table><\/figure>\n\n\n\n<p style=\"font-size:17px\">W dniu <strong>24 listopada (czwartek) <\/strong>o godz. 17:00 zapraszamy <strong>rodzic\u00f3w uczni\u00f3w klas trzecich 3a, 3b, 3c, 3d, 3f, 3g i\u00a0czwartych<\/strong> <strong>4ap, 4bp<\/strong> na spotkania z wychowawcami zgodnie z harmonogramem:<\/p>\n\n\n\n<figure class=\"wp-block-table is-style-regular\" style=\"font-size:17px\"><table class=\"has-fixed-layout\"><tbody><tr><td class=\"has-text-align-center\" data-align=\"center\">Klasa<\/td><td class=\"has-text-align-center\" data-align=\"center\">Wychowawca<\/td><td class=\"has-text-align-center\" data-align=\"center\">Sala<\/td><\/tr><tr><td class=\"has-text-align-center\" data-align=\"center\">III a<\/td><td class=\"has-text-align-center\" data-align=\"center\">p. Edyta Sadowska<\/td><td class=\"has-text-align-center\" data-align=\"center\">s. 306<\/td><\/tr><tr><td class=\"has-text-align-center\" data-align=\"center\">III b<\/td><td class=\"has-text-align-center\" data-align=\"center\">p. Jadwiga Lasocka<\/td><td class=\"has-text-align-center\" data-align=\"center\">s. 305<\/td><\/tr><tr><td class=\"has-text-align-center\" data-align=\"center\">III c<\/td><td class=\"has-text-align-center\" data-align=\"center\">p. Ewa Wi\u015bniewska-Matraszek<\/td><td class=\"has-text-align-center\" data-align=\"center\">s. 211<\/td><\/tr><tr><td class=\"has-text-align-center\" data-align=\"center\">III d<\/td><td class=\"has-text-align-center\" data-align=\"center\">p. Dariusz Augustyniak<\/td><td class=\"has-text-align-center\" data-align=\"center\">s. 111<\/td><\/tr><tr><td class=\"has-text-align-center\" data-align=\"center\">III f<\/td><td class=\"has-text-align-center\" data-align=\"center\">p. Jaros\u0142aw Korba<\/td><td class=\"has-text-align-center\" data-align=\"center\">s. 204<\/td><\/tr><tr><td class=\"has-text-align-center\" data-align=\"center\">IV ap<\/td><td class=\"has-text-align-center\" data-align=\"center\">p. Maria Rakowska<\/td><td class=\"has-text-align-center\" data-align=\"center\">s. 213<\/td><\/tr><tr><td class=\"has-text-align-center\" data-align=\"center\">IV bp<\/td><td class=\"has-text-align-center\" data-align=\"center\">p. Agnieszka Lewandowska<\/td><td class=\"has-text-align-center\" data-align=\"center\">s. 112<\/td><\/tr><\/tbody><\/table><\/figure>\n\n\n\n<p class=\"has-text-align-left has-normal-font-size\"><\/p>\n\n\n\n<p style=\"font-size:17px\">W dniu <strong>29 listopada (wtorek) <\/strong>o godz. 17:00 zapraszamy <strong>rodzic\u00f3w uczni\u00f3w klas pierwszych 1a, 1f oraz 1h <\/strong> na spotkania z wychowawcami zgodnie z harmonogramem:<\/p>\n\n\n\n<figure class=\"wp-block-table is-style-regular\" style=\"font-size:17px\"><table class=\"has-fixed-layout\"><tbody><tr><td class=\"has-text-align-center\" data-align=\"center\">Klasa<\/td><td class=\"has-text-align-center\" data-align=\"center\">Wychowawca<\/td><td class=\"has-text-align-center\" data-align=\"center\">Sala<\/td><\/tr><tr><td class=\"has-text-align-center\" data-align=\"center\">I a<\/td><td class=\"has-text-align-center\" data-align=\"center\">p. Kinga Sam\u00f3lnik<\/td><td class=\"has-text-align-center\" data-align=\"center\">s. 211<\/td><\/tr><tr><td class=\"has-text-align-center\" data-align=\"center\">I f<\/td><td class=\"has-text-align-center\" data-align=\"center\">p. Andrzej Dubielis<\/td><td class=\"has-text-align-center\" data-align=\"center\">s. 104<\/td><\/tr><tr><td class=\"has-text-align-center\" data-align=\"center\">I h<\/td><td class=\"has-text-align-center\" data-align=\"center\">p. Magdalena Kobyli\u0144ska<\/td><td class=\"has-text-align-center\" data-align=\"center\">s. 304<\/td><\/tr><\/tbody><\/table><\/figure>\n\n\n\n<p style=\"font-size:17px\">W dniu <strong>1 grudnia (czwartek) <\/strong>o godz. 17:00 zapraszamy <strong>rodzic\u00f3w uczni\u00f3w klas 2b, 2d, 3e, 3g, 4cp oraz 4dp<\/strong> na spotkania z wychowawcami zgodnie z harmonogramem:<\/p>\n\n\n\n<figure class=\"wp-block-table is-style-regular\" style=\"font-size:17px\"><table class=\"has-black-color has-text-color has-fixed-layout\"><tbody><tr><td class=\"has-text-align-center\" data-align=\"center\">Klasa<\/td><td class=\"has-text-align-center\" data-align=\"center\">Wychowawca<\/td><td class=\"has-text-align-center\" data-align=\"center\">Sala<\/td><\/tr><tr><td class=\"has-text-align-center\" data-align=\"center\">II b<\/td><td class=\"has-text-align-center\" data-align=\"center\">p. Monika Salecka<\/td><td class=\"has-text-align-center\" data-align=\"center\">s. 301<\/td><\/tr><tr><td class=\"has-text-align-center\" data-align=\"center\">II d<\/td><td class=\"has-text-align-center\" data-align=\"center\">p. Aneta Sowa-Jasi\u0142ek<\/td><td class=\"has-text-align-center\" data-align=\"center\">s. 304<\/td><\/tr><tr><td class=\"has-text-align-center\" data-align=\"center\">III e<\/td><td class=\"has-text-align-center\" data-align=\"center\">p. Pawe\u0142 Goc<\/td><td class=\"has-text-align-center\" data-align=\"center\">s. 205<\/td><\/tr><tr><td class=\"has-text-align-center\" data-align=\"center\">III g<\/td><td class=\"has-text-align-center\" data-align=\"center\">p. Jaros\u0142aw Bonecki<\/td><td class=\"has-text-align-center\" data-align=\"center\">s. 104<\/td><\/tr><tr><td class=\"has-text-align-center\" data-align=\"center\">IV cp<\/td><td class=\"has-text-align-center\" data-align=\"center\">p. Magdalena Wnuk<\/td><td class=\"has-text-align-center\" data-align=\"center\">s. 105<\/td><\/tr><tr><td class=\"has-text-align-center\" data-align=\"center\">IV dp<\/td><td class=\"has-text-align-center\" data-align=\"center\">p. S\u0142awomir Ko\u0142tun<\/td><td class=\"has-text-align-center\" data-align=\"center\">s. 106<\/td><\/tr><\/tbody><\/table><\/figure>\n","protected":false},"excerpt":{"rendered":"<p>Szanowni Pa\u0144stwo, Uprzejmie informujemy o terminach zebra\u0144 z&nbsp;rodzicami. Rodzice uczni\u00f3w klas pierwszych 1b, 1c, 1d, 1e oraz 1g spotykaj\u0105 si\u0119 w dniu 23 listopada (\u015broda) na dolnej sali gimnastycznej o&nbsp;godz. 17:00, nast\u0119pnie udaj\u0105 si\u0119 do wyznaczonych sal: Klasa Wychowawca Sala I b p. Norbert Ko\u0142odziejczyk s. 106 I c p. Anna Matysek s. 216 I [&hellip;]<\/p>\n","protected":false},"author":23,"featured_media":3517,"comment_status":"open","ping_status":"open","sticky":false,"template":"","format":"standard","meta":{"footnotes":""},"categories":[1],"tags":[],"_links":{"self":[{"href":"https:\/\/5lo.lublin.pl\/index.php?rest_route=\/wp\/v2\/posts\/22189"}],"collection":[{"href":"https:\/\/5lo.lublin.pl\/index.php?rest_route=\/wp\/v2\/posts"}],"about":[{"href":"https:\/\/5lo.lublin.pl\/index.php?rest_route=\/wp\/v2\/types\/post"}],"author":[{"embeddable":true,"href":"https:\/\/5lo.lublin.pl\/index.php?rest_route=\/wp\/v2\/users\/23"}],"replies":[{"embeddable":true,"href":"https:\/\/5lo.lublin.pl\/index.php?rest_route=%2Fwp%2Fv2%2Fcomments&post=22189"}],"version-history":[{"count":1,"href":"https:\/\/5lo.lublin.pl\/index.php?rest_route=\/wp\/v2\/posts\/22189\/revisions"}],"predecessor-version":[{"id":22276,"href":"https:\/\/5lo.lublin.pl\/index.php?rest_route=\/wp\/v2\/posts\/22189\/revisions\/22276"}],"wp:featuredmedia":[{"embeddable":true,"href":"https:\/\/5lo.lublin.pl\/index.php?rest_route=\/wp\/v2\/media\/3517"}],"wp:attachment":[{"href":"https:\/\/5lo.lublin.pl\/index.php?rest_route=%2Fwp%2Fv2%2Fmedia&parent=22189"}],"wp:term":[{"taxonomy":"category","embeddable":true,"href":"https:\/\/5lo.lublin.pl\/index.php?rest_route=%2Fwp%2Fv2%2Fcategories&post=22189"},{"taxonomy":"post_tag","embeddable":true,"href":"https:\/\/5lo.lublin.pl\/index.php?rest_route=%2Fwp%2Fv2%2Ftags&post=22189"}],"curies":[{"name":"wp","href":"https:\/\/api.w.org\/{rel}","templated":true}]}}