{"id":22184,"date":"2022-11-15T15:12:22","date_gmt":"2022-11-15T15:12:22","guid":{"rendered":"https:\/\/5lo.lublin.pl\/?p=22184"},"modified":"2022-11-17T13:52:27","modified_gmt":"2022-11-17T13:52:27","slug":"jaroslaw-koziara-spotkanie-z-cyklu-czlowiek-z-pasja","status":"publish","type":"post","link":"https:\/\/5lo.lublin.pl\/?p=22184","title":{"rendered":"<strong>Jaros\u0142aw Koziara &#8211; spotkanie z cyklu \u201eCz\u0142owiek z pasj\u0105\u201d<\/strong>"},"content":{"rendered":"\n<p style=\"font-size:17px\">10 listopada w naszym liceum odby\u0142o si\u0119 spotkanie z lubelskim artyst\u0105 \u2013 Jaros\u0142awem Koziar\u0105. Podczas wydarzenia opowiedzia\u0142 o swoich land artach (monumentalne obrazy wyorane w ziemi), kt\u00f3re tworzy od ponad 20 lat. Jest wsp\u00f3\u0142tw\u00f3rc\u0105 Mi\u0119dzynarodowego Landart Festiwalu. Mieli\u015bmy mo\u017cliwo\u015b\u0107 zobaczy\u0107 wspaniale wydany album grafika i ekslibristy Andrzeja Kota. T\u0119 ksi\u0105\u017ck\u0119 opracowa\u0142 Koziara, obejmuje ona obszerny dorobek Kota. Dzi\u0119ki swojej wspania\u0142ej szacie graficznej i ciekawym rozwi\u0105zaniom technicznym, zrobi\u0142a ona osza\u0142amiaj\u0105c\u0105 karier\u0119, jednocze\u015bnie zwracaj\u0105c artyst\u0119 \u015bwiatu. Dzi\u0119ki Jaros\u0142awowi Koziarze powsta\u0142 r\u00f3wnie\u017c pomnik-sgraffito Andrzeja Kota na Starym Mie\u015bcie w Lublinie.<\/p>\n\n\n\n<p style=\"font-size:17px\">Ten niezwykle wszechstronny artysta plastyk, zajmuje si\u0119 wieloma rodzajami sztuk wizualnych, ponadto pracuje jako pedagog i publicysta. Jest absolwentem Akademii Sztuk Pi\u0119knych w Warszawie (dyplom 1993 r.).<\/p>\n\n\n\n<p style=\"font-size:17px\">Zaprojektowa\u0142 i wykona\u0142 kilkadziesi\u0105t scenografii teatralnych i koncertowych \u2013 od teatr\u00f3w lalkowych (np. lubelski Teatr Lalki i Aktora im. H. Ch. Andersena) po Teatr Wielki w Warszawie, przez monumentalne sceny koncertowe i telewizyjne oraz wielkie wydarzenia plenerowe. W jego scenografiach wyst\u0119powa\u0142y m.in. takie zespo\u0142y jak: Morecheeba, Tricky, Jimi Tenor, Metthew Herbert, Ayo oraz kilkaset zespo\u0142\u00f3w polskiej sceny muzycznej. Projektowa\u0142 wn\u0119trza m.in. warszawskiego klubu Stodo\u0142a, krakowskiego klubu Baraka, lubelskiego klubu Graffiti. Od lat wsp\u00f3\u0142pracuje z Jerzym Owsiakiem projektuj\u0105c telewizyjne scenografie do fina\u0142\u00f3w Wielkiej Orkiestry \u015awi\u0105tecznej Pomocy. Od 1990 r. tworzy plastyczny wizerunek zespo\u0142u Voo Voo. Stworzy\u0142 projekty graficzne p\u0142yt dla: Elektrycznych Gitar, Mateusza Pospieszalskiego, Orkiestry \u015bwi\u0119tego Miko\u0142aja, Lubelskiej Federacji Bard\u00f3w, Jana Kondraka czy dla Joszko Brody. Prowadzi\u0142 warsztaty plastyczne dla os\u00f3b niepe\u0142nosprawnych i dla dzieci. Autor licznych instalacji w przestrzeni publicznej w Polsce i Europie. Od pocz\u0105tku jest tw\u00f3rczo zwi\u0105zany z lubelskim wydarzeniem Noc Kultury, na kt\u00f3re tworzy charakterystyczne instalacje \u015bwietlne.<\/p>\n\n\n\n<p style=\"font-size:17px\">Od 2010 r. by\u0142 wyk\u0142adowc\u0105 projektowania graficznego na Wydziale Artystycznym UMCS w Lublinie, gdzie obecnie prowadzi pracowni\u0119 scenografii. W 2018 r. otrzyma\u0142 tytu\u0142 doktora sztuki. Od 2004 r. do dzisiaj pisze felietony do Miejskiego Informatora Kulturalnego ZOOM. Za swoj\u0105 dzia\u0142alno\u015b\u0107 otrzyma\u0142 wiele nagr\u00f3d i nominacji. Jest w\u0142a\u015bcicielem wydawnictwa TARARARA.<\/p>\n\n\n\n<p style=\"font-size:17px\">Istot\u0105 tw\u00f3rczo\u015bci Koziary jest dzia\u0142anie w przestrzeni publicznej, co \u0142\u0105czy si\u0119 z du\u017cym formatem przedsi\u0119wzi\u0119\u0107 i wyrazist\u0105 kolorystyk\u0105. Od pocz\u0105tku nie wybiera \u017cadnego konkretnego kierunku ani medium, gdy\u017c jak twierdzi, &#8222;w sztuce nie nale\u017cy si\u0119 ogranicza\u0107&#8221;. Tworzy happeningi, performance, instalacje, landarty, maluje obrazy, rysuje, fotografuje, projektuje ok\u0142adki p\u0142yt i ksi\u0105\u017cek, plakaty, logotypy, scenografie teatralne, kostiumy, pisze felietony &#8211; swobodnie porusza si\u0119 po wielu obszarach sztuki, w ka\u017cdym jest kreatywny i wyra\u017any. Ma sw\u00f3j rozpoznawalny styl, a mimo to cz\u0119sto zaskakuje zmianami formalnymi. Wsp\u00f3ln\u0105 cech\u0105 jego projekt\u00f3w jest prowokacyjno\u015b\u0107 tak w formie wizualnej jak i w tre\u015bci, czego dobrym przyk\u0142adem jest seria plakat\u00f3w gombrowiczowskich. Zaprojektowa\u0142 tak\u017ce bardzo mocne w wyrazie plakaty do kilku edycji festiwalu Konfrontacje Teatralne w Lublinie.<\/p>\n\n\n\n<p style=\"font-size:17px\">Pierwszym wa\u017cnym projektem, z kt\u00f3rym wyszed\u0142 w przestrze\u0144 publiczn\u0105 by\u0142 zatytu\u0142owany &#8222;Guernica po polsku&#8221; pastisz &#8222;Guerniki&#8221; Picassa, namalowany w 1989 roku w formie graffiti (pierwsze graffiti w Lublinie) na p\u0142ocie obok KULu. Obraz, tak jak i orygina\u0142, by\u0142 czarno-bia\u0142y i przedstawia\u0142 polskie przywary. P\u00f3\u017aniej w Warszawie w przej\u015bciu podziemnym na Krakowskim Przedmie\u015bciu wykona\u0142 kolorowy mural, na kt\u00f3rym by\u0142y przedstawione zniekszta\u0142cone ludzkie postacie w dzikim ta\u0144cu i podskokach wok\u00f3\u0142 ognia. D\u00f3\u0142 malowid\u0142a by\u0142 zwie\u0144czony podw\u00f3jnym ornamentem, na jednym \u017c\u00f3\u0142te i czerwone ludziki ziej\u0105 i ra\u017c\u0105 ogniem, a drugi tworzy\u0142y czarne ludzkie sylwetki uj\u0119te w zmys\u0142owe pozy.<\/p>\n\n\n\n<p style=\"font-size:17px\">Wielokrotnie bra\u0142 udzia\u0142 w przegl\u0105dach sztuki performance, poddaj\u0105c krytyce funkcjonuj\u0105ce normy spo\u0142eczne, konwenanse, a nawet sam\u0105 konwencj\u0119 performance.<\/p>\n\n\n\n<p style=\"font-size:17px\">Koziara w swojej tw\u00f3rczo\u015bci cz\u0119sto korzysta z nieprzewidywalnej energii jak\u0105 niesie ze sob\u0105 ogie\u0144, tworz\u0105c niezwyk\u0142e happeningi. Jednym z pierwszych i na pewno najwa\u017cniejszych, przedstawie\u0144 stworzonych za pomoc\u0105 ognia by\u0142 wielki, p\u0142on\u0105cy napis VOO VOO, wykonany w kamienio\u0142omie w Kazimierzu Dolnym. Na d\u0142ugi czas sta\u0142 si\u0119 on najbardziej rozpoznawalnym znakiem zespo\u0142u. Podczas koncertu Voo Voo, kt\u00f3ry odby\u0142 si\u0119 w kamienio\u0142omie, podpali\u0142 80 ustawionych na jego zboczach totem\u00f3w, tworz\u0105c wielowymiarow\u0105 opraw\u0119 scenograficzn\u0105 dla koncertu. Motyw ten wykorzystywa\u0142 w r\u00f3\u017cnych formach tak\u017ce w czasie koncert\u00f3w na Zamku w Janowcu, a nawet na Mana &#8211; jednej z wysp Fid\u017ci, gdzie wykona\u0142 niezapowiedziany i zaimprowizowany performance dla miejscowej ludno\u015bci. Przez kilka lat organizowa\u0142 &#8222;Noc Sob\u00f3tkow\u0105&#8221;, z okazji kt\u00f3rej wyczarowywa\u0142 efektowne misteria na placu Po Farze, placu Rybnym czy na dworze w Narolu. Zmaganie nocy z dniem &#8211; obrazowa\u0142y u\u0142o\u017cone na \u017carz\u0105cych si\u0119 w\u0119glach bry\u0142y lodu, dymi\u0105ce i sycz\u0105ce dwa zastyg\u0142e \u017cywio\u0142y &#8211; ogie\u0144 i woda w ci\u0105g\u0142ej walce.<\/p>\n\n\n\n<p style=\"font-size:17px\">W 2002 roku zaprojektowa\u0142 scenografi\u0119 do spektaklu &#8222;Muzyka ze s\u0142owami&#8221; Piotra Cieplaka z udzia\u0142em Jana Peszka i Marii Peszek i muzyk\u0105 zespo\u0142u Voo Voo, kt\u00f3rego premiera odby\u0142a si\u0119 w Teatrze Studio w Warszawie. W przedstawieniu wykorzystano wiersze, bajki, piosenki i opowiadania napisane przez wychowank\u00f3w z Zespo\u0142u Szk\u00f3\u0142 Specjalnych nr 11 w Krakowie, pod kierunkiem Ali Muchy. Artysta zachwycony kreatywno\u015bci\u0105 i surrealistycznym poczuciem humoru autor\u00f3w postanowi\u0142 zaprojektowa\u0107 i wyda\u0107 je w wersji pisanej. Dzi\u0119ki temu w 2005 roku powsta\u0142a barwnie ilustrowana ksi\u0105\u017ceczka pt. &#8222;Kokoryny &#8211; opowie\u015bci dziwnej tre\u015bci&#8221;.<\/p>\n\n\n\n<p style=\"font-size:17px\">W tw\u00f3rczo\u015bci Jarka widoczne s\u0105 inspiracje malarstwem i rze\u017ab\u0105 plemienn\u0105 oraz ludow\u0105. Wida\u0107 w niej zachwyt magi\u0105 i doskona\u0142o\u015bci\u0105 prostych form, pochodz\u0105cych ze sztuki i rzemios\u0142a plemion afryka\u0144skich, india\u0144skich, Aborygen\u00f3w, Ink\u00f3w czy Maj\u00f3w &#8211; ale te\u017c ch\u0119tnie odwo\u0142uje si\u0119 do przebogatej ornamentyki orientalnej, czy bliskowschodniej. Tego rodzaju odniesienia s\u0105 mo\u017cliwe dzi\u0119ki licznym podr\u00f3\u017com, w czasie kt\u00f3rych odwiedzi\u0142 Indie, Po\u0142udniow\u0105 Afryk\u0119, Po\u0142udniow\u0105 Ameryk\u0119, odby\u0142 tak\u017ce podr\u00f3\u017c dooko\u0142a \u015bwiata, w czasie kt\u00f3rej &#8222;zaliczy\u0142&#8221; Ameryk\u0119, Oceani\u0119, Australi\u0119, Now\u0105 Zelandi\u0119, Azj\u0119&#8230; Pracuje z rozmachem, lubi czyste, nasycone kolory, kt\u00f3re cz\u0119sto zestawia w kontrastowych kompilacjach.<\/p>\n\n\n\n<p style=\"font-size:17px\">Jego sztuka posiada w sobie organiczne pi\u0119kno i jest czytelna dla odbiorcy, niesie jasny, klarowny przekaz i du\u017c\u0105 dawk\u0119 dobrej energii, humoru oraz zabawy konwencjami.<\/p>\n\n\n\n<p style=\"font-size:17px\">\u015aladem spotkania jest wystawa zdj\u0119\u0107 land art\u00f3w Jarka Koziary na parterze naszej szko\u0142y. Ekspozycj\u0119 mo\u017cna ogl\u0105da\u0107 do ko\u0144ca roku kalendarzowego.<\/p>\n\n\n\n<p class=\"has-text-align-right\" style=\"font-size:17px\">Marta Wysocka<\/p>\n\n\n\n<p><\/p>\n\n\n\n<figure class=\"wp-block-gallery has-nested-images columns-default is-cropped wp-block-gallery-1 is-layout-flex wp-block-gallery-is-layout-flex\">\n<figure class=\"wp-block-image size-large\"><img loading=\"lazy\" decoding=\"async\" width=\"1024\" height=\"768\" data-id=\"22204\" src=\"https:\/\/5lo.lublin.pl\/wp-content\/uploads\/2022\/11\/IMG_20221110_124227-1024x768.jpg\" alt=\"\" class=\"wp-image-22204\" srcset=\"https:\/\/5lo.lublin.pl\/wp-content\/uploads\/2022\/11\/IMG_20221110_124227-1024x768.jpg 1024w, https:\/\/5lo.lublin.pl\/wp-content\/uploads\/2022\/11\/IMG_20221110_124227-300x225.jpg 300w, https:\/\/5lo.lublin.pl\/wp-content\/uploads\/2022\/11\/IMG_20221110_124227-768x576.jpg 768w, https:\/\/5lo.lublin.pl\/wp-content\/uploads\/2022\/11\/IMG_20221110_124227-1536x1152.jpg 1536w, https:\/\/5lo.lublin.pl\/wp-content\/uploads\/2022\/11\/IMG_20221110_124227-2048x1536.jpg 2048w\" sizes=\"(max-width: 1024px) 100vw, 1024px\" \/><\/figure>\n\n\n\n<figure class=\"wp-block-image size-large\"><img loading=\"lazy\" decoding=\"async\" width=\"1024\" height=\"706\" data-id=\"22197\" src=\"https:\/\/5lo.lublin.pl\/wp-content\/uploads\/2022\/11\/5-1-1024x706.jpg\" alt=\"\" class=\"wp-image-22197\" srcset=\"https:\/\/5lo.lublin.pl\/wp-content\/uploads\/2022\/11\/5-1-1024x706.jpg 1024w, https:\/\/5lo.lublin.pl\/wp-content\/uploads\/2022\/11\/5-1-300x207.jpg 300w, https:\/\/5lo.lublin.pl\/wp-content\/uploads\/2022\/11\/5-1-768x530.jpg 768w, https:\/\/5lo.lublin.pl\/wp-content\/uploads\/2022\/11\/5-1-1536x1059.jpg 1536w, https:\/\/5lo.lublin.pl\/wp-content\/uploads\/2022\/11\/5-1-2048x1412.jpg 2048w\" sizes=\"(max-width: 1024px) 100vw, 1024px\" \/><\/figure>\n\n\n\n<figure class=\"wp-block-image size-large\"><img loading=\"lazy\" decoding=\"async\" width=\"1024\" height=\"768\" data-id=\"22202\" src=\"https:\/\/5lo.lublin.pl\/wp-content\/uploads\/2022\/11\/3-1-1-1024x768.jpg\" alt=\"\" class=\"wp-image-22202\" srcset=\"https:\/\/5lo.lublin.pl\/wp-content\/uploads\/2022\/11\/3-1-1-1024x768.jpg 1024w, https:\/\/5lo.lublin.pl\/wp-content\/uploads\/2022\/11\/3-1-1-300x225.jpg 300w, https:\/\/5lo.lublin.pl\/wp-content\/uploads\/2022\/11\/3-1-1-768x576.jpg 768w, https:\/\/5lo.lublin.pl\/wp-content\/uploads\/2022\/11\/3-1-1-1536x1152.jpg 1536w, https:\/\/5lo.lublin.pl\/wp-content\/uploads\/2022\/11\/3-1-1-2048x1536.jpg 2048w\" sizes=\"(max-width: 1024px) 100vw, 1024px\" \/><\/figure>\n\n\n\n<figure class=\"wp-block-image size-large\"><img loading=\"lazy\" decoding=\"async\" width=\"1024\" height=\"792\" data-id=\"22203\" src=\"https:\/\/5lo.lublin.pl\/wp-content\/uploads\/2022\/11\/2-1-1-1024x792.jpg\" alt=\"\" class=\"wp-image-22203\" srcset=\"https:\/\/5lo.lublin.pl\/wp-content\/uploads\/2022\/11\/2-1-1-1024x792.jpg 1024w, https:\/\/5lo.lublin.pl\/wp-content\/uploads\/2022\/11\/2-1-1-300x232.jpg 300w, https:\/\/5lo.lublin.pl\/wp-content\/uploads\/2022\/11\/2-1-1-768x594.jpg 768w, https:\/\/5lo.lublin.pl\/wp-content\/uploads\/2022\/11\/2-1-1-1536x1187.jpg 1536w, https:\/\/5lo.lublin.pl\/wp-content\/uploads\/2022\/11\/2-1-1-2048x1583.jpg 2048w\" sizes=\"(max-width: 1024px) 100vw, 1024px\" \/><\/figure>\n\n\n\n<figure class=\"wp-block-image size-large\"><img loading=\"lazy\" decoding=\"async\" width=\"1024\" height=\"768\" data-id=\"22199\" src=\"https:\/\/5lo.lublin.pl\/wp-content\/uploads\/2022\/11\/IMG_20221110_123018-1024x768.jpg\" alt=\"\" class=\"wp-image-22199\" srcset=\"https:\/\/5lo.lublin.pl\/wp-content\/uploads\/2022\/11\/IMG_20221110_123018-1024x768.jpg 1024w, https:\/\/5lo.lublin.pl\/wp-content\/uploads\/2022\/11\/IMG_20221110_123018-300x225.jpg 300w, https:\/\/5lo.lublin.pl\/wp-content\/uploads\/2022\/11\/IMG_20221110_123018-768x576.jpg 768w, https:\/\/5lo.lublin.pl\/wp-content\/uploads\/2022\/11\/IMG_20221110_123018-1536x1152.jpg 1536w, https:\/\/5lo.lublin.pl\/wp-content\/uploads\/2022\/11\/IMG_20221110_123018-2048x1536.jpg 2048w\" sizes=\"(max-width: 1024px) 100vw, 1024px\" \/><\/figure>\n\n\n\n<figure class=\"wp-block-image size-large\"><img loading=\"lazy\" decoding=\"async\" width=\"970\" height=\"1024\" data-id=\"22201\" src=\"https:\/\/5lo.lublin.pl\/wp-content\/uploads\/2022\/11\/IMG_20221110_133653-970x1024.jpg\" alt=\"\" class=\"wp-image-22201\" srcset=\"https:\/\/5lo.lublin.pl\/wp-content\/uploads\/2022\/11\/IMG_20221110_133653-970x1024.jpg 970w, https:\/\/5lo.lublin.pl\/wp-content\/uploads\/2022\/11\/IMG_20221110_133653-284x300.jpg 284w, https:\/\/5lo.lublin.pl\/wp-content\/uploads\/2022\/11\/IMG_20221110_133653-768x811.jpg 768w, https:\/\/5lo.lublin.pl\/wp-content\/uploads\/2022\/11\/IMG_20221110_133653-1454x1536.jpg 1454w, https:\/\/5lo.lublin.pl\/wp-content\/uploads\/2022\/11\/IMG_20221110_133653-1939x2048.jpg 1939w\" sizes=\"(max-width: 970px) 100vw, 970px\" \/><\/figure>\n\n\n\n<figure class=\"wp-block-image size-large\"><img loading=\"lazy\" decoding=\"async\" width=\"1024\" height=\"768\" data-id=\"22198\" src=\"https:\/\/5lo.lublin.pl\/wp-content\/uploads\/2022\/11\/IMG_20221110_123037-1024x768.jpg\" alt=\"\" class=\"wp-image-22198\" srcset=\"https:\/\/5lo.lublin.pl\/wp-content\/uploads\/2022\/11\/IMG_20221110_123037-1024x768.jpg 1024w, https:\/\/5lo.lublin.pl\/wp-content\/uploads\/2022\/11\/IMG_20221110_123037-300x225.jpg 300w, https:\/\/5lo.lublin.pl\/wp-content\/uploads\/2022\/11\/IMG_20221110_123037-768x576.jpg 768w, https:\/\/5lo.lublin.pl\/wp-content\/uploads\/2022\/11\/IMG_20221110_123037-1536x1152.jpg 1536w, https:\/\/5lo.lublin.pl\/wp-content\/uploads\/2022\/11\/IMG_20221110_123037-2048x1536.jpg 2048w\" sizes=\"(max-width: 1024px) 100vw, 1024px\" \/><\/figure>\n\n\n\n<figure class=\"wp-block-image size-large\"><img loading=\"lazy\" decoding=\"async\" width=\"1024\" height=\"733\" data-id=\"22196\" src=\"https:\/\/5lo.lublin.pl\/wp-content\/uploads\/2022\/11\/IMG_20221115_100506-1024x733.jpg\" alt=\"\" class=\"wp-image-22196\" srcset=\"https:\/\/5lo.lublin.pl\/wp-content\/uploads\/2022\/11\/IMG_20221115_100506-1024x733.jpg 1024w, https:\/\/5lo.lublin.pl\/wp-content\/uploads\/2022\/11\/IMG_20221115_100506-300x215.jpg 300w, https:\/\/5lo.lublin.pl\/wp-content\/uploads\/2022\/11\/IMG_20221115_100506-768x550.jpg 768w, https:\/\/5lo.lublin.pl\/wp-content\/uploads\/2022\/11\/IMG_20221115_100506-1536x1100.jpg 1536w, https:\/\/5lo.lublin.pl\/wp-content\/uploads\/2022\/11\/IMG_20221115_100506-2048x1466.jpg 2048w\" sizes=\"(max-width: 1024px) 100vw, 1024px\" \/><\/figure>\n\n\n\n<figure class=\"wp-block-image size-large\"><img loading=\"lazy\" decoding=\"async\" width=\"1024\" height=\"748\" data-id=\"22200\" src=\"https:\/\/5lo.lublin.pl\/wp-content\/uploads\/2022\/11\/IMG_20221115_100508-1024x748.jpg\" alt=\"\" class=\"wp-image-22200\" srcset=\"https:\/\/5lo.lublin.pl\/wp-content\/uploads\/2022\/11\/IMG_20221115_100508-1024x748.jpg 1024w, https:\/\/5lo.lublin.pl\/wp-content\/uploads\/2022\/11\/IMG_20221115_100508-300x219.jpg 300w, https:\/\/5lo.lublin.pl\/wp-content\/uploads\/2022\/11\/IMG_20221115_100508-768x561.jpg 768w, https:\/\/5lo.lublin.pl\/wp-content\/uploads\/2022\/11\/IMG_20221115_100508-1536x1121.jpg 1536w, https:\/\/5lo.lublin.pl\/wp-content\/uploads\/2022\/11\/IMG_20221115_100508-2048x1495.jpg 2048w\" sizes=\"(max-width: 1024px) 100vw, 1024px\" \/><\/figure>\n<\/figure>\n","protected":false},"excerpt":{"rendered":"<p>10 listopada w naszym liceum odby\u0142o si\u0119 spotkanie z lubelskim artyst\u0105 \u2013 Jaros\u0142awem Koziar\u0105. Podczas wydarzenia opowiedzia\u0142 o swoich land artach (monumentalne obrazy wyorane w ziemi), kt\u00f3re tworzy od ponad 20 lat. Jest wsp\u00f3\u0142tw\u00f3rc\u0105 Mi\u0119dzynarodowego Landart Festiwalu. Mieli\u015bmy mo\u017cliwo\u015b\u0107 zobaczy\u0107 wspaniale wydany album grafika i ekslibristy Andrzeja Kota. T\u0119 ksi\u0105\u017ck\u0119 opracowa\u0142 Koziara, obejmuje ona obszerny [&hellip;]<\/p>\n","protected":false},"author":23,"featured_media":22195,"comment_status":"closed","ping_status":"open","sticky":false,"template":"","format":"standard","meta":{"footnotes":""},"categories":[222,179,1,135,133],"tags":[],"_links":{"self":[{"href":"https:\/\/5lo.lublin.pl\/index.php?rest_route=\/wp\/v2\/posts\/22184"}],"collection":[{"href":"https:\/\/5lo.lublin.pl\/index.php?rest_route=\/wp\/v2\/posts"}],"about":[{"href":"https:\/\/5lo.lublin.pl\/index.php?rest_route=\/wp\/v2\/types\/post"}],"author":[{"embeddable":true,"href":"https:\/\/5lo.lublin.pl\/index.php?rest_route=\/wp\/v2\/users\/23"}],"replies":[{"embeddable":true,"href":"https:\/\/5lo.lublin.pl\/index.php?rest_route=%2Fwp%2Fv2%2Fcomments&post=22184"}],"version-history":[{"count":1,"href":"https:\/\/5lo.lublin.pl\/index.php?rest_route=\/wp\/v2\/posts\/22184\/revisions"}],"predecessor-version":[{"id":22207,"href":"https:\/\/5lo.lublin.pl\/index.php?rest_route=\/wp\/v2\/posts\/22184\/revisions\/22207"}],"wp:featuredmedia":[{"embeddable":true,"href":"https:\/\/5lo.lublin.pl\/index.php?rest_route=\/wp\/v2\/media\/22195"}],"wp:attachment":[{"href":"https:\/\/5lo.lublin.pl\/index.php?rest_route=%2Fwp%2Fv2%2Fmedia&parent=22184"}],"wp:term":[{"taxonomy":"category","embeddable":true,"href":"https:\/\/5lo.lublin.pl\/index.php?rest_route=%2Fwp%2Fv2%2Fcategories&post=22184"},{"taxonomy":"post_tag","embeddable":true,"href":"https:\/\/5lo.lublin.pl\/index.php?rest_route=%2Fwp%2Fv2%2Ftags&post=22184"}],"curies":[{"name":"wp","href":"https:\/\/api.w.org\/{rel}","templated":true}]}}