{"id":22130,"date":"2022-11-09T22:36:38","date_gmt":"2022-11-09T22:36:38","guid":{"rendered":"https:\/\/5lo.lublin.pl\/?p=22130"},"modified":"2022-11-09T22:37:04","modified_gmt":"2022-11-09T22:37:04","slug":"swiatowy-dzien-filozofii","status":"publish","type":"post","link":"https:\/\/5lo.lublin.pl\/?p=22130","title":{"rendered":"<strong>\u015awiatowy Dzie\u0144 Filozofii<\/strong>"},"content":{"rendered":"\n<p><strong>17 listopada 2022<\/strong> roku obchodzimy <strong>\u015awiatowy Dzie\u0144 Filozofii<\/strong> \u2013 coroczne \u015bwi\u0119to ustanowione przez UNESCO. Jego my\u015bl\u0105 przewodni\u0105 jest zwi\u0119kszenie zainteresowania filozofi\u0105, kt\u00f3ra jest nieod\u0142\u0105cznym elementem \u017cycia \u2013 kszta\u0142tuje nas, zmienia postrzeganie otaczaj\u0105cej rzeczywisto\u015bci, t\u0142umaczy \u015bwiat. Filozofia zwraca r\u00f3wnie\u017c uwag\u0119 na istot\u0119 my\u015blenia krytycznego, a wiele dyscyplin naukowych opiera na niej swoje fundamenty.<\/p>\n\n\n\n<p>W tym roku zapraszamy do wsp\u00f3lnej zabawy, gdzie podstaw\u0105 b\u0119dzie wykorzystanie wiedzy og\u00f3lnej oraz kojarzenia. W naszej szkole pojawi\u0105 si\u0119 rebusy ze s\u0142ynnymi sentencjami w j\u0119zyku \u0142aci\u0144skim. Zach\u0119camy do podj\u0119cia wyzwania i odgadni\u0119cia, jakie\u015b \u0142aci\u0144skie s\u0142owo kryje si\u0119 za obrazkami. Wszak nieobce nam s\u0105 s\u0142owa Kartezjusza:<\/p>\n\n\n<div class=\"wp-block-image\">\n<figure class=\"aligncenter size-full\"><img loading=\"lazy\" decoding=\"async\" width=\"300\" height=\"92\" src=\"https:\/\/5lo.lublin.pl\/wp-content\/uploads\/2022\/11\/ergoi.jpg\" alt=\"\" class=\"wp-image-22131\"\/><\/figure><\/div>\n\n\n<p><strong>UWAGA!<\/strong><\/p>\n\n\n\n<p>Dla uczni\u00f3w klas 1-4 szkolny klub UNESCO przygotowa\u0142 quiz, w kt\u00f3rym b\u0119dzie mo\u017cna wykaza\u0107 si\u0119 umiej\u0119tno\u015bciami kojarzenia oraz wiedzy og\u00f3lnej, a rebusy zamieszczone na korytarzach b\u0119d\u0105 doskona\u0142\u0105 rozgrzewk\u0105 przed starciem w dniu <strong>17go listopada<\/strong>. Ka\u017cda klasa mo\u017ce zg\u0142osi\u0107 jednego uczestnika \u2013 prosimy o przes\u0142anie imienia, nazwiska oraz klasy do koordynator akcji, pani profesor Anny Bysieckiej-Maciaszek, do wtorku 15-go listopada (wiadomo\u015b\u0107 na dziennik). Do wygrania s\u0142odka nagroda dla zwyci\u0119zcy oraz jej\/jego klasy.<\/p>\n\n\n\n<p><strong><em>ZAPRASZAMY DO WSP\u00d3LNEJ ZABAWY!<\/em><\/strong><\/p>\n","protected":false},"excerpt":{"rendered":"<p>17 listopada 2022 roku obchodzimy \u015awiatowy Dzie\u0144 Filozofii \u2013 coroczne \u015bwi\u0119to ustanowione przez UNESCO. Jego my\u015bl\u0105 przewodni\u0105 jest zwi\u0119kszenie zainteresowania filozofi\u0105, kt\u00f3ra jest nieod\u0142\u0105cznym elementem \u017cycia \u2013 kszta\u0142tuje nas, zmienia postrzeganie otaczaj\u0105cej rzeczywisto\u015bci, t\u0142umaczy \u015bwiat. Filozofia zwraca r\u00f3wnie\u017c uwag\u0119 na istot\u0119 my\u015blenia krytycznego, a wiele dyscyplin naukowych opiera na niej swoje fundamenty. W tym roku [&hellip;]<\/p>\n","protected":false},"author":1,"featured_media":22132,"comment_status":"closed","ping_status":"open","sticky":false,"template":"","format":"standard","meta":{"footnotes":""},"categories":[1,371,133],"tags":[],"_links":{"self":[{"href":"https:\/\/5lo.lublin.pl\/index.php?rest_route=\/wp\/v2\/posts\/22130"}],"collection":[{"href":"https:\/\/5lo.lublin.pl\/index.php?rest_route=\/wp\/v2\/posts"}],"about":[{"href":"https:\/\/5lo.lublin.pl\/index.php?rest_route=\/wp\/v2\/types\/post"}],"author":[{"embeddable":true,"href":"https:\/\/5lo.lublin.pl\/index.php?rest_route=\/wp\/v2\/users\/1"}],"replies":[{"embeddable":true,"href":"https:\/\/5lo.lublin.pl\/index.php?rest_route=%2Fwp%2Fv2%2Fcomments&post=22130"}],"version-history":[{"count":1,"href":"https:\/\/5lo.lublin.pl\/index.php?rest_route=\/wp\/v2\/posts\/22130\/revisions"}],"predecessor-version":[{"id":22134,"href":"https:\/\/5lo.lublin.pl\/index.php?rest_route=\/wp\/v2\/posts\/22130\/revisions\/22134"}],"wp:featuredmedia":[{"embeddable":true,"href":"https:\/\/5lo.lublin.pl\/index.php?rest_route=\/wp\/v2\/media\/22132"}],"wp:attachment":[{"href":"https:\/\/5lo.lublin.pl\/index.php?rest_route=%2Fwp%2Fv2%2Fmedia&parent=22130"}],"wp:term":[{"taxonomy":"category","embeddable":true,"href":"https:\/\/5lo.lublin.pl\/index.php?rest_route=%2Fwp%2Fv2%2Fcategories&post=22130"},{"taxonomy":"post_tag","embeddable":true,"href":"https:\/\/5lo.lublin.pl\/index.php?rest_route=%2Fwp%2Fv2%2Ftags&post=22130"}],"curies":[{"name":"wp","href":"https:\/\/api.w.org\/{rel}","templated":true}]}}