{"id":22121,"date":"2022-11-09T13:08:12","date_gmt":"2022-11-09T13:08:12","guid":{"rendered":"https:\/\/5lo.lublin.pl\/?p=22121"},"modified":"2022-11-09T13:10:58","modified_gmt":"2022-11-09T13:10:58","slug":"czytaj-pl-2022-jest-tresc-jest-forma","status":"publish","type":"post","link":"https:\/\/5lo.lublin.pl\/?p=22121","title":{"rendered":"Czytaj PL 2022 \u2013 Jest tre\u015b\u0107? Jest forma!"},"content":{"rendered":"\n<p style=\"font-size:17px\"><strong>Ju\u017c od o\u015bmiu lat listopad to miesi\u0105c kojarz\u0105cy si\u0119 z Czytaj PL \u2013 najwi\u0119ksz\u0105 w Polsce na akcj\u0105 promuj\u0105c\u0105 czytelnictwo. W tym roku dzi\u0119ki aplikacji Woblink, fani literatury b\u0119d\u0105 mieli mo\u017cliwo\u015b\u0107 pobrania za darmo a\u017c 18 ksi\u0105\u017cek <\/strong><strong>(<\/strong><strong>ebook<\/strong><strong>i<\/strong><strong> i audiobook<\/strong><strong>i)<\/strong><strong>, w\u015br\u00f3d kt\u00f3rych znajd\u0105 tytu\u0142y kr\u00f3luj\u0105ce na listach bestseller\u00f3w, nagradzane, docenione przez krytyk\u00f3w, i takie, kt\u00f3re podbi\u0142y serca czytelnik\u00f3w.<\/strong><\/p>\n\n\n\n<p style=\"font-size:17px\"><a><\/a><strong><a href=\"https:\/\/akcja.czytajpl.pl\/\">Czytaj PL<\/a><\/strong>&nbsp;to akcja, kt\u00f3ra promuje czytelnictwo w Polsce i poza jej granicami. Jej korzenie si\u0119gaj\u0105 2013 roku, gdy Krak\u00f3w otrzyma\u0142 tytu\u0142 Miasta Literatury UNESCO.&nbsp;Przez te lata zaistnia\u0142a na wszystkich kontynentach, skorzysta\u0142o z niej kilkaset tysi\u0119cy os\u00f3b z kilkudziesi\u0119ciu tysi\u0119cy miejscowo\u015bci i prawie 50 kraj\u00f3w z ca\u0142ego \u015bwiata. Tylko w ubieg\u0142ym roku ponad 40 tysi\u0119cy u\u017cytkownik\u00f3w zrealizowa\u0142o ponad 75 tysi\u0119cy wypo\u017cycze\u0144.<\/p>\n\n\n\n<h2 class=\"has-medium-font-size wp-block-heading\">Czytaj PL 2022: Jest tre\u015b\u0107? Jest forma!<\/h2>\n\n\n\n<p style=\"font-size:17px\">Tegoroczna ods\u0142ona Czytaj PL obfituje w nowo\u015bci \u2013 w akcji dost\u0119pnych b\u0119dzie o 50% wi\u0119cej ksi\u0105\u017cek ni\u017c w poprzednich edycjach. W odpowiedzi na g\u0142osy mi\u0142o\u015bnik\u00f3w literatury z nurtu Young Adult po raz pierwszy w akcji Czytaj PL udost\u0119pnione b\u0119d\u0119 dwie biblioteki \u2013 g\u0142\u00f3wna i dla m\u0142odzie\u017cy.&nbsp;<\/p>\n\n\n\n<p style=\"font-size:17px\">Z<em>decydowali\u015bmy si\u0119 rozszerzy\u0107 formu\u0142\u0119 projektu i wyj\u015b\u0107 naprzeciw oczekiwaniom m\u0142odych czytelnik\u00f3w. Dotychczas w akcji Czytaj PL by\u0142o dost\u0119pnych 12 ksi\u0105\u017cek, w edycji 2022 do\u0142\u0105cza do nich 6 znakomitych tytu\u0142\u00f3w m\u0142odzie\u017cowych, a wi\u0119c \u0142\u0105cznie 18 ebook\u00f3w \u2013 <\/em>m\u00f3wi Anna Targosz, koordynatorka akcji Czytaj PL, z Ksi\u0119garni <a href=\"https:\/\/woblink.com\/\" target=\"_blank\" rel=\"noreferrer noopener\">Woblink.com<\/a>.<\/p>\n\n\n\n<p style=\"font-size:17px\"><em>Tegoroczna lista lektur proponowanych w ramach Czytaj PL jest wyj\u0105tkowo bogata i zr\u00f3\u017cnicowana. Zale\u017ca\u0142o nam na tym, by ka\u017cdy znalaz\u0142 na niej co\u015b dla siebie \u2013 zar\u00f3wno mi\u0142o\u015bnicy ambitnej literatury pi\u0119knej, jak i m\u0142odzie\u017c rozpoczynaj\u0105ca swoj\u0105 czytelnicz\u0105 przygod\u0119, fani trzymaj\u0105cych w napi\u0119ciu krymina\u0142\u00f3w i ci, na kt\u00f3rych p\u00f3\u0142kach kr\u00f3luje literatura faktu, osoby zakochane w pe\u0142nych emocji romansach i pasjonaci ksi\u0105\u017cek popularnonaukowych \u2013<\/em> m\u00f3wi Urszula Chwalba, kuratorka programu Krak\u00f3w Miasto Literatury UNESCO, wsp\u00f3\u0142organizatorka akcji Czytaj PL.&nbsp;<\/p>\n\n\n\n<p style=\"font-size:17px\">Aby wzi\u0105\u0107 w niej udzia\u0142, nale\u017cy pobra\u0107 aplikacj\u0119 mobiln\u0105 Woblink i przy jej pomocy zeskanowa\u0107 kod QR umieszczony na jednej z oficjalnych grafik akcji. Kod QR jest kluczem do wirtualnej biblioteki, w kt\u00f3rej mo\u017cna znale\u017a\u0107 wyj\u0105tkowe bestsellery. B\u0119dzie je mo\u017cna r\u00f3wnie\u017c czyta\u0107 na czytnikach elektronicznych inkBOOK oraz Kindle!<\/p>\n\n\n\n<p style=\"font-size:17px\">Biblioteka szkolna zaprasza serdecznie do wzi\u0119cia udzia\u0142u w akcji w dn. 02-30.11.2022r. Plakaty informuj\u0105ce o akcji znajduj\u0105 na terenie szko\u0142y.<\/p>\n\n\n\n<div data-wp-interactive=\"\" class=\"wp-block-file\"><object data-wp-bind--hidden=\"!selectors.core.file.hasPdfPreview\" hidden class=\"wp-block-file__embed\" data=\"https:\/\/5lo.lublin.pl\/wp-content\/uploads\/2022\/11\/CZYTAJ-pl-plakat-2022-b2-szkoly.pdf\" type=\"application\/pdf\" style=\"width:100%;height:600px\" aria-label=\"Osadzone z Osadzone z plakat..\"><\/object><a id=\"wp-block-file--media-1c48bc87-295f-4c6d-8f12-5bb704632b46\" href=\"https:\/\/5lo.lublin.pl\/wp-content\/uploads\/2022\/11\/CZYTAJ-pl-plakat-2022-b2-szkoly.pdf\">plakat<\/a><a href=\"https:\/\/5lo.lublin.pl\/wp-content\/uploads\/2022\/11\/CZYTAJ-pl-plakat-2022-b2-szkoly.pdf\" class=\"wp-block-file__button\" download aria-describedby=\"wp-block-file--media-1c48bc87-295f-4c6d-8f12-5bb704632b46\">Pobierz<\/a><\/div>\n","protected":false},"excerpt":{"rendered":"<p>Ju\u017c od o\u015bmiu lat listopad to miesi\u0105c kojarz\u0105cy si\u0119 z Czytaj PL \u2013 najwi\u0119ksz\u0105 w Polsce na akcj\u0105 promuj\u0105c\u0105 czytelnictwo. W tym roku dzi\u0119ki aplikacji Woblink, fani literatury b\u0119d\u0105 mieli mo\u017cliwo\u015b\u0107 pobrania za darmo a\u017c 18 ksi\u0105\u017cek (ebooki i audiobooki), w\u015br\u00f3d kt\u00f3rych znajd\u0105 tytu\u0142y kr\u00f3luj\u0105ce na listach bestseller\u00f3w, nagradzane, docenione przez krytyk\u00f3w, i takie, kt\u00f3re [&hellip;]<\/p>\n","protected":false},"author":23,"featured_media":22122,"comment_status":"closed","ping_status":"open","sticky":false,"template":"","format":"standard","meta":{"footnotes":""},"categories":[222,1],"tags":[],"_links":{"self":[{"href":"https:\/\/5lo.lublin.pl\/index.php?rest_route=\/wp\/v2\/posts\/22121"}],"collection":[{"href":"https:\/\/5lo.lublin.pl\/index.php?rest_route=\/wp\/v2\/posts"}],"about":[{"href":"https:\/\/5lo.lublin.pl\/index.php?rest_route=\/wp\/v2\/types\/post"}],"author":[{"embeddable":true,"href":"https:\/\/5lo.lublin.pl\/index.php?rest_route=\/wp\/v2\/users\/23"}],"replies":[{"embeddable":true,"href":"https:\/\/5lo.lublin.pl\/index.php?rest_route=%2Fwp%2Fv2%2Fcomments&post=22121"}],"version-history":[{"count":1,"href":"https:\/\/5lo.lublin.pl\/index.php?rest_route=\/wp\/v2\/posts\/22121\/revisions"}],"predecessor-version":[{"id":22128,"href":"https:\/\/5lo.lublin.pl\/index.php?rest_route=\/wp\/v2\/posts\/22121\/revisions\/22128"}],"wp:featuredmedia":[{"embeddable":true,"href":"https:\/\/5lo.lublin.pl\/index.php?rest_route=\/wp\/v2\/media\/22122"}],"wp:attachment":[{"href":"https:\/\/5lo.lublin.pl\/index.php?rest_route=%2Fwp%2Fv2%2Fmedia&parent=22121"}],"wp:term":[{"taxonomy":"category","embeddable":true,"href":"https:\/\/5lo.lublin.pl\/index.php?rest_route=%2Fwp%2Fv2%2Fcategories&post=22121"},{"taxonomy":"post_tag","embeddable":true,"href":"https:\/\/5lo.lublin.pl\/index.php?rest_route=%2Fwp%2Fv2%2Ftags&post=22121"}],"curies":[{"name":"wp","href":"https:\/\/api.w.org\/{rel}","templated":true}]}}