{"id":21921,"date":"2022-11-06T12:48:32","date_gmt":"2022-11-06T12:48:32","guid":{"rendered":"https:\/\/5lo.lublin.pl\/?p=21921"},"modified":"2022-11-08T17:48:32","modified_gmt":"2022-11-08T17:48:32","slug":"co-wydarzylo-sie-w-listopadzie","status":"publish","type":"post","link":"https:\/\/5lo.lublin.pl\/?p=21921","title":{"rendered":"Co wydarzy\u0142o si\u0119 w listopadzie?"},"content":{"rendered":"\n<p><strong>1 listopada 1918<\/strong><\/p>\n\n\n\n<p>Z po\u0142\u0105czenia harcerskich hufc\u00f3w z teren\u00f3w trzech zabor\u00f3w powsta\u0142 Zwi\u0105zek Harcerstwa Polskiego, b\u0119d\u0105cy najwi\u0119ksz\u0105 polsk\u0105 organizacj\u0105 harcersk\u0105.<\/p>\n\n\n\n<p><strong>2 listopada 1925<\/strong><\/p>\n\n\n\n<p>W \u015brodkowych arkadach kolumnady Pa\u0142acu Saskiego Warszawie zosta\u0142 ods\u0142oni\u0119ty Gr\u00f3b Nieznanego \u017bo\u0142nierza, kt\u00f3rego tw\u00f3rc\u0105 by\u0142 Stanis\u0142aw Kazimierz Ostrowski.<\/p>\n\n\n\n<p><strong>3 listopada 1920<\/strong><\/p>\n\n\n\n<p>W Drohobyczu urodzi\u0142 si\u0119 Maciej Aleksy Dawidowski, ps. Alek. Instruktor harcerski, cz\u0142onek Szarych Szereg\u00f3w, inicjator akcji w ramach ma\u0142ego sabota\u017cu. Zas\u0142yn\u0105\u0142 m.in. zdj\u0119ciem niemieckiej tablicy z monumentu Miko\u0142aja Kopernika w Warszawie. Jeden z bohater\u00f3w ksi\u0105\u017cki Aleksandra Kami\u0144skiego \u201eKamienie na szaniec\u201d.<\/p>\n\n\n\n<p><strong>7 listopada 1867<\/strong><\/p>\n\n\n\n<p>W Warszawie urodzi\u0142a si\u0119 Maria Sk\u0142odowska-Curie, dwukrotna laureatka Nagrody Nobla. Prekursorka radiochemii, opracowa\u0142a teori\u0119 promieniotw\u00f3rczo\u015bci, techniki rozdzielania izotop\u00f3w promieniotw\u00f3rczych oraz odkry\u0142a dwa pierwiastki: rad i polon. Jedyna kobieta dwukrotnie nagrodzona Noblem.<\/p>\n\n\n<div class=\"wp-block-image\">\n<figure class=\"aligncenter size-full\"><img loading=\"lazy\" decoding=\"async\" width=\"316\" height=\"391\" src=\"https:\/\/5lo.lublin.pl\/wp-content\/uploads\/2022\/11\/image-3.png\" alt=\"\" class=\"wp-image-21922\" srcset=\"https:\/\/5lo.lublin.pl\/wp-content\/uploads\/2022\/11\/image-3.png 316w, https:\/\/5lo.lublin.pl\/wp-content\/uploads\/2022\/11\/image-3-242x300.png 242w\" sizes=\"(max-width: 316px) 100vw, 316px\" \/><\/figure><\/div>\n\n\n<p><strong>9 listopada 1989<\/strong><\/p>\n\n\n\n<p>W nocy z 9 na 10 listopada rozpocz\u0119to burzenie wybudowanego w 1961 r. Muru Berli\u0144skiego. By\u0142 jednym z symboli zimnej wojny i podzia\u0142u Niemiec na dwa kraje &#8211; RFN i NRD<\/p>\n\n\n\n<p><strong>12 listopada 1948<\/strong><\/p>\n\n\n\n<p>Biskup Stefan Wyszy\u0144ski, ordynariusz lubelski otrzyma\u0142 nominacj\u0119 na arcybiskupa gnie\u017anie\u0144skiego i warszawskiego oraz prymasa Polski.<\/p>\n\n\n\n<p><strong>13 listopada 1924<\/strong><\/p>\n\n\n\n<p>W\u0142adys\u0142aw Reymont zosta\u0142 og\u0142oszony laureatem Nagrody Nobla za powie\u015b\u0107 Ch\u0142opi.<\/p>\n\n\n<div class=\"wp-block-image\">\n<figure class=\"aligncenter size-full\"><img loading=\"lazy\" decoding=\"async\" width=\"295\" height=\"417\" src=\"https:\/\/5lo.lublin.pl\/wp-content\/uploads\/2022\/11\/image-4.png\" alt=\"\" class=\"wp-image-21923\" srcset=\"https:\/\/5lo.lublin.pl\/wp-content\/uploads\/2022\/11\/image-4.png 295w, https:\/\/5lo.lublin.pl\/wp-content\/uploads\/2022\/11\/image-4-212x300.png 212w\" sizes=\"(max-width: 295px) 100vw, 295px\" \/><\/figure><\/div>\n\n\n<p><strong>20 listopada 1648<\/strong><\/p>\n\n\n\n<p>Jan II Kazimierz Waza zosta\u0142 wybrany na kr\u00f3la Polski.<\/p>\n\n\n\n<p><strong>25 listopada 1764<\/strong><\/p>\n\n\n\n<p>W Warszawie arcybiskup gnie\u017anie\u0144ski i prymas Polski W\u0142adys\u0142aw \u0141ubie\u0144ski koronowa\u0142 na kr\u00f3la Polski Stanis\u0142awa Augusta Poniatowskiego.<\/p>\n\n\n\n<p><strong>28 listopada 1918<\/strong><\/p>\n\n\n\n<p>Dekretem Tymczasowego Naczelnika Pa\u0144stwa J\u00f3zefa Pi\u0142sudskiego kobiety w Polsce uzyska\u0142a prawa wyborcze.<\/p>\n\n\n<div class=\"wp-block-image\">\n<figure class=\"aligncenter size-full\"><img loading=\"lazy\" decoding=\"async\" width=\"299\" height=\"413\" src=\"https:\/\/5lo.lublin.pl\/wp-content\/uploads\/2022\/11\/image-5.png\" alt=\"\" class=\"wp-image-21924\" srcset=\"https:\/\/5lo.lublin.pl\/wp-content\/uploads\/2022\/11\/image-5.png 299w, https:\/\/5lo.lublin.pl\/wp-content\/uploads\/2022\/11\/image-5-217x300.png 217w\" sizes=\"(max-width: 299px) 100vw, 299px\" \/><\/figure><\/div>\n\n\n<p><strong>30 listopada 1427<\/strong><\/p>\n\n\n\n<p>W Krakowie urodzi\u0142 si\u0119 Kazimierz Jagiello\u0144czyk, wielki ksi\u0105\u017c\u0119 litewski i kr\u00f3l Polski. Pokona\u0142 zakon krzy\u017cacki w wojnie trzynastoletniej zako\u0144czonej II pokojem toru\u0144skim. Wykupi\u0142 tak\u017ce Malbork, zdobywaj\u0105c tym samym krzy\u017cack\u0105 stolic\u0119.<\/p>\n\n\n\n<p><strong>11 listopada<\/strong> to data symboliczna. W tych dniach \u2013 jak wspomina\u0142 lata p\u00f3\u017aniej Pi\u0142sudski \u2013 Polska powsta\u0142a do istnienia. 11 listopada nie od razu sta\u0142 si\u0119 \u015bwi\u0119tem narodowym. Dyskusje na temat powszechnie uznawanej daty przywr\u00f3cenia pa\u0144stwa polskiego trwa\u0142y przez niemal ca\u0142e dwudziestolecie mi\u0119dzywojenne i 11 listopada zosta\u0142 og\u0142oszony \u015bwi\u0119tem narodowym prawie 20 lat po wydarzeniach, kt\u00f3re upami\u0119tnia \u2013 w kwietniu 1937 roku.<\/p>\n\n\n\n<p>Po II wojnie \u015bwiatowej i utworzeniu Polskiej Rzeczypospolitej Ludowej \u015bwi\u0119to zosta\u0142o zniesione, ale nie zapomniane. 11 listopada by\u0142 okazj\u0105, by zademonstrowa\u0107 swoj\u0105 opozycyjno\u015b\u0107 wobec systemu komunistycznego. Po raz pierwszy w\u0142adze uleg\u0142y publicznej presji 11 listopada 1981 roku, sk\u0142adaj\u0105c wie\u0144ce na Grobie Nieznanego \u017bo\u0142nierza w Warszawie i wprowadzaj\u0105c ten dzie\u0144 do kalendarza oficjalnych obchod\u00f3w. Nie trwa\u0142o to jednak d\u0142ugo \u2013 demonstracje na 11 listopada rozbija\u0142a milicja. W 1989 roku 11 listopada ponownie zosta\u0142 ustanowiony \u015bwi\u0119tem narodowym. Obchodzony jest co roku jako Narodowe \u015awi\u0119to Niepodleg\u0142o\u015bci.<\/p>\n\n\n<div class=\"wp-block-image\">\n<figure class=\"aligncenter size-full\"><img loading=\"lazy\" decoding=\"async\" width=\"465\" height=\"258\" src=\"https:\/\/5lo.lublin.pl\/wp-content\/uploads\/2022\/11\/image-6.png\" alt=\"\" class=\"wp-image-21925\" srcset=\"https:\/\/5lo.lublin.pl\/wp-content\/uploads\/2022\/11\/image-6.png 465w, https:\/\/5lo.lublin.pl\/wp-content\/uploads\/2022\/11\/image-6-300x166.png 300w\" sizes=\"(max-width: 465px) 100vw, 465px\" \/><\/figure><\/div>\n\n<div class=\"wp-block-image\">\n<figure class=\"aligncenter size-full\"><img loading=\"lazy\" decoding=\"async\" width=\"1012\" height=\"201\" src=\"https:\/\/5lo.lublin.pl\/wp-content\/uploads\/2022\/11\/image-7.png\" alt=\"\" class=\"wp-image-21929\" srcset=\"https:\/\/5lo.lublin.pl\/wp-content\/uploads\/2022\/11\/image-7.png 1012w, https:\/\/5lo.lublin.pl\/wp-content\/uploads\/2022\/11\/image-7-300x60.png 300w, https:\/\/5lo.lublin.pl\/wp-content\/uploads\/2022\/11\/image-7-768x153.png 768w\" sizes=\"(max-width: 1012px) 100vw, 1012px\" \/><\/figure><\/div>\n\n\n<p>W nocy z 29 na 30 listopada 1830 r. wybuch\u0142o powstanie listopadowe. Zryw, trwaj\u0105cy do pa\u017adziernika 1831 roku, obj\u0105\u0142 tereny znajduj\u0105ce si\u0119 pod zaborem rosyjskim: Kr\u00f3lestwo Polskie oraz cz\u0119\u015b\u0107 ziem bezpo\u015brednio w\u0142\u0105czonych do Cesarstwa Rosyjskiego.<\/p>\n\n\n\n<p>Powstanie wybuch\u0142o na fali europejskich ruch\u00f3w rewolucyjnych i niepodleg\u0142o\u015bciowych, kt\u00f3re w1830 r. zaowocowa\u0142y m.in. wybuchem rewolucji lipcowej we Francji i og\u0142oszeniem niepodleg\u0142o\u015bci Belgii, jednak g\u0142\u00f3wnych jego przyczyn nale\u017cy szuka\u0107 wewn\u0105trz kraju. Konstytucja Kr\u00f3lestwa Polskiego z 1815 r. by\u0142a od lat \u0142amana. W 1819 roku zniesiono wolno\u015b\u0107 prasy i wprowadzono cenzur\u0119 prewencyjn\u0105, w 1821 zawieszono wolno\u015b\u0107 zgromadze\u0144 i zakazano dzia\u0142alno\u015bci masonerii, w 1822 skazano Waleriana \u0141ukasi\u0144skiego, przyw\u00f3dc\u0119 Wolnomularstwa Narodowego, w 1825 r. zniesiono jawno\u015b\u0107 obrad sejmowych. Nasila\u0142y si\u0119 prze\u015bladowania wobec opozycji legalnej (kaliszanie) i nielegalnej. W spo\u0142ecze\u0144stwie polskim narasta\u0142y niezadowolenie i sprzeciw wobec w\u0142adzom rosyjskim.<\/p>\n\n\n<div class=\"wp-block-image\">\n<figure class=\"aligncenter size-full\"><img loading=\"lazy\" decoding=\"async\" width=\"709\" height=\"467\" src=\"https:\/\/5lo.lublin.pl\/wp-content\/uploads\/2022\/11\/image-8.png\" alt=\"\" class=\"wp-image-21930\" srcset=\"https:\/\/5lo.lublin.pl\/wp-content\/uploads\/2022\/11\/image-8.png 709w, https:\/\/5lo.lublin.pl\/wp-content\/uploads\/2022\/11\/image-8-300x198.png 300w\" sizes=\"(max-width: 709px) 100vw, 709px\" \/><\/figure><\/div>","protected":false},"excerpt":{"rendered":"<p>1 listopada 1918 Z po\u0142\u0105czenia harcerskich hufc\u00f3w z teren\u00f3w trzech zabor\u00f3w powsta\u0142 Zwi\u0105zek Harcerstwa Polskiego, b\u0119d\u0105cy najwi\u0119ksz\u0105 polsk\u0105 organizacj\u0105 harcersk\u0105. 2 listopada 1925 W \u015brodkowych arkadach kolumnady Pa\u0142acu Saskiego Warszawie zosta\u0142 ods\u0142oni\u0119ty Gr\u00f3b Nieznanego \u017bo\u0142nierza, kt\u00f3rego tw\u00f3rc\u0105 by\u0142 Stanis\u0142aw Kazimierz Ostrowski. 3 listopada 1920 W Drohobyczu urodzi\u0142 si\u0119 Maciej Aleksy Dawidowski, ps. Alek. Instruktor harcerski, [&hellip;]<\/p>\n","protected":false},"author":29,"featured_media":21926,"comment_status":"closed","ping_status":"open","sticky":false,"template":"","format":"standard","meta":{"footnotes":""},"categories":[1,133],"tags":[],"_links":{"self":[{"href":"https:\/\/5lo.lublin.pl\/index.php?rest_route=\/wp\/v2\/posts\/21921"}],"collection":[{"href":"https:\/\/5lo.lublin.pl\/index.php?rest_route=\/wp\/v2\/posts"}],"about":[{"href":"https:\/\/5lo.lublin.pl\/index.php?rest_route=\/wp\/v2\/types\/post"}],"author":[{"embeddable":true,"href":"https:\/\/5lo.lublin.pl\/index.php?rest_route=\/wp\/v2\/users\/29"}],"replies":[{"embeddable":true,"href":"https:\/\/5lo.lublin.pl\/index.php?rest_route=%2Fwp%2Fv2%2Fcomments&post=21921"}],"version-history":[{"count":1,"href":"https:\/\/5lo.lublin.pl\/index.php?rest_route=\/wp\/v2\/posts\/21921\/revisions"}],"predecessor-version":[{"id":21932,"href":"https:\/\/5lo.lublin.pl\/index.php?rest_route=\/wp\/v2\/posts\/21921\/revisions\/21932"}],"wp:featuredmedia":[{"embeddable":true,"href":"https:\/\/5lo.lublin.pl\/index.php?rest_route=\/wp\/v2\/media\/21926"}],"wp:attachment":[{"href":"https:\/\/5lo.lublin.pl\/index.php?rest_route=%2Fwp%2Fv2%2Fmedia&parent=21921"}],"wp:term":[{"taxonomy":"category","embeddable":true,"href":"https:\/\/5lo.lublin.pl\/index.php?rest_route=%2Fwp%2Fv2%2Fcategories&post=21921"},{"taxonomy":"post_tag","embeddable":true,"href":"https:\/\/5lo.lublin.pl\/index.php?rest_route=%2Fwp%2Fv2%2Ftags&post=21921"}],"curies":[{"name":"wp","href":"https:\/\/api.w.org\/{rel}","templated":true}]}}