{"id":21914,"date":"2022-11-06T12:33:26","date_gmt":"2022-11-06T12:33:26","guid":{"rendered":"https:\/\/5lo.lublin.pl\/?p=21914"},"modified":"2022-11-06T12:33:39","modified_gmt":"2022-11-06T12:33:39","slug":"odezwa-komitetu-honorowegoobchodow-narodowego-swieta-niepodleglosci-11-listopadaw-wojewodztwie-lubelskim","status":"publish","type":"post","link":"https:\/\/5lo.lublin.pl\/?p=21914","title":{"rendered":"Odezwa Komitetu Honorowego<br>Obchod\u00f3w Narodowego \u015awi\u0119ta Niepodleg\u0142o\u015bci 11 Listopada<br>w Wojew\u00f3dztwie Lubelskim"},"content":{"rendered":"\n<div data-wp-interactive=\"\" class=\"wp-block-file\"><object data-wp-bind--hidden=\"!selectors.core.file.hasPdfPreview\" hidden class=\"wp-block-file__embed\" data=\"https:\/\/5lo.lublin.pl\/wp-content\/uploads\/2022\/11\/Odezwa-Komitetu-Honorowego-11-11-2022.pdf\" type=\"application\/pdf\" style=\"width:100%;height:600px\" aria-label=\"Osadzone z Osadzone z Odezwa-Komitetu-Honorowego-11-11-2022..\"><\/object><a id=\"wp-block-file--media-8726eafd-cf24-47bf-9f5f-f8b2a4397b0f\" href=\"https:\/\/5lo.lublin.pl\/wp-content\/uploads\/2022\/11\/Odezwa-Komitetu-Honorowego-11-11-2022.pdf\">Odezwa-Komitetu-Honorowego-11-11-2022<\/a><a href=\"https:\/\/5lo.lublin.pl\/wp-content\/uploads\/2022\/11\/Odezwa-Komitetu-Honorowego-11-11-2022.pdf\" class=\"wp-block-file__button\" download aria-describedby=\"wp-block-file--media-8726eafd-cf24-47bf-9f5f-f8b2a4397b0f\">Pobierz<\/a><\/div>\n","protected":false},"excerpt":{"rendered":"Odezwa-Komitetu-Honorowego-11-11-2022Pobierz","protected":false},"author":29,"featured_media":21916,"comment_status":"closed","ping_status":"open","sticky":false,"template":"","format":"standard","meta":{"footnotes":""},"categories":[1,133],"tags":[],"_links":{"self":[{"href":"https:\/\/5lo.lublin.pl\/index.php?rest_route=\/wp\/v2\/posts\/21914"}],"collection":[{"href":"https:\/\/5lo.lublin.pl\/index.php?rest_route=\/wp\/v2\/posts"}],"about":[{"href":"https:\/\/5lo.lublin.pl\/index.php?rest_route=\/wp\/v2\/types\/post"}],"author":[{"embeddable":true,"href":"https:\/\/5lo.lublin.pl\/index.php?rest_route=\/wp\/v2\/users\/29"}],"replies":[{"embeddable":true,"href":"https:\/\/5lo.lublin.pl\/index.php?rest_route=%2Fwp%2Fv2%2Fcomments&post=21914"}],"version-history":[{"count":1,"href":"https:\/\/5lo.lublin.pl\/index.php?rest_route=\/wp\/v2\/posts\/21914\/revisions"}],"predecessor-version":[{"id":21918,"href":"https:\/\/5lo.lublin.pl\/index.php?rest_route=\/wp\/v2\/posts\/21914\/revisions\/21918"}],"wp:featuredmedia":[{"embeddable":true,"href":"https:\/\/5lo.lublin.pl\/index.php?rest_route=\/wp\/v2\/media\/21916"}],"wp:attachment":[{"href":"https:\/\/5lo.lublin.pl\/index.php?rest_route=%2Fwp%2Fv2%2Fmedia&parent=21914"}],"wp:term":[{"taxonomy":"category","embeddable":true,"href":"https:\/\/5lo.lublin.pl\/index.php?rest_route=%2Fwp%2Fv2%2Fcategories&post=21914"},{"taxonomy":"post_tag","embeddable":true,"href":"https:\/\/5lo.lublin.pl\/index.php?rest_route=%2Fwp%2Fv2%2Ftags&post=21914"}],"curies":[{"name":"wp","href":"https:\/\/api.w.org\/{rel}","templated":true}]}}