{"id":21758,"date":"2022-11-04T09:48:24","date_gmt":"2022-11-04T09:48:24","guid":{"rendered":"https:\/\/5lo.lublin.pl\/?p=21758"},"modified":"2022-11-04T09:48:28","modified_gmt":"2022-11-04T09:48:28","slug":"szkolapamieta","status":"publish","type":"post","link":"https:\/\/5lo.lublin.pl\/?p=21758","title":{"rendered":"#Szko\u0142aPami\u0119ta"},"content":{"rendered":"\n<p>V LO w tym roku szkolnym w\u0142\u0105czy\u0142o si\u0119 w akcj\u0119 Ministerstwa Edukacji i Nauki <a href=\"https:\/\/www.facebook.com\/hashtag\/szko%C5%82apami%C4%99ta?__eep__=6&amp;__cft__[0]=AZWF7xEpW7XVl3q32sx2_p4v8jEVCbnZN7OGC88oIhEjcVKb5l11g-EBLhS9SaZ-CkhAVnSxp83lpw-V2nH4SwWnsAh8m4r5_gQrHVI1W6bkB_ahfPBwAHW3NVN27b_dUv2ycWPSbq_vrybaULFPszt_U7u6QAVcHykjsg9_LOiwvaH1G2DIDj1or8njIzs-U6A&amp;__tn__=*NK-R\">#Szko\u0142aPami\u0119ta<\/a>. Zadaniem klas by\u0142o udanie si\u0119 w wyznaczone miejsce, zapalenie znicza oraz zrobienie pami\u0105tkowego zdj\u0119cia. W\u015br\u00f3d pomnik\u00f3w i mogi\u0142 odwiedzonych przez uczni\u00f3w znalaz\u0142y si\u0119:<\/p>\n\n\n\n<p>Pomnik \u017bo\u0142nierzy Narodowych Si\u0142 Zbrojnych- 1a<\/p>\n\n\n\n<p>Pomnik Powsta\u0144c\u00f3w Styczniowych- 1b<\/p>\n\n\n\n<p><a><\/a>Pomnik Ofiar Wo\u0142ynia- 1c<\/p>\n\n\n\n<p>Pomnik MJR. Hieronima Dekutowskiego- 1d<\/p>\n\n\n\n<p>Pomnik Katy\u0144ski- 1e<\/p>\n\n\n\n<p>Pomnik Konstytucji 3 maja- 1f<\/p>\n\n\n\n<p>Pomnik Nieznanego \u017bo\u0142nierza- 1g<\/p>\n\n\n\n<p>Pomnik Rozstrzelanych przez Niemc\u00f3w- 1h<\/p>\n\n\n\n<p>Pomnik pami\u0119ci \u017co\u0142nierzy AK-WiN ze zgrupowania mjr. Dekutowskiego-Zapory- 2a<\/p>\n\n\n\n<p>Pomnik poleg\u0142ych \u017co\u0142nierzy WP- 2b<\/p>\n\n\n\n<p>Krzy\u017c Wdzi\u0119czno\u015bci w Lublinie- 2c<\/p>\n\n\n\n<p>Pomnik ks. Jerzego Popie\u0142uszki w Lublinie- 2d<\/p>\n\n\n\n<p>Skwer Borowiczan- 2e<\/p>\n\n\n\n<p>Pomnik Legionist\u00f3w- 2f<\/p>\n\n\n\n<p>Pomnik J\u00f3zefa Czechowicza w Lublinie- 2g<\/p>\n\n\n\n<p>gr\u00f3b Teofila La\u015bkiewicza- 3a<\/p>\n\n\n\n<p>gr\u00f3b Emila Plagego- 3b<\/p>\n\n\n\n<p>Pomnik J\u00f3zefa Pi\u0142sudskiego- 3c<\/p>\n\n\n\n<p>Pomnik Ofiar Getta- 3d<\/p>\n\n\n\n<p>Pomnik Marii Sk\u0142odowskiej-Curie- 3e<\/p>\n\n\n\n<p>Mogi\u0142a Zbiorowa Wi\u0119\u017ani\u00f3w Zamku Lubelskiego- 3f<\/p>\n\n\n\n<p>Symboliczna mogi\u0142a katy\u0144ska- 3g<\/p>\n\n\n\n<p>Zbiorowa mogi\u0142a powsta\u0144c\u00f3w z 1863 r.- 4a<\/p>\n\n\n\n<p>Mogi\u0142a \u017co\u0142nierzy Legion\u00f3w poleg\u0142ych w 1915 r.- 4b<\/p>\n\n\n\n<p>Gr\u00f3b nieznanych ludzi zamordowanych przez Hitlerowc\u00f3w- 4c<\/p>\n\n\n\n<p>Gr\u00f3b gen. Kazimierza Tumidajskiego oraz symboliczne mogi\u0142y AK, WiN i BCh- 4d<\/p>\n\n\n\n<p>Pomnik &#8211; Mogi\u0142a U\u0142an\u00f3w Ksi\u0119cia Poniatowskiego w Lublinie- 4e<\/p>\n\n\n<div id=\"metaslider-id-21760\" style=\"max-width: 1500px; margin: 0 auto;\" class=\"ml-slider-3-62-0 metaslider metaslider-responsive metaslider-21760 ml-slider ms-theme-default\" role=\"region\" aria-roledescription=\"Slideshow\" aria-label=\"#Szko\u0142aPami\u0119ta22\">\n    <div id=\"metaslider_container_21760\">\n        <ul id='metaslider_21760' class='rslides'>\n            <li aria-roledescription='slide' aria-labelledby='slide-0'><img loading=\"lazy\" decoding=\"async\" src=\"https:\/\/5lo.lublin.pl\/wp-content\/uploads\/2022\/11\/01-720x431.jpg\" height=\"900\" width=\"1500\" alt=\"\" class=\"slider-21760 slide-21790\" title=\"01\" \/><\/li>\n            <li style='display: none;' aria-roledescription='slide' aria-labelledby='slide-1'><img loading=\"lazy\" decoding=\"async\" src=\"https:\/\/5lo.lublin.pl\/wp-content\/uploads\/2022\/11\/02-720x431.jpg\" height=\"900\" width=\"1500\" alt=\"\" class=\"slider-21760 slide-21791\" title=\"02\" \/><\/li>\n            <li style='display: none;' aria-roledescription='slide' aria-labelledby='slide-2'><img loading=\"lazy\" decoding=\"async\" src=\"https:\/\/5lo.lublin.pl\/wp-content\/uploads\/2022\/11\/03-1200x720.jpg\" height=\"900\" width=\"1500\" alt=\"\" class=\"slider-21760 slide-21792\" title=\"03\" \/><\/li>\n            <li style='display: none;' aria-roledescription='slide' aria-labelledby='slide-3'><img loading=\"lazy\" decoding=\"async\" src=\"https:\/\/5lo.lublin.pl\/wp-content\/uploads\/2022\/11\/04-720x431.jpg\" height=\"900\" width=\"1500\" alt=\"\" class=\"slider-21760 slide-21793\" title=\"04\" \/><\/li>\n            <li style='display: none;' aria-roledescription='slide' aria-labelledby='slide-4'><img loading=\"lazy\" decoding=\"async\" src=\"https:\/\/5lo.lublin.pl\/wp-content\/uploads\/2022\/11\/05-720x431.jpg\" height=\"900\" width=\"1500\" alt=\"\" class=\"slider-21760 slide-21794\" title=\"05\" \/><\/li>\n            <li style='display: none;' aria-roledescription='slide' aria-labelledby='slide-5'><img loading=\"lazy\" decoding=\"async\" src=\"https:\/\/5lo.lublin.pl\/wp-content\/uploads\/2022\/11\/06-960x576.jpg\" height=\"900\" width=\"1500\" alt=\"\" class=\"slider-21760 slide-21795\" title=\"06\" \/><\/li>\n            <li style='display: none;' aria-roledescription='slide' aria-labelledby='slide-6'><img loading=\"lazy\" decoding=\"async\" src=\"https:\/\/5lo.lublin.pl\/wp-content\/uploads\/2022\/11\/07-960x576.jpg\" height=\"900\" width=\"1500\" alt=\"\" class=\"slider-21760 slide-21796\" title=\"07\" \/><\/li>\n            <li style='display: none;' aria-roledescription='slide' aria-labelledby='slide-7'><img loading=\"lazy\" decoding=\"async\" src=\"https:\/\/5lo.lublin.pl\/wp-content\/uploads\/2022\/11\/08-960x576.jpg\" height=\"900\" width=\"1500\" alt=\"\" class=\"slider-21760 slide-21797\" title=\"08\" \/><\/li>\n            <li style='display: none;' aria-roledescription='slide' aria-labelledby='slide-8'><img loading=\"lazy\" decoding=\"async\" src=\"https:\/\/5lo.lublin.pl\/wp-content\/uploads\/2022\/11\/09-718x430.jpg\" height=\"900\" width=\"1500\" alt=\"\" class=\"slider-21760 slide-21798\" title=\"09\" \/><\/li>\n            <li style='display: none;' aria-roledescription='slide' aria-labelledby='slide-9'><img loading=\"lazy\" decoding=\"async\" src=\"https:\/\/5lo.lublin.pl\/wp-content\/uploads\/2022\/11\/10-1-1197x718.jpg\" height=\"900\" width=\"1500\" alt=\"\" class=\"slider-21760 slide-21799\" title=\"10\" \/><\/li>\n            <li style='display: none;' aria-roledescription='slide' aria-labelledby='slide-10'><img loading=\"lazy\" decoding=\"async\" src=\"https:\/\/5lo.lublin.pl\/wp-content\/uploads\/2022\/11\/11-1-1500x900.jpg\" height=\"900\" width=\"1500\" alt=\"\" class=\"slider-21760 slide-21800\" title=\"11\" \/><\/li>\n            <li style='display: none;' aria-roledescription='slide' aria-labelledby='slide-11'><img loading=\"lazy\" decoding=\"async\" src=\"https:\/\/5lo.lublin.pl\/wp-content\/uploads\/2022\/11\/12-1-720x431.jpg\" height=\"900\" width=\"1500\" alt=\"\" class=\"slider-21760 slide-21801\" title=\"12\" \/><\/li>\n            <li style='display: none;' aria-roledescription='slide' aria-labelledby='slide-12'><img loading=\"lazy\" decoding=\"async\" src=\"https:\/\/5lo.lublin.pl\/wp-content\/uploads\/2022\/11\/13-1-960x576.jpg\" height=\"900\" width=\"1500\" alt=\"\" class=\"slider-21760 slide-21802\" title=\"13\" \/><\/li>\n            <li style='display: none;' aria-roledescription='slide' aria-labelledby='slide-13'><img loading=\"lazy\" decoding=\"async\" src=\"https:\/\/5lo.lublin.pl\/wp-content\/uploads\/2022\/11\/14-1-1198x718.jpg\" height=\"900\" width=\"1500\" alt=\"\" class=\"slider-21760 slide-21803\" title=\"14\" \/><\/li>\n            <li style='display: none;' aria-roledescription='slide' aria-labelledby='slide-14'><img loading=\"lazy\" decoding=\"async\" src=\"https:\/\/5lo.lublin.pl\/wp-content\/uploads\/2022\/11\/15-1430x858.jpg\" height=\"900\" width=\"1500\" alt=\"\" class=\"slider-21760 slide-21804\" title=\"15\" \/><\/li>\n            <li style='display: none;' aria-roledescription='slide' aria-labelledby='slide-15'><img loading=\"lazy\" decoding=\"async\" src=\"https:\/\/5lo.lublin.pl\/wp-content\/uploads\/2022\/11\/16-1500x900.jpg\" height=\"900\" width=\"1500\" alt=\"\" class=\"slider-21760 slide-21805\" title=\"16\" \/><\/li>\n            <li style='display: none;' aria-roledescription='slide' aria-labelledby='slide-16'><img loading=\"lazy\" decoding=\"async\" src=\"https:\/\/5lo.lublin.pl\/wp-content\/uploads\/2022\/11\/17-960x576.jpg\" height=\"900\" width=\"1500\" alt=\"\" class=\"slider-21760 slide-21806\" title=\"17\" \/><\/li>\n            <li style='display: none;' aria-roledescription='slide' aria-labelledby='slide-17'><img loading=\"lazy\" decoding=\"async\" src=\"https:\/\/5lo.lublin.pl\/wp-content\/uploads\/2022\/11\/18-720x431.jpg\" height=\"900\" width=\"1500\" alt=\"\" class=\"slider-21760 slide-21807\" title=\"18\" \/><\/li>\n            <li style='display: none;' aria-roledescription='slide' aria-labelledby='slide-18'><img loading=\"lazy\" decoding=\"async\" src=\"https:\/\/5lo.lublin.pl\/wp-content\/uploads\/2022\/11\/19-960x576.jpg\" height=\"900\" width=\"1500\" alt=\"\" class=\"slider-21760 slide-21808\" title=\"19\" \/><\/li>\n            <li style='display: none;' aria-roledescription='slide' aria-labelledby='slide-19'><img loading=\"lazy\" decoding=\"async\" src=\"https:\/\/5lo.lublin.pl\/wp-content\/uploads\/2022\/11\/20-1200x720.jpg\" height=\"900\" width=\"1500\" alt=\"\" class=\"slider-21760 slide-21809\" title=\"20\" \/><\/li>\n            <li style='display: none;' aria-roledescription='slide' aria-labelledby='slide-20'><img loading=\"lazy\" decoding=\"async\" src=\"https:\/\/5lo.lublin.pl\/wp-content\/uploads\/2022\/11\/21-714x428.jpg\" height=\"900\" width=\"1500\" alt=\"\" class=\"slider-21760 slide-21810\" title=\"21\" \/><\/li>\n            <li style='display: none;' aria-roledescription='slide' aria-labelledby='slide-21'><img loading=\"lazy\" decoding=\"async\" src=\"https:\/\/5lo.lublin.pl\/wp-content\/uploads\/2022\/11\/22-960x576.jpg\" height=\"900\" width=\"1500\" alt=\"\" class=\"slider-21760 slide-21811\" title=\"22\" \/><\/li>\n            <li style='display: none;' aria-roledescription='slide' aria-labelledby='slide-22'><img loading=\"lazy\" decoding=\"async\" src=\"https:\/\/5lo.lublin.pl\/wp-content\/uploads\/2022\/11\/23-1500x900.jpg\" height=\"900\" width=\"1500\" alt=\"\" class=\"slider-21760 slide-21812\" title=\"23\" \/><\/li>\n            <li style='display: none;' aria-roledescription='slide' aria-labelledby='slide-23'><img loading=\"lazy\" decoding=\"async\" src=\"https:\/\/5lo.lublin.pl\/wp-content\/uploads\/2022\/11\/24-540x324.jpg\" height=\"900\" width=\"1500\" alt=\"\" class=\"slider-21760 slide-21813\" title=\"24\" \/><\/li>\n            <li style='display: none;' aria-roledescription='slide' aria-labelledby='slide-24'><img loading=\"lazy\" decoding=\"async\" src=\"https:\/\/5lo.lublin.pl\/wp-content\/uploads\/2022\/11\/25-1200x720.jpg\" height=\"900\" width=\"1500\" alt=\"\" class=\"slider-21760 slide-21814\" title=\"25\" \/><\/li>\n            <li style='display: none;' aria-roledescription='slide' aria-labelledby='slide-25'><img loading=\"lazy\" decoding=\"async\" src=\"https:\/\/5lo.lublin.pl\/wp-content\/uploads\/2022\/11\/34-1205x723.jpg\" height=\"900\" width=\"1500\" alt=\"\" class=\"slider-21760 slide-21815\" title=\"34\" \/><\/li>\n            <li style='display: none;' aria-roledescription='slide' aria-labelledby='slide-26'><img loading=\"lazy\" decoding=\"async\" src=\"https:\/\/5lo.lublin.pl\/wp-content\/uploads\/2022\/11\/35-960x576.jpg\" height=\"900\" width=\"1500\" alt=\"\" class=\"slider-21760 slide-21816\" title=\"35\" \/><\/li>\n            <li style='display: none;' aria-roledescription='slide' aria-labelledby='slide-27'><img loading=\"lazy\" decoding=\"async\" src=\"https:\/\/5lo.lublin.pl\/wp-content\/uploads\/2022\/11\/36-1200x720.jpg\" height=\"900\" width=\"1500\" alt=\"\" class=\"slider-21760 slide-21817\" title=\"36\" \/><\/li>\n            <li style='display: none;' aria-roledescription='slide' aria-labelledby='slide-28'><img loading=\"lazy\" decoding=\"async\" src=\"https:\/\/5lo.lublin.pl\/wp-content\/uploads\/2022\/11\/37-1200x720.jpg\" height=\"900\" width=\"1500\" alt=\"\" class=\"slider-21760 slide-21818\" title=\"37\" \/><\/li>\n            <li style='display: none;' aria-roledescription='slide' aria-labelledby='slide-29'><img loading=\"lazy\" decoding=\"async\" src=\"https:\/\/5lo.lublin.pl\/wp-content\/uploads\/2022\/11\/38-1500x900.jpg\" height=\"900\" width=\"1500\" alt=\"\" class=\"slider-21760 slide-21820\" title=\"38\" \/><\/li>\n        <\/ul>\n        \n    <\/div>\n<\/div>\n","protected":false},"excerpt":{"rendered":"<p>V LO w tym roku szkolnym w\u0142\u0105czy\u0142o si\u0119 w akcj\u0119 Ministerstwa Edukacji i Nauki #Szko\u0142aPami\u0119ta. Zadaniem klas by\u0142o udanie si\u0119 w wyznaczone miejsce, zapalenie znicza oraz zrobienie pami\u0105tkowego zdj\u0119cia. W\u015br\u00f3d pomnik\u00f3w i mogi\u0142 odwiedzonych przez uczni\u00f3w znalaz\u0142y si\u0119: Pomnik \u017bo\u0142nierzy Narodowych Si\u0142 Zbrojnych- 1a Pomnik Powsta\u0144c\u00f3w Styczniowych- 1b Pomnik Ofiar Wo\u0142ynia- 1c Pomnik MJR. Hieronima [&hellip;]<\/p>\n","protected":false},"author":12,"featured_media":21819,"comment_status":"closed","ping_status":"open","sticky":false,"template":"","format":"standard","meta":{"footnotes":""},"categories":[1],"tags":[],"_links":{"self":[{"href":"https:\/\/5lo.lublin.pl\/index.php?rest_route=\/wp\/v2\/posts\/21758"}],"collection":[{"href":"https:\/\/5lo.lublin.pl\/index.php?rest_route=\/wp\/v2\/posts"}],"about":[{"href":"https:\/\/5lo.lublin.pl\/index.php?rest_route=\/wp\/v2\/types\/post"}],"author":[{"embeddable":true,"href":"https:\/\/5lo.lublin.pl\/index.php?rest_route=\/wp\/v2\/users\/12"}],"replies":[{"embeddable":true,"href":"https:\/\/5lo.lublin.pl\/index.php?rest_route=%2Fwp%2Fv2%2Fcomments&post=21758"}],"version-history":[{"count":1,"href":"https:\/\/5lo.lublin.pl\/index.php?rest_route=\/wp\/v2\/posts\/21758\/revisions"}],"predecessor-version":[{"id":21821,"href":"https:\/\/5lo.lublin.pl\/index.php?rest_route=\/wp\/v2\/posts\/21758\/revisions\/21821"}],"wp:featuredmedia":[{"embeddable":true,"href":"https:\/\/5lo.lublin.pl\/index.php?rest_route=\/wp\/v2\/media\/21819"}],"wp:attachment":[{"href":"https:\/\/5lo.lublin.pl\/index.php?rest_route=%2Fwp%2Fv2%2Fmedia&parent=21758"}],"wp:term":[{"taxonomy":"category","embeddable":true,"href":"https:\/\/5lo.lublin.pl\/index.php?rest_route=%2Fwp%2Fv2%2Fcategories&post=21758"},{"taxonomy":"post_tag","embeddable":true,"href":"https:\/\/5lo.lublin.pl\/index.php?rest_route=%2Fwp%2Fv2%2Ftags&post=21758"}],"curies":[{"name":"wp","href":"https:\/\/api.w.org\/{rel}","templated":true}]}}