{"id":21747,"date":"2022-11-03T15:19:51","date_gmt":"2022-11-03T15:19:51","guid":{"rendered":"https:\/\/5lo.lublin.pl\/?p=21747"},"modified":"2022-11-03T15:19:55","modified_gmt":"2022-11-03T15:19:55","slug":"wystawa","status":"publish","type":"post","link":"https:\/\/5lo.lublin.pl\/?p=21747","title":{"rendered":"Wystawa"},"content":{"rendered":"\n<p>W zwi\u0105zku ze zbli\u017caj\u0105cym si\u0119 \u015awi\u0119tem Szko\u0142y, biblioteka szkolna zaprasza na wystaw\u0119 ksi\u0105\u017cek o naszej patronce \u2013 Marii Sk\u0142odowskiej-Curie.<\/p>\n\n\n\n<figure class=\"wp-block-gallery has-nested-images columns-default is-cropped wp-block-gallery-1 is-layout-flex wp-block-gallery-is-layout-flex\">\n<figure class=\"wp-block-image size-large\"><img loading=\"lazy\" decoding=\"async\" width=\"1024\" height=\"768\" data-id=\"21749\" src=\"https:\/\/5lo.lublin.pl\/wp-content\/uploads\/2022\/11\/3-1-1024x768.jpg\" alt=\"\" class=\"wp-image-21749\" srcset=\"https:\/\/5lo.lublin.pl\/wp-content\/uploads\/2022\/11\/3-1-1024x768.jpg 1024w, https:\/\/5lo.lublin.pl\/wp-content\/uploads\/2022\/11\/3-1-300x225.jpg 300w, https:\/\/5lo.lublin.pl\/wp-content\/uploads\/2022\/11\/3-1-768x576.jpg 768w, https:\/\/5lo.lublin.pl\/wp-content\/uploads\/2022\/11\/3-1-1536x1152.jpg 1536w, https:\/\/5lo.lublin.pl\/wp-content\/uploads\/2022\/11\/3-1-2048x1536.jpg 2048w\" sizes=\"(max-width: 1024px) 100vw, 1024px\" \/><figcaption>smart<\/figcaption><\/figure>\n\n\n\n<figure class=\"wp-block-image size-large\"><img loading=\"lazy\" decoding=\"async\" width=\"1024\" height=\"768\" data-id=\"21751\" src=\"https:\/\/5lo.lublin.pl\/wp-content\/uploads\/2022\/11\/1-1-1-1024x768.jpg\" alt=\"\" class=\"wp-image-21751\" srcset=\"https:\/\/5lo.lublin.pl\/wp-content\/uploads\/2022\/11\/1-1-1-1024x768.jpg 1024w, https:\/\/5lo.lublin.pl\/wp-content\/uploads\/2022\/11\/1-1-1-300x225.jpg 300w, https:\/\/5lo.lublin.pl\/wp-content\/uploads\/2022\/11\/1-1-1-768x576.jpg 768w, https:\/\/5lo.lublin.pl\/wp-content\/uploads\/2022\/11\/1-1-1-1536x1152.jpg 1536w, https:\/\/5lo.lublin.pl\/wp-content\/uploads\/2022\/11\/1-1-1-2048x1536.jpg 2048w\" sizes=\"(max-width: 1024px) 100vw, 1024px\" \/><figcaption>smart<\/figcaption><\/figure>\n\n\n\n<figure class=\"wp-block-image size-large\"><img loading=\"lazy\" decoding=\"async\" width=\"1024\" height=\"768\" data-id=\"21750\" src=\"https:\/\/5lo.lublin.pl\/wp-content\/uploads\/2022\/11\/2-1-1024x768.jpg\" alt=\"\" class=\"wp-image-21750\" srcset=\"https:\/\/5lo.lublin.pl\/wp-content\/uploads\/2022\/11\/2-1-1024x768.jpg 1024w, https:\/\/5lo.lublin.pl\/wp-content\/uploads\/2022\/11\/2-1-300x225.jpg 300w, https:\/\/5lo.lublin.pl\/wp-content\/uploads\/2022\/11\/2-1-768x576.jpg 768w, https:\/\/5lo.lublin.pl\/wp-content\/uploads\/2022\/11\/2-1-1536x1152.jpg 1536w, https:\/\/5lo.lublin.pl\/wp-content\/uploads\/2022\/11\/2-1-2048x1536.jpg 2048w\" sizes=\"(max-width: 1024px) 100vw, 1024px\" \/><figcaption>smart<\/figcaption><\/figure>\n<\/figure>\n","protected":false},"excerpt":{"rendered":"<p>W zwi\u0105zku ze zbli\u017caj\u0105cym si\u0119 \u015awi\u0119tem Szko\u0142y, biblioteka szkolna zaprasza na wystaw\u0119 ksi\u0105\u017cek o naszej patronce \u2013 Marii Sk\u0142odowskiej-Curie.<\/p>\n","protected":false},"author":29,"featured_media":21748,"comment_status":"closed","ping_status":"open","sticky":false,"template":"","format":"standard","meta":{"footnotes":""},"categories":[222,1,133,220],"tags":[],"_links":{"self":[{"href":"https:\/\/5lo.lublin.pl\/index.php?rest_route=\/wp\/v2\/posts\/21747"}],"collection":[{"href":"https:\/\/5lo.lublin.pl\/index.php?rest_route=\/wp\/v2\/posts"}],"about":[{"href":"https:\/\/5lo.lublin.pl\/index.php?rest_route=\/wp\/v2\/types\/post"}],"author":[{"embeddable":true,"href":"https:\/\/5lo.lublin.pl\/index.php?rest_route=\/wp\/v2\/users\/29"}],"replies":[{"embeddable":true,"href":"https:\/\/5lo.lublin.pl\/index.php?rest_route=%2Fwp%2Fv2%2Fcomments&post=21747"}],"version-history":[{"count":1,"href":"https:\/\/5lo.lublin.pl\/index.php?rest_route=\/wp\/v2\/posts\/21747\/revisions"}],"predecessor-version":[{"id":21752,"href":"https:\/\/5lo.lublin.pl\/index.php?rest_route=\/wp\/v2\/posts\/21747\/revisions\/21752"}],"wp:featuredmedia":[{"embeddable":true,"href":"https:\/\/5lo.lublin.pl\/index.php?rest_route=\/wp\/v2\/media\/21748"}],"wp:attachment":[{"href":"https:\/\/5lo.lublin.pl\/index.php?rest_route=%2Fwp%2Fv2%2Fmedia&parent=21747"}],"wp:term":[{"taxonomy":"category","embeddable":true,"href":"https:\/\/5lo.lublin.pl\/index.php?rest_route=%2Fwp%2Fv2%2Fcategories&post=21747"},{"taxonomy":"post_tag","embeddable":true,"href":"https:\/\/5lo.lublin.pl\/index.php?rest_route=%2Fwp%2Fv2%2Ftags&post=21747"}],"curies":[{"name":"wp","href":"https:\/\/api.w.org\/{rel}","templated":true}]}}